{"id":2201,"date":"2026-09-05T11:47:34","date_gmt":"2026-09-05T17:47:34","guid":{"rendered":"https:\/\/metropolitanonews.mx\/?p=2201"},"modified":"2026-09-05T11:47:35","modified_gmt":"2026-09-05T17:47:35","slug":"suicidio-o-atentado","status":"publish","type":"post","link":"https:\/\/metropolitanonews.mx\/?p=2201","title":{"rendered":"SUICIDIO O ATENTADO"},"content":{"rendered":"\n<p class=\"wp-block-paragraph\"><strong>Secas Mecas<br>OVED CONTRERAS<\/strong><\/p>\n\n\n\n<p class=\"wp-block-paragraph\"><strong>SUICIDIO O ATENTADO\u2026<\/strong>bajo circunstancias extra\u00f1as, la ma\u00f1ana de ayer fue encontrado sin vida el diputado federal por MORENA y exsecretario de Educaci\u00f3n de Veracruz, Zenyazen Roberto Escobar Garc\u00eda, en un paraje conocido como La Gloria en la carretera Xalapa-Veracruz, a la altura del municipio de Puente Nacional.<\/p>\n\n\n\n<p class=\"wp-block-paragraph\">El legislador fue encontrado al interior del autom\u00f3vil que conduc\u00eda, una unidad de la marca Mercedes-Benz color negro, que se encontraba estacionada en el \u00e1rea de acotamiento de la carretera con direcci\u00f3n al puerto de Veracruz. El cad\u00e1ver, seg\u00fan se observ\u00f3 en im\u00e1genes difundidas, ten\u00eda un disparo de arma de fuego y una pistola entre las piernas.<\/p>\n\n\n\n<p class=\"wp-block-paragraph\">\u201cEfectivamente, tuvimos esta noticia del evento, se est\u00e1 atendiendo. Apenas se constituy\u00f3 la tr\u00edada: peritos, fiscales, Polic\u00eda Ministerial, y se est\u00e1 investigando, se est\u00e1 integrando la carpeta de investigaci\u00f3n\u201d, dijo apresurada la fiscal Lizbeth Aurelia Jim\u00e9nez Aguirre quien evit\u00f3 confirmar si el diputado federal fue asesinado y sostuvo que, debido a que las diligencias acababan de comenzar, todav\u00eda no contaba con elementos para establecer las circunstancias de su muerte.<\/p>\n\n\n\n<p class=\"wp-block-paragraph\">\u201c\u00bfC\u00f3mo le puedo dar esa informaci\u00f3n si apenas estoy diciendo que se acaba de constituir Polic\u00eda Ministerial, Fiscal\u00eda y peritos? Yo no le puedo afirmar en este momento qu\u00e9 fue lo que ocurri\u00f3\u201d, respondi\u00f3 al ser cuestionada sobre un posible homicidio. La t\u00eda Yeya detall\u00f3 que peritos realizaban las primeras inspecciones y que la informaci\u00f3n comenzaba a fluir desde el lugar de los hechos. \u201cSolo les puedo confirmar el deceso. Es lo \u00fanico\u201d, puntualiz\u00f3.<\/p>\n\n\n\n<p class=\"wp-block-paragraph\">Sobre el sitio donde fue localizado el legislador, Jim\u00e9nez Aguirre indic\u00f3 que los hechos ocurrieron \u201cen un punto que se denomina La Gloria\u201d, sin proporcionar m\u00e1s detalles, lo que corresponder\u00eda al municipio de Puente Nacional. La Fiscal precis\u00f3 adem\u00e1s que \u00fanicamente se ten\u00eda confirmada un fallecido en el lugar de los hechos.<\/p>\n\n\n\n<p class=\"wp-block-paragraph\"><strong>NO FUE ATENTADO\u2026<\/strong>ante la ausencia de la gobernadora Roc\u00edo Nahle para hablar del caso, el pelonete Ricardo Ahued, secretario de Gobierno, le hizo al Sherlock Holmes&#8230;a las pocas horas confirm\u00f3 la noticia del deceso de Zenyazen y dio el veredicto de la pesquisa&#8230;.se suicid\u00f3&#8230;.utaa&#8230;pos que lo contraten para resolver los casos sin resolver de la fiscal\u00eda.<\/p>\n\n\n\n<p class=\"wp-block-paragraph\">Mientras la fiscala andaba de melindrosa con la informaci\u00f3n..el Ahued ya dict\u00f3 sentencia quesque Zenyazen solito se autodeport\u00f3 a los dominios de San Peter\u2026el pelonete Ahued en conferencia de prensa, descart\u00f3 que la muerte del diputado de Morena,&nbsp;haya sido resultado de un atentado\u2026que al interior del veh\u00edculo en el que se encontraba el legislador hab\u00eda un arma de fuego; sin embargo, se\u00f1al\u00f3 que&nbsp;no exist\u00edan rastros de violencia.<\/p>\n\n\n\n<p class=\"wp-block-paragraph\">\u201cPrecisamente, en las periciales se ve que fue con un arma de fuego, efectivamente.&nbsp;No fue un atentado&nbsp;porque el carro est\u00e1 a un lado (en el acotamiento), no se nota que haya sido mayor agresi\u00f3n al veh\u00edculo; fue interno\u201d, explic\u00f3 Ricardo Ahued.<\/p>\n\n\n\n<p class=\"wp-block-paragraph\">Algunos medios digitales consignaron reacciones como del diputado federal morenista por Coatzacoalcos, Enrique Villegas, quienes se adelantaron a la fiscal\u00eda y se\u00f1alaron que Zenyazen fue v\u00edctima de un atentado y que habr\u00eda un posicionamiento de la bancada para exigir justicia, pero la nota fue eliminada m\u00e1s tarde.<\/p>\n\n\n\n<p class=\"wp-block-paragraph\">La muerte de Zenyazen Escobar sacudi\u00f3 la esfera pol\u00edtica estatal porque era uno de los cuadros m\u00e1s representativos de Morena en la regi\u00f3n centro del estado. Se perfilaba para buscar la reelecci\u00f3n como diputado federal por C\u00f3rdoba.<\/p>\n\n\n\n<p class=\"wp-block-paragraph\">Aunque efectivamente no hay indicios de violencia en el veh\u00edculo de Zenyazen Escobar, la teor\u00eda del suicidio no se la creen ni los aplaudidores de palacio de gobierno&#8230;ora si que se la jalaron y a los tinterillos los agarraron fuera de lugar&#8230;muchos se quedaron con las ganas de salir a defender a la t\u00eda pero vino la orden que no le movieran mas al tema y que lo dejaran en manos de la fiscal\u00eda.<\/p>\n\n\n\n<p class=\"wp-block-paragraph\">La presidenta Claudia Sheinbaum Pardo afirm\u00f3 que cuando la Fiscal\u00eda General de la Rep\u00fablica (FGR) tenga m\u00e1s elementos sobre el fallecimiento del diputado de Morena,&nbsp;Zenyazen Escobar, &nbsp;la dependencia ahondar\u00e1 en los detalles.<\/p>\n\n\n\n<p class=\"wp-block-paragraph\">\u201cLa Fiscal\u00eda General de la Rep\u00fablica, como saben, atrajo el caso, y van a investigar, en el momento que tenga m\u00e1s avances pedimos que lo informen\u201d, se\u00f1al\u00f3&nbsp;la mandataria federal. Mientras que la gobernadora Roc\u00edo Nahle al igual que las alcaldesas de Veracruz y Boca del R\u00edo, Rosa Mar\u00eda Hern\u00e1ndez y Maryjose Gamboa, publicaron esquelas donde lamentaron el fallecimiento de Zenyazen Escobar y enviaron condolencias a la familia.<\/p>\n\n\n\n<p class=\"wp-block-paragraph\"><strong>GOLPE A LA DELINCUENCIA\u2026<\/strong>la fiscal\u00eda estatal a trav\u00e9s de la trilog\u00eda investigadora conformada por fiscales, peritos y polic\u00edas ministeriales, en cumplimiento de una orden de cateo autorizada por un juez, y en coordinaci\u00f3n con elementos de la Secretar\u00eda de la Defensa Nacional (SEDENA) y de la Secretar\u00eda de Seguridad P\u00fablica Estatal (SSP), realizaron una diligencia en un inmueble ubicado en el municipio de Tempoal.<\/p>\n\n\n\n<p class=\"wp-block-paragraph\">Durante el cateo fueron detenidos <em>Mar\u00eda Dionicio \u00abN\u00bb, Luz Nereyda \u00abN\u00bb y Celso \u00abN\u00bb<\/em>, como presuntos responsables de los delitos contra la salud y cohecho. A las personas detenidas se les investiga por su presunta relaci\u00f3n con un grupo delictivo generador de violencia en la regi\u00f3n norte del Estado.<\/p>\n\n\n\n<p class=\"wp-block-paragraph\">En el lugar fueron asegurados: bolsas que conten\u00edan hierba seca con caracter\u00edsticas similares a las de la marihuana, arma de fuego, material bal\u00edstico y dinero en efectivo por un monto preliminar de m\u00e1s de 15 millones de pesos, cantidad que es sometida al procedimiento correspondiente para su contabilizaci\u00f3n y determinaci\u00f3n oficial.<\/p>\n","protected":false},"excerpt":{"rendered":"<p>Secas MecasOVED CONTRERAS SUICIDIO O ATENTADO\u2026bajo circunstancias extra\u00f1as, la ma\u00f1ana de ayer fue encontrado sin vida el diputado federal por MORENA y exsecretario de Educaci\u00f3n de Veracruz, Zenyazen Roberto Escobar Garc\u00eda, en un paraje conocido como La Gloria en la carretera Xalapa-Veracruz, a la altura del municipio de Puente Nacional. El legislador fue encontrado al [&hellip;]<\/p>\n","protected":false},"author":12,"featured_media":2202,"comment_status":"open","ping_status":"open","sticky":false,"template":"","format":"standard","meta":{"_jetpack_newsletter_access":"","_jetpack_dont_email_post_to_subs":false,"_jetpack_newsletter_tier_id":0,"_jetpack_memberships_contains_paywalled_content":false,"_jetpack_memberships_contains_paid_content":false,"footnotes":""},"categories":[17],"tags":[95,40],"ppma_author":[72],"class_list":["post-2201","post","type-post","status-publish","format-standard","has-post-thumbnail","category-columnas","tag-ricardo-chua-agama","tag-veracruz"],"yoast_head":"<!-- This site is optimized with the Yoast SEO plugin v28.4 - https:\/\/yoast.com\/product\/yoast-seo-wordpress\/ -->\n<title>SUICIDIO O ATENTADO - Metropolitano News<\/title>\n<meta name=\"robots\" content=\"index, follow, max-snippet:-1, max-image-preview:large, max-video-preview:-1\" \/>\n<link rel=\"canonical\" href=\"https:\/\/metropolitanonews.mx\/?p=2201\" \/>\n<meta property=\"og:locale\" content=\"es_ES\" \/>\n<meta property=\"og:type\" content=\"article\" \/>\n<meta property=\"og:title\" content=\"SUICIDIO O ATENTADO - Metropolitano News\" \/>\n<meta property=\"og:description\" content=\"Secas MecasOVED CONTRERAS SUICIDIO O ATENTADO\u2026bajo circunstancias extra\u00f1as, la ma\u00f1ana de ayer fue encontrado sin vida el diputado federal por MORENA y exsecretario de Educaci\u00f3n de Veracruz, Zenyazen Roberto Escobar Garc\u00eda, en un paraje conocido como La Gloria en la carretera Xalapa-Veracruz, a la altura del municipio de Puente Nacional. El legislador fue encontrado al [&hellip;]\" \/>\n<meta property=\"og:url\" content=\"https:\/\/metropolitanonews.mx\/?p=2201\" \/>\n<meta property=\"og:site_name\" content=\"Metropolitano News\" \/>\n<meta property=\"article:published_time\" content=\"2026-09-05T17:47:34+00:00\" \/>\n<meta property=\"article:modified_time\" content=\"2026-09-05T17:47:35+00:00\" \/>\n<meta property=\"og:image\" content=\"https:\/\/metropolitanonews.mx\/wp-content\/uploads\/2026\/09\/PHOTO-2026-09-05-09-01-55.jpg\" \/>\n\t<meta property=\"og:image:width\" content=\"1100\" \/>\n\t<meta property=\"og:image:height\" content=\"718\" \/>\n\t<meta property=\"og:image:type\" content=\"image\/jpeg\" \/>\n<meta name=\"author\" content=\"Redaccion\" \/>\n<meta name=\"twitter:card\" content=\"summary_large_image\" \/>\n<meta name=\"twitter:label1\" content=\"Escrito por\" \/>\n\t<meta name=\"twitter:data1\" content=\"Redaccion\" \/>\n\t<meta name=\"twitter:label2\" content=\"Tiempo de lectura\" \/>\n\t<meta name=\"twitter:data2\" content=\"5 minutos\" \/>\n<script type=\"application\/ld+json\" class=\"yoast-schema-graph\">{\"@context\":\"https:\\\/\\\/schema.org\",\"@graph\":[{\"@type\":\"Article\",\"@id\":\"https:\\\/\\\/metropolitanonews.mx\\\/?p=2201#article\",\"isPartOf\":{\"@id\":\"https:\\\/\\\/metropolitanonews.mx\\\/?p=2201\"},\"author\":{\"name\":\"Redaccion\",\"@id\":\"https:\\\/\\\/metropolitanonews.mx\\\/#\\\/schema\\\/person\\\/5e143d068737b9206cdcb60ea7761ffa\"},\"headline\":\"SUICIDIO O ATENTADO\",\"datePublished\":\"2026-09-05T17:47:34+00:00\",\"dateModified\":\"2026-09-05T17:47:35+00:00\",\"mainEntityOfPage\":{\"@id\":\"https:\\\/\\\/metropolitanonews.mx\\\/?p=2201\"},\"wordCount\":992,\"commentCount\":0,\"image\":{\"@id\":\"https:\\\/\\\/metropolitanonews.mx\\\/?p=2201#primaryimage\"},\"thumbnailUrl\":\"https:\\\/\\\/metropolitanonews.mx\\\/wp-content\\\/uploads\\\/2026\\\/09\\\/PHOTO-2026-09-05-09-01-55.jpg\",\"keywords\":[\"Ricardo Chua Agama\",\"Veracruz\"],\"articleSection\":[\"Columnas\"],\"inLanguage\":\"es\",\"potentialAction\":[{\"@type\":\"CommentAction\",\"name\":\"Comment\",\"target\":[\"https:\\\/\\\/metropolitanonews.mx\\\/?p=2201#respond\"]}]},{\"@type\":\"WebPage\",\"@id\":\"https:\\\/\\\/metropolitanonews.mx\\\/?p=2201\",\"url\":\"https:\\\/\\\/metropolitanonews.mx\\\/?p=2201\",\"name\":\"SUICIDIO O ATENTADO - Metropolitano News\",\"isPartOf\":{\"@id\":\"https:\\\/\\\/metropolitanonews.mx\\\/#website\"},\"primaryImageOfPage\":{\"@id\":\"https:\\\/\\\/metropolitanonews.mx\\\/?p=2201#primaryimage\"},\"image\":{\"@id\":\"https:\\\/\\\/metropolitanonews.mx\\\/?p=2201#primaryimage\"},\"thumbnailUrl\":\"https:\\\/\\\/metropolitanonews.mx\\\/wp-content\\\/uploads\\\/2026\\\/09\\\/PHOTO-2026-09-05-09-01-55.jpg\",\"datePublished\":\"2026-09-05T17:47:34+00:00\",\"dateModified\":\"2026-09-05T17:47:35+00:00\",\"author\":{\"@id\":\"https:\\\/\\\/metropolitanonews.mx\\\/#\\\/schema\\\/person\\\/5e143d068737b9206cdcb60ea7761ffa\"},\"breadcrumb\":{\"@id\":\"https:\\\/\\\/metropolitanonews.mx\\\/?p=2201#breadcrumb\"},\"inLanguage\":\"es\",\"potentialAction\":[{\"@type\":\"ReadAction\",\"target\":[\"https:\\\/\\\/metropolitanonews.mx\\\/?p=2201\"]}]},{\"@type\":\"ImageObject\",\"inLanguage\":\"es\",\"@id\":\"https:\\\/\\\/metropolitanonews.mx\\\/?p=2201#primaryimage\",\"url\":\"https:\\\/\\\/metropolitanonews.mx\\\/wp-content\\\/uploads\\\/2026\\\/09\\\/PHOTO-2026-09-05-09-01-55.jpg\",\"contentUrl\":\"https:\\\/\\\/metropolitanonews.mx\\\/wp-content\\\/uploads\\\/2026\\\/09\\\/PHOTO-2026-09-05-09-01-55.jpg\",\"width\":1100,\"height\":718},{\"@type\":\"BreadcrumbList\",\"@id\":\"https:\\\/\\\/metropolitanonews.mx\\\/?p=2201#breadcrumb\",\"itemListElement\":[{\"@type\":\"ListItem\",\"position\":1,\"name\":\"Portada\",\"item\":\"https:\\\/\\\/metropolitanonews.mx\\\/\"},{\"@type\":\"ListItem\",\"position\":2,\"name\":\"SUICIDIO O ATENTADO\"}]},{\"@type\":\"WebSite\",\"@id\":\"https:\\\/\\\/metropolitanonews.mx\\\/#website\",\"url\":\"https:\\\/\\\/metropolitanonews.mx\\\/\",\"name\":\"Metropolitano News\",\"description\":\"\",\"potentialAction\":[{\"@type\":\"SearchAction\",\"target\":{\"@type\":\"EntryPoint\",\"urlTemplate\":\"https:\\\/\\\/metropolitanonews.mx\\\/?s={search_term_string}\"},\"query-input\":{\"@type\":\"PropertyValueSpecification\",\"valueRequired\":true,\"valueName\":\"search_term_string\"}}],\"inLanguage\":\"es\"},{\"@type\":\"Person\",\"@id\":\"https:\\\/\\\/metropolitanonews.mx\\\/#\\\/schema\\\/person\\\/5e143d068737b9206cdcb60ea7761ffa\",\"name\":\"Redaccion\",\"image\":{\"@type\":\"ImageObject\",\"inLanguage\":\"es\",\"@id\":\"https:\\\/\\\/secure.gravatar.com\\\/avatar\\\/a121e7ba078b27046b6a11dd9ec39512b64e27b6dca4ff1e7d54167208093ba8?s=96&d=mm&r=ga2145a6ac8df3cd2db9e7e95baa980ec\",\"url\":\"https:\\\/\\\/secure.gravatar.com\\\/avatar\\\/a121e7ba078b27046b6a11dd9ec39512b64e27b6dca4ff1e7d54167208093ba8?s=96&d=mm&r=g\",\"contentUrl\":\"https:\\\/\\\/secure.gravatar.com\\\/avatar\\\/a121e7ba078b27046b6a11dd9ec39512b64e27b6dca4ff1e7d54167208093ba8?s=96&d=mm&r=g\",\"caption\":\"Redaccion\"},\"sameAs\":[\"http:\\\/\\\/metrpolinatonews.mx\"],\"url\":\"https:\\\/\\\/metropolitanonews.mx\\\/?author=12\"}]}<\/script>\n<!-- \/ Yoast SEO plugin. -->","yoast_head_json":{"title":"SUICIDIO O ATENTADO - Metropolitano News","robots":{"index":"index","follow":"follow","max-snippet":"max-snippet:-1","max-image-preview":"max-image-preview:large","max-video-preview":"max-video-preview:-1"},"canonical":"https:\/\/metropolitanonews.mx\/?p=2201","og_locale":"es_ES","og_type":"article","og_title":"SUICIDIO O ATENTADO - Metropolitano News","og_description":"Secas MecasOVED CONTRERAS SUICIDIO O ATENTADO\u2026bajo circunstancias extra\u00f1as, la ma\u00f1ana de ayer fue encontrado sin vida el diputado federal por MORENA y exsecretario de Educaci\u00f3n de Veracruz, Zenyazen Roberto Escobar Garc\u00eda, en un paraje conocido como La Gloria en la carretera Xalapa-Veracruz, a la altura del municipio de Puente Nacional. El legislador fue encontrado al [&hellip;]","og_url":"https:\/\/metropolitanonews.mx\/?p=2201","og_site_name":"Metropolitano News","article_published_time":"2026-09-05T17:47:34+00:00","article_modified_time":"2026-09-05T17:47:35+00:00","og_image":[{"width":1100,"height":718,"url":"https:\/\/metropolitanonews.mx\/wp-content\/uploads\/2026\/09\/PHOTO-2026-09-05-09-01-55.jpg","type":"image\/jpeg"}],"author":"Redaccion","twitter_card":"summary_large_image","twitter_misc":{"Escrito por":"Redaccion","Tiempo de lectura":"5 minutos"},"schema":{"@context":"https:\/\/schema.org","@graph":[{"@type":"Article","@id":"https:\/\/metropolitanonews.mx\/?p=2201#article","isPartOf":{"@id":"https:\/\/metropolitanonews.mx\/?p=2201"},"author":{"name":"Redaccion","@id":"https:\/\/metropolitanonews.mx\/#\/schema\/person\/5e143d068737b9206cdcb60ea7761ffa"},"headline":"SUICIDIO O ATENTADO","datePublished":"2026-09-05T17:47:34+00:00","dateModified":"2026-09-05T17:47:35+00:00","mainEntityOfPage":{"@id":"https:\/\/metropolitanonews.mx\/?p=2201"},"wordCount":992,"commentCount":0,"image":{"@id":"https:\/\/metropolitanonews.mx\/?p=2201#primaryimage"},"thumbnailUrl":"https:\/\/metropolitanonews.mx\/wp-content\/uploads\/2026\/09\/PHOTO-2026-09-05-09-01-55.jpg","keywords":["Ricardo Chua Agama","Veracruz"],"articleSection":["Columnas"],"inLanguage":"es","potentialAction":[{"@type":"CommentAction","name":"Comment","target":["https:\/\/metropolitanonews.mx\/?p=2201#respond"]}]},{"@type":"WebPage","@id":"https:\/\/metropolitanonews.mx\/?p=2201","url":"https:\/\/metropolitanonews.mx\/?p=2201","name":"SUICIDIO O ATENTADO - Metropolitano News","isPartOf":{"@id":"https:\/\/metropolitanonews.mx\/#website"},"primaryImageOfPage":{"@id":"https:\/\/metropolitanonews.mx\/?p=2201#primaryimage"},"image":{"@id":"https:\/\/metropolitanonews.mx\/?p=2201#primaryimage"},"thumbnailUrl":"https:\/\/metropolitanonews.mx\/wp-content\/uploads\/2026\/09\/PHOTO-2026-09-05-09-01-55.jpg","datePublished":"2026-09-05T17:47:34+00:00","dateModified":"2026-09-05T17:47:35+00:00","author":{"@id":"https:\/\/metropolitanonews.mx\/#\/schema\/person\/5e143d068737b9206cdcb60ea7761ffa"},"breadcrumb":{"@id":"https:\/\/metropolitanonews.mx\/?p=2201#breadcrumb"},"inLanguage":"es","potentialAction":[{"@type":"ReadAction","target":["https:\/\/metropolitanonews.mx\/?p=2201"]}]},{"@type":"ImageObject","inLanguage":"es","@id":"https:\/\/metropolitanonews.mx\/?p=2201#primaryimage","url":"https:\/\/metropolitanonews.mx\/wp-content\/uploads\/2026\/09\/PHOTO-2026-09-05-09-01-55.jpg","contentUrl":"https:\/\/metropolitanonews.mx\/wp-content\/uploads\/2026\/09\/PHOTO-2026-09-05-09-01-55.jpg","width":1100,"height":718},{"@type":"BreadcrumbList","@id":"https:\/\/metropolitanonews.mx\/?p=2201#breadcrumb","itemListElement":[{"@type":"ListItem","position":1,"name":"Portada","item":"https:\/\/metropolitanonews.mx\/"},{"@type":"ListItem","position":2,"name":"SUICIDIO O ATENTADO"}]},{"@type":"WebSite","@id":"https:\/\/metropolitanonews.mx\/#website","url":"https:\/\/metropolitanonews.mx\/","name":"Metropolitano News","description":"","potentialAction":[{"@type":"SearchAction","target":{"@type":"EntryPoint","urlTemplate":"https:\/\/metropolitanonews.mx\/?s={search_term_string}"},"query-input":{"@type":"PropertyValueSpecification","valueRequired":true,"valueName":"search_term_string"}}],"inLanguage":"es"},{"@type":"Person","@id":"https:\/\/metropolitanonews.mx\/#\/schema\/person\/5e143d068737b9206cdcb60ea7761ffa","name":"Redaccion","image":{"@type":"ImageObject","inLanguage":"es","@id":"https:\/\/secure.gravatar.com\/avatar\/a121e7ba078b27046b6a11dd9ec39512b64e27b6dca4ff1e7d54167208093ba8?s=96&d=mm&r=ga2145a6ac8df3cd2db9e7e95baa980ec","url":"https:\/\/secure.gravatar.com\/avatar\/a121e7ba078b27046b6a11dd9ec39512b64e27b6dca4ff1e7d54167208093ba8?s=96&d=mm&r=g","contentUrl":"https:\/\/secure.gravatar.com\/avatar\/a121e7ba078b27046b6a11dd9ec39512b64e27b6dca4ff1e7d54167208093ba8?s=96&d=mm&r=g","caption":"Redaccion"},"sameAs":["http:\/\/metrpolinatonews.mx"],"url":"https:\/\/metropolitanonews.mx\/?author=12"}]}},"jetpack_sharing_enabled":true,"authors":[{"term_id":72,"user_id":12,"is_guest":0,"slug":"redaccion","display_name":"Redaccion","avatar_url":"https:\/\/secure.gravatar.com\/avatar\/a121e7ba078b27046b6a11dd9ec39512b64e27b6dca4ff1e7d54167208093ba8?s=96&d=mm&r=g","author_category":"","first_name":"Ra\u00fal","last_name":"Mart\u00ednez","user_url":"http:\/\/metrpolinatonews.mx","job_title":"","description":""}],"jetpack_featured_media_url":"https:\/\/metropolitanonews.mx\/wp-content\/uploads\/2026\/09\/PHOTO-2026-09-05-09-01-55.jpg","_links":{"self":[{"href":"https:\/\/metropolitanonews.mx\/index.php?rest_route=\/wp\/v2\/posts\/2201","targetHints":{"allow":["GET"]}}],"collection":[{"href":"https:\/\/metropolitanonews.mx\/index.php?rest_route=\/wp\/v2\/posts"}],"about":[{"href":"https:\/\/metropolitanonews.mx\/index.php?rest_route=\/wp\/v2\/types\/post"}],"author":[{"embeddable":true,"href":"https:\/\/metropolitanonews.mx\/index.php?rest_route=\/wp\/v2\/users\/12"}],"replies":[{"embeddable":true,"href":"https:\/\/metropolitanonews.mx\/index.php?rest_route=%2Fwp%2Fv2%2Fcomments&post=2201"}],"version-history":[{"count":1,"href":"https:\/\/metropolitanonews.mx\/index.php?rest_route=\/wp\/v2\/posts\/2201\/revisions"}],"predecessor-version":[{"id":2203,"href":"https:\/\/metropolitanonews.mx\/index.php?rest_route=\/wp\/v2\/posts\/2201\/revisions\/2203"}],"wp:featuredmedia":[{"embeddable":true,"href":"https:\/\/metropolitanonews.mx\/index.php?rest_route=\/wp\/v2\/media\/2202"}],"wp:attachment":[{"href":"https:\/\/metropolitanonews.mx\/index.php?rest_route=%2Fwp%2Fv2%2Fmedia&parent=2201"}],"wp:term":[{"taxonomy":"category","embeddable":true,"href":"https:\/\/metropolitanonews.mx\/index.php?rest_route=%2Fwp%2Fv2%2Fcategories&post=2201"},{"taxonomy":"post_tag","embeddable":true,"href":"https:\/\/metropolitanonews.mx\/index.php?rest_route=%2Fwp%2Fv2%2Ftags&post=2201"},{"taxonomy":"author","embeddable":true,"href":"https:\/\/metropolitanonews.mx\/index.php?rest_route=%2Fwp%2Fv2%2Fppma_author&post=2201"}],"curies":[{"name":"wp","href":"https:\/\/api.w.org\/{rel}","templated":true}]}}