{"id":2198,"date":"2026-09-05T11:41:11","date_gmt":"2026-09-05T17:41:11","guid":{"rendered":"https:\/\/metropolitanonews.mx\/?p=2198"},"modified":"2026-09-05T11:41:12","modified_gmt":"2026-09-05T17:41:12","slug":"shienbaum-harfuch-y-zenyazen","status":"publish","type":"post","link":"https:\/\/metropolitanonews.mx\/?p=2198","title":{"rendered":"SHIENBAUM, HARFUCH Y ZENYAZEN.."},"content":{"rendered":"\n<p class=\"wp-block-paragraph\"><strong>Sale y Vale <br>Ricardo Chua Agama<\/strong><\/p>\n\n\n\n<p class=\"wp-block-paragraph\">Vaya situaci\u00f3n la que provoc\u00f3 la muerte del diputado federal veracruzano de MORENA, Zenyazen Escobar Garc\u00eda.. Que fue encontrado muerto, con un balazo en la cabeza, a un costado de la autopista Xalapa-Cardel, a la altura de Chichicaxtle, ayer por la ma\u00f1ana.. Mucho se ha escrito ya del tema y de la pol\u00e9mica generada en torno a su muerte.. Tanto as\u00ed que provoc\u00f3 que la Fiscal\u00eda General de la Rep\u00fablica (FGR) atrajera el caso y sea esta dependencia la que investigue la causa de la muerte.. Dejando fuera del caso a Veracruz y ser\u00e1 el gobierno federal junto con la FGR los encargados de investigar el motivo de su fallecimiento..<\/p>\n\n\n\n<p class=\"wp-block-paragraph\">Sobre todo despu\u00e9s de que se especul\u00f3, que el gobierno estatal de Veracruz anunciaba que fue un SUICIDIO la causa de la muerte del legislador federal cordob\u00e9s.. Versi\u00f3n que se cay\u00f3 enseguida, porque en las redes sociales hicieron viral el asunto de que Zenyazen, no se suicid\u00f3, que lo mataron en ese carro donde lo hallaron ayer por la ma\u00f1ana.. Y es que uno de los principales ERRORES cometidos por Palacio de Gobierno de Xalapa, fue poner a Ricardo Ahued, el secretario de Gobierno, un tipo limitado en temas forenses, para que diera la cara poco despu\u00e9s de la noticia de la muerte de Zenyazen.. Eso fue un ERROR FATAL..<\/p>\n\n\n\n<p class=\"wp-block-paragraph\">Ya que con la explicaci\u00f3n de Ricardo Ahued.. El tema dej\u00f3 m\u00e1s dudas que aciertos.. Se empez\u00f3 a manejar en el imaginario colectivo, que el gobierno estatal quer\u00eda desviar la atenci\u00f3n hac\u00eda un suicidio, que a un atentado.. Y con razones poco claras, con nerviosismo evidente cuando enfrent\u00f3 a la prensa por Ricard Ahued.. Todo qued\u00f3 bajo sospecha.. Pero se insiste, el error fue mandar a Ahued al ruedo.. No a otro, con un poco m\u00e1s de capacidad medi\u00e1tica y pol\u00edtica o por lo menos dejar que la Fiscal de Veracruz, Lisbeth Aurelia Jim\u00e9nez Aguirre se hiciera cargo de lo medi\u00e1tico y no hubiera ocurrido tal error.. Pero todo se \u00abderrumb\u00f3\u00bb..<\/p>\n\n\n\n<p class=\"wp-block-paragraph\">Ahora el gobierno de Veracruz tendr\u00e1 que lidiar con este tema.. Porque la sociedad civil se qued\u00f3 con la idea, que se intentaba ocultar algo y que la extra\u00f1a muerte de Zenyazen, fue un homicidio premeditado.. Y por lo trascendente del caso, es que esto se convirti\u00f3 en un MAGNICIDIO.. Ahora en redes sociales, la ciudadan\u00eda de Veracruz pide que sea el secretario de Seguridad P\u00fablica federal, Omar Garc\u00eda Harfuch, sea el encargado de investigar el presunto crimen de Zenyazen Escobar.. Ya que no conf\u00edan en nadie m\u00e1s.. Para que \u00e9ste d\u00e9 con el paradero de los presuntos culpables, si es que estos existen o estos est\u00e9n a\u00fan con vida..<\/p>\n\n\n\n<p class=\"wp-block-paragraph\">Esto debido a los \u00abgolpes\u00bb en contra de los cr\u00edmenes a pol\u00edticos, que ha dado Harfuch en los \u00faltimos d\u00edas.. Como es la detenci\u00f3n de los presuntos asesinos del alcalde Carlos Manzo, l\u00edder extinto del Movimiento del Sombrero en Michoac\u00e1n.. Como algunos otros m\u00e1s.. Motivo por el cual, es que la sociedad conf\u00eda m\u00e1s en la operatividad del gobierno federal, que el gobierno de Veracruz.. Eso queda m\u00e1s que claro.. Sobre todo de las explicaciones poco claras de Ricardo Ahued.. Lo cual dej\u00f3 muy mal parado al gobierno del Estado y ahora es un \u00abfrente\u00bb m\u00e1s que tendr\u00e1 que enfrentar la gobernadora Roc\u00edo Nahle..<\/p>\n\n\n\n<p class=\"wp-block-paragraph\">Ya que independientemente de la manera en que falleci\u00f3 el diputado.. El decir que no hubo atentado, s\u00f3lo que muri\u00f3 por un disparo en la cabeza.. Caus\u00f3 mucha indignaci\u00f3n en las redes sociales, as\u00ed como la burla de la sociedad en general.. As\u00ed que ahora todo estar\u00e1 en manos de la FGR, que estar\u00e1 avanzando las pesquisas del caso e informando a Palacio Nacional.. Finalmente, era algo que as\u00ed ten\u00eda que pasar porque Zenyazen, no era un pol\u00edtico cualquiera.. Fue un alto funcionario del gobierno estatal pasado y era el coordinador de la bancada veracruzana de MORENA en la c\u00e1mara de diputados federales..<\/p>\n\n\n\n<p class=\"wp-block-paragraph\">Obvio que este caso.. Volver\u00e1 a \u00abencender\u00bb las \u00abluces rojas\u00bb en Veracruz en el tema de la violencia e inseguridad.. Ya que si lograron penetrar en el c\u00edrculo \u00edntimo de un diputado federal, que siempre ten\u00eda seguridad personal.. Que se podr\u00eda esperar, si el asesinado fuera una persona com\u00fan y corriente.. El que presuntamente hayan asesinado de esa manera, poco clara y oscura, a Zenyazen Escobar deja abierta la puerta para que las redes sociales, se ensa\u00f1en con el Estado hablando de una violencia e inseguridad muy grande.. Este caso traer\u00e1 muchos problemas al actual gobierno de la 4T en el Estado..<\/p>\n\n\n\n<p class=\"wp-block-paragraph\">Al final de cuentas, Zenyazen Escobar era un pol\u00edtico muy poderoso dentro de la 4T en Veracruz.. Fue precursor de la candidatura de Roc\u00edo Nahle en MORENA a gobernador por Veracruz.. Fue diputado local y titular de la SEV en el sexenio de Cuitl\u00e1huac Garc\u00eda.. Su paso fue muy medi\u00e1tico en el Congreso de la Uni\u00f3n.. Protagoniz\u00f3 esc\u00e1ndalos muy fuertes como el famoso yate incendi\u00e1ndose en la Riviera Veracruzana, con femeninas lesionadas y cuando ret\u00f3 a golpes a legisladores priistas en el pleno de la c\u00e1mara de diputados.. En pocas palabras, no era un legislador cualquiera..<\/p>\n\n\n\n<p class=\"wp-block-paragraph\">Por eso, la especulaci\u00f3n y las versiones le ganaron los espacios a los hechos conforme se iban desarrollando, despu\u00e9s de que Zenyazen fue encontrado muerto.. Sobre todo despu\u00e9s de que Ricardo Ahued evaden hablar del suicidio, pero dice que no hubo atentando en contra del diputado, pero que fue muerto a balazos.. Una estrateg\u00eda medi\u00e1tica pol\u00edtica muy mal llevada por el gobierno del Estado, ante un presunto crimen de uno de sus miembros de la 4T m\u00e1s reconocidos en Veracruz.. Ah\u00ed todo cay\u00f3 en \u00abcascada\u00bb y tuvo que entrar Palacio Nacional en \u00abrescate\u00bb de la administraci\u00f3n estatal.. Ahora esperar avances..<\/p>\n\n\n\n<p class=\"wp-block-paragraph\"><strong>REFLEXI\u00d3N.. <\/strong>Ya hay muchas especulaciones en torno a la muerte de Zenyazen.. Que no muy halagadoras para el gobierno de Veracruz y la 4T.. Si alguien quiso con este presunto crimen DESESTABILIZAR la administraci\u00f3n de Roc\u00edo Nahle, casi lo logra.. Las redes sociales est\u00e1n imparables.. Esta muerte a meses del proceso electoral, pone en riesgo esta elecci\u00f3n.. Con Zenyazen ya es el segundo diputado federal que matan en Veracruz en la administraci\u00f3n de Nahle, el primero fue el 9 de diciembre del 2024, con Benito Aguas, legislador del PVEM.. Curiosamente los dos miembros de la 4T.. Eso pone peor el umbral de MORENA alrededor de su clase pol\u00edtica.. Todos corren riesgos.. Ahora habr\u00e1 que ver si Harfuch encuentra a los presuntos asesinos o confirman la teoria del suicidio.. En poco tiempo lo sabremos.. QDEP EL ZEN.. AMEN..<\/p>\n","protected":false},"excerpt":{"rendered":"<p>Sale y Vale Ricardo Chua Agama Vaya situaci\u00f3n la que provoc\u00f3 la muerte del diputado federal veracruzano de MORENA, Zenyazen Escobar Garc\u00eda.. Que fue encontrado muerto, con un balazo en la cabeza, a un costado de la autopista Xalapa-Cardel, a la altura de Chichicaxtle, ayer por la ma\u00f1ana.. Mucho se ha escrito ya del tema [&hellip;]<\/p>\n","protected":false},"author":12,"featured_media":2199,"comment_status":"open","ping_status":"open","sticky":false,"template":"","format":"standard","meta":{"_jetpack_newsletter_access":"","_jetpack_dont_email_post_to_subs":false,"_jetpack_newsletter_tier_id":0,"_jetpack_memberships_contains_paywalled_content":false,"_jetpack_memberships_contains_paid_content":false,"footnotes":""},"categories":[17],"tags":[95,40],"ppma_author":[72],"class_list":["post-2198","post","type-post","status-publish","format-standard","has-post-thumbnail","category-columnas","tag-ricardo-chua-agama","tag-veracruz"],"yoast_head":"<!-- This site is optimized with the Yoast SEO plugin v28.4 - https:\/\/yoast.com\/product\/yoast-seo-wordpress\/ -->\n<title>SHIENBAUM, HARFUCH Y ZENYAZEN.. - Metropolitano News<\/title>\n<meta name=\"robots\" content=\"index, follow, max-snippet:-1, max-image-preview:large, max-video-preview:-1\" \/>\n<link rel=\"canonical\" href=\"https:\/\/metropolitanonews.mx\/?p=2198\" \/>\n<meta property=\"og:locale\" content=\"es_ES\" \/>\n<meta property=\"og:type\" content=\"article\" \/>\n<meta property=\"og:title\" content=\"SHIENBAUM, HARFUCH Y ZENYAZEN.. - Metropolitano News\" \/>\n<meta property=\"og:description\" content=\"Sale y Vale Ricardo Chua Agama Vaya situaci\u00f3n la que provoc\u00f3 la muerte del diputado federal veracruzano de MORENA, Zenyazen Escobar Garc\u00eda.. Que fue encontrado muerto, con un balazo en la cabeza, a un costado de la autopista Xalapa-Cardel, a la altura de Chichicaxtle, ayer por la ma\u00f1ana.. Mucho se ha escrito ya del tema [&hellip;]\" \/>\n<meta property=\"og:url\" content=\"https:\/\/metropolitanonews.mx\/?p=2198\" \/>\n<meta property=\"og:site_name\" content=\"Metropolitano News\" \/>\n<meta property=\"article:published_time\" content=\"2026-09-05T17:41:11+00:00\" \/>\n<meta property=\"article:modified_time\" content=\"2026-09-05T17:41:12+00:00\" \/>\n<meta property=\"og:image\" content=\"https:\/\/metropolitanonews.mx\/wp-content\/uploads\/2026\/09\/PHOTO-2026-09-05-08-21-44.jpg\" \/>\n\t<meta property=\"og:image:width\" content=\"1600\" \/>\n\t<meta property=\"og:image:height\" content=\"1132\" \/>\n\t<meta property=\"og:image:type\" content=\"image\/jpeg\" \/>\n<meta name=\"author\" content=\"Redaccion\" \/>\n<meta name=\"twitter:card\" content=\"summary_large_image\" \/>\n<meta name=\"twitter:label1\" content=\"Escrito por\" \/>\n\t<meta name=\"twitter:data1\" content=\"Redaccion\" \/>\n\t<meta name=\"twitter:label2\" content=\"Tiempo de lectura\" \/>\n\t<meta name=\"twitter:data2\" content=\"6 minutos\" \/>\n<script type=\"application\/ld+json\" class=\"yoast-schema-graph\">{\"@context\":\"https:\\\/\\\/schema.org\",\"@graph\":[{\"@type\":\"Article\",\"@id\":\"https:\\\/\\\/metropolitanonews.mx\\\/?p=2198#article\",\"isPartOf\":{\"@id\":\"https:\\\/\\\/metropolitanonews.mx\\\/?p=2198\"},\"author\":{\"name\":\"Redaccion\",\"@id\":\"https:\\\/\\\/metropolitanonews.mx\\\/#\\\/schema\\\/person\\\/5e143d068737b9206cdcb60ea7761ffa\"},\"headline\":\"SHIENBAUM, HARFUCH Y ZENYAZEN..\",\"datePublished\":\"2026-09-05T17:41:11+00:00\",\"dateModified\":\"2026-09-05T17:41:12+00:00\",\"mainEntityOfPage\":{\"@id\":\"https:\\\/\\\/metropolitanonews.mx\\\/?p=2198\"},\"wordCount\":1166,\"commentCount\":0,\"image\":{\"@id\":\"https:\\\/\\\/metropolitanonews.mx\\\/?p=2198#primaryimage\"},\"thumbnailUrl\":\"https:\\\/\\\/metropolitanonews.mx\\\/wp-content\\\/uploads\\\/2026\\\/09\\\/PHOTO-2026-09-05-08-21-44.jpg\",\"keywords\":[\"Ricardo Chua Agama\",\"Veracruz\"],\"articleSection\":[\"Columnas\"],\"inLanguage\":\"es\",\"potentialAction\":[{\"@type\":\"CommentAction\",\"name\":\"Comment\",\"target\":[\"https:\\\/\\\/metropolitanonews.mx\\\/?p=2198#respond\"]}]},{\"@type\":\"WebPage\",\"@id\":\"https:\\\/\\\/metropolitanonews.mx\\\/?p=2198\",\"url\":\"https:\\\/\\\/metropolitanonews.mx\\\/?p=2198\",\"name\":\"SHIENBAUM, HARFUCH Y ZENYAZEN.. - Metropolitano News\",\"isPartOf\":{\"@id\":\"https:\\\/\\\/metropolitanonews.mx\\\/#website\"},\"primaryImageOfPage\":{\"@id\":\"https:\\\/\\\/metropolitanonews.mx\\\/?p=2198#primaryimage\"},\"image\":{\"@id\":\"https:\\\/\\\/metropolitanonews.mx\\\/?p=2198#primaryimage\"},\"thumbnailUrl\":\"https:\\\/\\\/metropolitanonews.mx\\\/wp-content\\\/uploads\\\/2026\\\/09\\\/PHOTO-2026-09-05-08-21-44.jpg\",\"datePublished\":\"2026-09-05T17:41:11+00:00\",\"dateModified\":\"2026-09-05T17:41:12+00:00\",\"author\":{\"@id\":\"https:\\\/\\\/metropolitanonews.mx\\\/#\\\/schema\\\/person\\\/5e143d068737b9206cdcb60ea7761ffa\"},\"breadcrumb\":{\"@id\":\"https:\\\/\\\/metropolitanonews.mx\\\/?p=2198#breadcrumb\"},\"inLanguage\":\"es\",\"potentialAction\":[{\"@type\":\"ReadAction\",\"target\":[\"https:\\\/\\\/metropolitanonews.mx\\\/?p=2198\"]}]},{\"@type\":\"ImageObject\",\"inLanguage\":\"es\",\"@id\":\"https:\\\/\\\/metropolitanonews.mx\\\/?p=2198#primaryimage\",\"url\":\"https:\\\/\\\/metropolitanonews.mx\\\/wp-content\\\/uploads\\\/2026\\\/09\\\/PHOTO-2026-09-05-08-21-44.jpg\",\"contentUrl\":\"https:\\\/\\\/metropolitanonews.mx\\\/wp-content\\\/uploads\\\/2026\\\/09\\\/PHOTO-2026-09-05-08-21-44.jpg\",\"width\":1600,\"height\":1132},{\"@type\":\"BreadcrumbList\",\"@id\":\"https:\\\/\\\/metropolitanonews.mx\\\/?p=2198#breadcrumb\",\"itemListElement\":[{\"@type\":\"ListItem\",\"position\":1,\"name\":\"Portada\",\"item\":\"https:\\\/\\\/metropolitanonews.mx\\\/\"},{\"@type\":\"ListItem\",\"position\":2,\"name\":\"SHIENBAUM, HARFUCH Y ZENYAZEN..\"}]},{\"@type\":\"WebSite\",\"@id\":\"https:\\\/\\\/metropolitanonews.mx\\\/#website\",\"url\":\"https:\\\/\\\/metropolitanonews.mx\\\/\",\"name\":\"Metropolitano News\",\"description\":\"\",\"potentialAction\":[{\"@type\":\"SearchAction\",\"target\":{\"@type\":\"EntryPoint\",\"urlTemplate\":\"https:\\\/\\\/metropolitanonews.mx\\\/?s={search_term_string}\"},\"query-input\":{\"@type\":\"PropertyValueSpecification\",\"valueRequired\":true,\"valueName\":\"search_term_string\"}}],\"inLanguage\":\"es\"},{\"@type\":\"Person\",\"@id\":\"https:\\\/\\\/metropolitanonews.mx\\\/#\\\/schema\\\/person\\\/5e143d068737b9206cdcb60ea7761ffa\",\"name\":\"Redaccion\",\"image\":{\"@type\":\"ImageObject\",\"inLanguage\":\"es\",\"@id\":\"https:\\\/\\\/secure.gravatar.com\\\/avatar\\\/a121e7ba078b27046b6a11dd9ec39512b64e27b6dca4ff1e7d54167208093ba8?s=96&d=mm&r=ga2145a6ac8df3cd2db9e7e95baa980ec\",\"url\":\"https:\\\/\\\/secure.gravatar.com\\\/avatar\\\/a121e7ba078b27046b6a11dd9ec39512b64e27b6dca4ff1e7d54167208093ba8?s=96&d=mm&r=g\",\"contentUrl\":\"https:\\\/\\\/secure.gravatar.com\\\/avatar\\\/a121e7ba078b27046b6a11dd9ec39512b64e27b6dca4ff1e7d54167208093ba8?s=96&d=mm&r=g\",\"caption\":\"Redaccion\"},\"sameAs\":[\"http:\\\/\\\/metrpolinatonews.mx\"],\"url\":\"https:\\\/\\\/metropolitanonews.mx\\\/?author=12\"}]}<\/script>\n<!-- \/ Yoast SEO plugin. -->","yoast_head_json":{"title":"SHIENBAUM, HARFUCH Y ZENYAZEN.. - Metropolitano News","robots":{"index":"index","follow":"follow","max-snippet":"max-snippet:-1","max-image-preview":"max-image-preview:large","max-video-preview":"max-video-preview:-1"},"canonical":"https:\/\/metropolitanonews.mx\/?p=2198","og_locale":"es_ES","og_type":"article","og_title":"SHIENBAUM, HARFUCH Y ZENYAZEN.. - Metropolitano News","og_description":"Sale y Vale Ricardo Chua Agama Vaya situaci\u00f3n la que provoc\u00f3 la muerte del diputado federal veracruzano de MORENA, Zenyazen Escobar Garc\u00eda.. Que fue encontrado muerto, con un balazo en la cabeza, a un costado de la autopista Xalapa-Cardel, a la altura de Chichicaxtle, ayer por la ma\u00f1ana.. Mucho se ha escrito ya del tema [&hellip;]","og_url":"https:\/\/metropolitanonews.mx\/?p=2198","og_site_name":"Metropolitano News","article_published_time":"2026-09-05T17:41:11+00:00","article_modified_time":"2026-09-05T17:41:12+00:00","og_image":[{"width":1600,"height":1132,"url":"https:\/\/metropolitanonews.mx\/wp-content\/uploads\/2026\/09\/PHOTO-2026-09-05-08-21-44.jpg","type":"image\/jpeg"}],"author":"Redaccion","twitter_card":"summary_large_image","twitter_misc":{"Escrito por":"Redaccion","Tiempo de lectura":"6 minutos"},"schema":{"@context":"https:\/\/schema.org","@graph":[{"@type":"Article","@id":"https:\/\/metropolitanonews.mx\/?p=2198#article","isPartOf":{"@id":"https:\/\/metropolitanonews.mx\/?p=2198"},"author":{"name":"Redaccion","@id":"https:\/\/metropolitanonews.mx\/#\/schema\/person\/5e143d068737b9206cdcb60ea7761ffa"},"headline":"SHIENBAUM, HARFUCH Y ZENYAZEN..","datePublished":"2026-09-05T17:41:11+00:00","dateModified":"2026-09-05T17:41:12+00:00","mainEntityOfPage":{"@id":"https:\/\/metropolitanonews.mx\/?p=2198"},"wordCount":1166,"commentCount":0,"image":{"@id":"https:\/\/metropolitanonews.mx\/?p=2198#primaryimage"},"thumbnailUrl":"https:\/\/metropolitanonews.mx\/wp-content\/uploads\/2026\/09\/PHOTO-2026-09-05-08-21-44.jpg","keywords":["Ricardo Chua Agama","Veracruz"],"articleSection":["Columnas"],"inLanguage":"es","potentialAction":[{"@type":"CommentAction","name":"Comment","target":["https:\/\/metropolitanonews.mx\/?p=2198#respond"]}]},{"@type":"WebPage","@id":"https:\/\/metropolitanonews.mx\/?p=2198","url":"https:\/\/metropolitanonews.mx\/?p=2198","name":"SHIENBAUM, HARFUCH Y ZENYAZEN.. - Metropolitano News","isPartOf":{"@id":"https:\/\/metropolitanonews.mx\/#website"},"primaryImageOfPage":{"@id":"https:\/\/metropolitanonews.mx\/?p=2198#primaryimage"},"image":{"@id":"https:\/\/metropolitanonews.mx\/?p=2198#primaryimage"},"thumbnailUrl":"https:\/\/metropolitanonews.mx\/wp-content\/uploads\/2026\/09\/PHOTO-2026-09-05-08-21-44.jpg","datePublished":"2026-09-05T17:41:11+00:00","dateModified":"2026-09-05T17:41:12+00:00","author":{"@id":"https:\/\/metropolitanonews.mx\/#\/schema\/person\/5e143d068737b9206cdcb60ea7761ffa"},"breadcrumb":{"@id":"https:\/\/metropolitanonews.mx\/?p=2198#breadcrumb"},"inLanguage":"es","potentialAction":[{"@type":"ReadAction","target":["https:\/\/metropolitanonews.mx\/?p=2198"]}]},{"@type":"ImageObject","inLanguage":"es","@id":"https:\/\/metropolitanonews.mx\/?p=2198#primaryimage","url":"https:\/\/metropolitanonews.mx\/wp-content\/uploads\/2026\/09\/PHOTO-2026-09-05-08-21-44.jpg","contentUrl":"https:\/\/metropolitanonews.mx\/wp-content\/uploads\/2026\/09\/PHOTO-2026-09-05-08-21-44.jpg","width":1600,"height":1132},{"@type":"BreadcrumbList","@id":"https:\/\/metropolitanonews.mx\/?p=2198#breadcrumb","itemListElement":[{"@type":"ListItem","position":1,"name":"Portada","item":"https:\/\/metropolitanonews.mx\/"},{"@type":"ListItem","position":2,"name":"SHIENBAUM, HARFUCH Y ZENYAZEN.."}]},{"@type":"WebSite","@id":"https:\/\/metropolitanonews.mx\/#website","url":"https:\/\/metropolitanonews.mx\/","name":"Metropolitano News","description":"","potentialAction":[{"@type":"SearchAction","target":{"@type":"EntryPoint","urlTemplate":"https:\/\/metropolitanonews.mx\/?s={search_term_string}"},"query-input":{"@type":"PropertyValueSpecification","valueRequired":true,"valueName":"search_term_string"}}],"inLanguage":"es"},{"@type":"Person","@id":"https:\/\/metropolitanonews.mx\/#\/schema\/person\/5e143d068737b9206cdcb60ea7761ffa","name":"Redaccion","image":{"@type":"ImageObject","inLanguage":"es","@id":"https:\/\/secure.gravatar.com\/avatar\/a121e7ba078b27046b6a11dd9ec39512b64e27b6dca4ff1e7d54167208093ba8?s=96&d=mm&r=ga2145a6ac8df3cd2db9e7e95baa980ec","url":"https:\/\/secure.gravatar.com\/avatar\/a121e7ba078b27046b6a11dd9ec39512b64e27b6dca4ff1e7d54167208093ba8?s=96&d=mm&r=g","contentUrl":"https:\/\/secure.gravatar.com\/avatar\/a121e7ba078b27046b6a11dd9ec39512b64e27b6dca4ff1e7d54167208093ba8?s=96&d=mm&r=g","caption":"Redaccion"},"sameAs":["http:\/\/metrpolinatonews.mx"],"url":"https:\/\/metropolitanonews.mx\/?author=12"}]}},"jetpack_sharing_enabled":true,"authors":[{"term_id":72,"user_id":12,"is_guest":0,"slug":"redaccion","display_name":"Redaccion","avatar_url":"https:\/\/secure.gravatar.com\/avatar\/a121e7ba078b27046b6a11dd9ec39512b64e27b6dca4ff1e7d54167208093ba8?s=96&d=mm&r=g","author_category":"","first_name":"Ra\u00fal","last_name":"Mart\u00ednez","user_url":"http:\/\/metrpolinatonews.mx","job_title":"","description":""}],"jetpack_featured_media_url":"https:\/\/metropolitanonews.mx\/wp-content\/uploads\/2026\/09\/PHOTO-2026-09-05-08-21-44.jpg","_links":{"self":[{"href":"https:\/\/metropolitanonews.mx\/index.php?rest_route=\/wp\/v2\/posts\/2198","targetHints":{"allow":["GET"]}}],"collection":[{"href":"https:\/\/metropolitanonews.mx\/index.php?rest_route=\/wp\/v2\/posts"}],"about":[{"href":"https:\/\/metropolitanonews.mx\/index.php?rest_route=\/wp\/v2\/types\/post"}],"author":[{"embeddable":true,"href":"https:\/\/metropolitanonews.mx\/index.php?rest_route=\/wp\/v2\/users\/12"}],"replies":[{"embeddable":true,"href":"https:\/\/metropolitanonews.mx\/index.php?rest_route=%2Fwp%2Fv2%2Fcomments&post=2198"}],"version-history":[{"count":1,"href":"https:\/\/metropolitanonews.mx\/index.php?rest_route=\/wp\/v2\/posts\/2198\/revisions"}],"predecessor-version":[{"id":2200,"href":"https:\/\/metropolitanonews.mx\/index.php?rest_route=\/wp\/v2\/posts\/2198\/revisions\/2200"}],"wp:featuredmedia":[{"embeddable":true,"href":"https:\/\/metropolitanonews.mx\/index.php?rest_route=\/wp\/v2\/media\/2199"}],"wp:attachment":[{"href":"https:\/\/metropolitanonews.mx\/index.php?rest_route=%2Fwp%2Fv2%2Fmedia&parent=2198"}],"wp:term":[{"taxonomy":"category","embeddable":true,"href":"https:\/\/metropolitanonews.mx\/index.php?rest_route=%2Fwp%2Fv2%2Fcategories&post=2198"},{"taxonomy":"post_tag","embeddable":true,"href":"https:\/\/metropolitanonews.mx\/index.php?rest_route=%2Fwp%2Fv2%2Ftags&post=2198"},{"taxonomy":"author","embeddable":true,"href":"https:\/\/metropolitanonews.mx\/index.php?rest_route=%2Fwp%2Fv2%2Fppma_author&post=2198"}],"curies":[{"name":"wp","href":"https:\/\/api.w.org\/{rel}","templated":true}]}}