{"id":2194,"date":"2026-09-04T12:48:09","date_gmt":"2026-09-04T18:48:09","guid":{"rendered":"https:\/\/metropolitanonews.mx\/?p=2194"},"modified":"2026-09-04T12:48:11","modified_gmt":"2026-09-04T18:48:11","slug":"hallan-sin-vida-al-diputado-federal-zenyazen-escobar-en-puente-nacional","status":"publish","type":"post","link":"https:\/\/metropolitanonews.mx\/?p=2194","title":{"rendered":"Hallan sin vida al diputado federal Zenyazen Escobar en Puente Nacional"},"content":{"rendered":"\n<ul class=\"wp-block-list\">\n<li><strong><em>*La Fiscal\u00eda General del Estado confirm\u00f3 el fallecimiento del legislador de Morena, pero mantiene bajo reserva las circunstancias de su muerte<\/em><\/strong><\/li>\n\n\n\n<li><strong><em>*Reportes preliminares se\u00f1alan que habr\u00eda sido localizado dentro de un veh\u00edculo y con heridas producidas por arma de fuego<\/em><\/strong><\/li>\n\n\n\n<li><strong><em>*Ricardo Monreal lament\u00f3 el deceso y expres\u00f3 su solidaridad con la familia y colaboradores del diputado veracruzano<\/em><\/strong><\/li>\n<\/ul>\n\n\n\n<p class=\"wp-block-paragraph\">AGENCIAS VERACRUZ<\/p>\n\n\n\n<p class=\"wp-block-paragraph\">El diputado federal de Morena, Zenyazen Roberto Escobar Garc\u00eda, fue localizado sin vida la ma\u00f1ana de este viernes 4 de septiembre en el punto conocido como La Gloria, en el municipio de Puente Nacional.<\/p>\n\n\n\n<p class=\"wp-block-paragraph\">La fiscal general del estado, Lizbeth Aurelia Jim\u00e9nez Aguirre, confirm\u00f3 el fallecimiento del legislador durante una entrevista concedida a medios de comunicaci\u00f3n en el parque de Los Berros, en Xalapa. Sin embargo, evit\u00f3 adelantar informaci\u00f3n sobre las circunstancias en las que ocurri\u00f3 el hecho.<\/p>\n\n\n\n<p class=\"wp-block-paragraph\">\u201cS\u00f3lo les puedo confirmar el deceso; fue en un punto que se denomina La Gloria, es lo que les puedo confirmar, no m\u00e1s\u201d, declar\u00f3 la titular de la Fiscal\u00eda.<\/p>\n\n\n\n<p class=\"wp-block-paragraph\">Jim\u00e9nez Aguirre explic\u00f3 que elementos de la Polic\u00eda Ministerial, peritos y personal de la instituci\u00f3n se encontraban recabando indicios y realizando las primeras investigaciones. Precis\u00f3 adem\u00e1s que en el lugar fue localizada una sola v\u00edctima, identificada como el diputado federal.<\/p>\n\n\n\n<p class=\"wp-block-paragraph\">Aunque versiones difundidas por medios locales se\u00f1alan que Escobar Garc\u00eda habr\u00eda sido encontrado dentro de un veh\u00edculo y presentaba al menos una herida producida por proyectil de arma de fuego, la Fiscal\u00eda de Veracruz no hab\u00eda confirmado oficialmente, hasta las primeras horas posteriores al hallazgo, que se tratara de un ataque directo.<\/p>\n\n\n\n<p class=\"wp-block-paragraph\">La zona fue acordonada por corporaciones de seguridad para permitir el trabajo de los servicios periciales. Tampoco se hab\u00eda informado sobre personas detenidas ni sobre posibles l\u00edneas de investigaci\u00f3n.<\/p>\n\n\n\n<p class=\"wp-block-paragraph\">Tras conocerse la noticia, Ricardo Monreal \u00c1vila, coordinador del Grupo Parlamentario de Morena en la C\u00e1mara de Diputados, lament\u00f3 p\u00fablicamente la muerte de su compa\u00f1ero de bancada y reconoci\u00f3 su trayectoria como docente, secretario de Educaci\u00f3n de Veracruz y legislador federal.<\/p>\n\n\n\n<p class=\"wp-block-paragraph\">\u201cAnte esta irreparable p\u00e9rdida, nuestra solidaridad y cari\u00f1o est\u00e1n con su familia, sus seres queridos y su equipo de trabajo. Descanse en paz\u201d, expres\u00f3 Monreal.<\/p>\n\n\n\n<p class=\"wp-block-paragraph\">Zenyazen Escobar naci\u00f3 el 4 de junio de 1984 en Nogales, Veracruz. Fue maestro, dirigente del movimiento magisterial y diputado local entre 2016 y 2018. Posteriormente ocup\u00f3 la titularidad de la Secretar\u00eda de Educaci\u00f3n de Veracruz durante la administraci\u00f3n de Cuitl\u00e1huac Garc\u00eda Jim\u00e9nez.<\/p>\n\n\n\n<p class=\"wp-block-paragraph\">Desde agosto de 2024 se desempe\u00f1aba como diputado federal de Morena por el Distrito 16, con cabecera en C\u00f3rdoba, dentro de la LXVI Legislatura de la C\u00e1mara de Diputados.<\/p>\n\n\n\n<p class=\"wp-block-paragraph\">Hasta el cierre de esta informaci\u00f3n, la gobernadora Roc\u00edo Nahle Garc\u00eda y el Gobierno del Estado no hab\u00edan difundido un posicionamiento p\u00fablico sobre el fallecimiento. La Fiscal\u00eda estatal mantiene abiertas las investigaciones para determinar con precisi\u00f3n c\u00f3mo ocurrieron los hechos y deslindar responsabilidades.<\/p>\n","protected":false},"excerpt":{"rendered":"<p>AGENCIAS VERACRUZ El diputado federal de Morena, Zenyazen Roberto Escobar Garc\u00eda, fue localizado sin vida la ma\u00f1ana de este viernes 4 de septiembre en el punto conocido como La Gloria, en el municipio de Puente Nacional. La fiscal general del estado, Lizbeth Aurelia Jim\u00e9nez Aguirre, confirm\u00f3 el fallecimiento del legislador durante una entrevista concedida a [&hellip;]<\/p>\n","protected":false},"author":12,"featured_media":2195,"comment_status":"open","ping_status":"open","sticky":false,"template":"","format":"standard","meta":{"_jetpack_newsletter_access":"","_jetpack_dont_email_post_to_subs":false,"_jetpack_newsletter_tier_id":0,"_jetpack_memberships_contains_paywalled_content":false,"_jetpack_memberships_contains_paid_content":false,"footnotes":""},"categories":[10,4],"tags":[40],"ppma_author":[72],"class_list":["post-2194","post","type-post","status-publish","format-standard","has-post-thumbnail","category-nacional","category-principal","tag-veracruz"],"yoast_head":"<!-- This site is optimized with the Yoast SEO plugin v28.4 - https:\/\/yoast.com\/product\/yoast-seo-wordpress\/ -->\n<title>Hallan sin vida al diputado federal Zenyazen Escobar en Puente Nacional - Metropolitano News<\/title>\n<meta name=\"robots\" content=\"index, follow, max-snippet:-1, max-image-preview:large, max-video-preview:-1\" \/>\n<link rel=\"canonical\" href=\"https:\/\/metropolitanonews.mx\/?p=2194\" \/>\n<meta property=\"og:locale\" content=\"es_ES\" \/>\n<meta property=\"og:type\" content=\"article\" \/>\n<meta property=\"og:title\" content=\"Hallan sin vida al diputado federal Zenyazen Escobar en Puente Nacional - Metropolitano News\" \/>\n<meta property=\"og:description\" content=\"AGENCIAS VERACRUZ El diputado federal de Morena, Zenyazen Roberto Escobar Garc\u00eda, fue localizado sin vida la ma\u00f1ana de este viernes 4 de septiembre en el punto conocido como La Gloria, en el municipio de Puente Nacional. La fiscal general del estado, Lizbeth Aurelia Jim\u00e9nez Aguirre, confirm\u00f3 el fallecimiento del legislador durante una entrevista concedida a [&hellip;]\" \/>\n<meta property=\"og:url\" content=\"https:\/\/metropolitanonews.mx\/?p=2194\" \/>\n<meta property=\"og:site_name\" content=\"Metropolitano News\" \/>\n<meta property=\"article:published_time\" content=\"2026-09-04T18:48:09+00:00\" \/>\n<meta property=\"article:modified_time\" content=\"2026-09-04T18:48:11+00:00\" \/>\n<meta property=\"og:image\" content=\"https:\/\/metropolitanonews.mx\/wp-content\/uploads\/2026\/09\/images.jpg\" \/>\n\t<meta property=\"og:image:width\" content=\"415\" \/>\n\t<meta property=\"og:image:height\" content=\"737\" \/>\n\t<meta property=\"og:image:type\" content=\"image\/jpeg\" \/>\n<meta name=\"author\" content=\"Redaccion\" \/>\n<meta name=\"twitter:card\" content=\"summary_large_image\" \/>\n<meta name=\"twitter:label1\" content=\"Escrito por\" \/>\n\t<meta name=\"twitter:data1\" content=\"Redaccion\" \/>\n\t<meta name=\"twitter:label2\" content=\"Tiempo de lectura\" \/>\n\t<meta name=\"twitter:data2\" content=\"3 minutos\" \/>\n<script type=\"application\/ld+json\" class=\"yoast-schema-graph\">{\"@context\":\"https:\\\/\\\/schema.org\",\"@graph\":[{\"@type\":\"Article\",\"@id\":\"https:\\\/\\\/metropolitanonews.mx\\\/?p=2194#article\",\"isPartOf\":{\"@id\":\"https:\\\/\\\/metropolitanonews.mx\\\/?p=2194\"},\"author\":{\"name\":\"Redaccion\",\"@id\":\"https:\\\/\\\/metropolitanonews.mx\\\/#\\\/schema\\\/person\\\/5e143d068737b9206cdcb60ea7761ffa\"},\"headline\":\"Hallan sin vida al diputado federal Zenyazen Escobar en Puente Nacional\",\"datePublished\":\"2026-09-04T18:48:09+00:00\",\"dateModified\":\"2026-09-04T18:48:11+00:00\",\"mainEntityOfPage\":{\"@id\":\"https:\\\/\\\/metropolitanonews.mx\\\/?p=2194\"},\"wordCount\":522,\"commentCount\":0,\"image\":{\"@id\":\"https:\\\/\\\/metropolitanonews.mx\\\/?p=2194#primaryimage\"},\"thumbnailUrl\":\"https:\\\/\\\/metropolitanonews.mx\\\/wp-content\\\/uploads\\\/2026\\\/09\\\/images.jpg\",\"keywords\":[\"Veracruz\"],\"articleSection\":[\"Nacional\",\"Principal\"],\"inLanguage\":\"es\",\"potentialAction\":[{\"@type\":\"CommentAction\",\"name\":\"Comment\",\"target\":[\"https:\\\/\\\/metropolitanonews.mx\\\/?p=2194#respond\"]}]},{\"@type\":\"WebPage\",\"@id\":\"https:\\\/\\\/metropolitanonews.mx\\\/?p=2194\",\"url\":\"https:\\\/\\\/metropolitanonews.mx\\\/?p=2194\",\"name\":\"Hallan sin vida al diputado federal Zenyazen Escobar en Puente Nacional - Metropolitano News\",\"isPartOf\":{\"@id\":\"https:\\\/\\\/metropolitanonews.mx\\\/#website\"},\"primaryImageOfPage\":{\"@id\":\"https:\\\/\\\/metropolitanonews.mx\\\/?p=2194#primaryimage\"},\"image\":{\"@id\":\"https:\\\/\\\/metropolitanonews.mx\\\/?p=2194#primaryimage\"},\"thumbnailUrl\":\"https:\\\/\\\/metropolitanonews.mx\\\/wp-content\\\/uploads\\\/2026\\\/09\\\/images.jpg\",\"datePublished\":\"2026-09-04T18:48:09+00:00\",\"dateModified\":\"2026-09-04T18:48:11+00:00\",\"author\":{\"@id\":\"https:\\\/\\\/metropolitanonews.mx\\\/#\\\/schema\\\/person\\\/5e143d068737b9206cdcb60ea7761ffa\"},\"breadcrumb\":{\"@id\":\"https:\\\/\\\/metropolitanonews.mx\\\/?p=2194#breadcrumb\"},\"inLanguage\":\"es\",\"potentialAction\":[{\"@type\":\"ReadAction\",\"target\":[\"https:\\\/\\\/metropolitanonews.mx\\\/?p=2194\"]}]},{\"@type\":\"ImageObject\",\"inLanguage\":\"es\",\"@id\":\"https:\\\/\\\/metropolitanonews.mx\\\/?p=2194#primaryimage\",\"url\":\"https:\\\/\\\/metropolitanonews.mx\\\/wp-content\\\/uploads\\\/2026\\\/09\\\/images.jpg\",\"contentUrl\":\"https:\\\/\\\/metropolitanonews.mx\\\/wp-content\\\/uploads\\\/2026\\\/09\\\/images.jpg\",\"width\":415,\"height\":737},{\"@type\":\"BreadcrumbList\",\"@id\":\"https:\\\/\\\/metropolitanonews.mx\\\/?p=2194#breadcrumb\",\"itemListElement\":[{\"@type\":\"ListItem\",\"position\":1,\"name\":\"Portada\",\"item\":\"https:\\\/\\\/metropolitanonews.mx\\\/\"},{\"@type\":\"ListItem\",\"position\":2,\"name\":\"Hallan sin vida al diputado federal Zenyazen Escobar en Puente Nacional\"}]},{\"@type\":\"WebSite\",\"@id\":\"https:\\\/\\\/metropolitanonews.mx\\\/#website\",\"url\":\"https:\\\/\\\/metropolitanonews.mx\\\/\",\"name\":\"Metropolitano News\",\"description\":\"\",\"potentialAction\":[{\"@type\":\"SearchAction\",\"target\":{\"@type\":\"EntryPoint\",\"urlTemplate\":\"https:\\\/\\\/metropolitanonews.mx\\\/?s={search_term_string}\"},\"query-input\":{\"@type\":\"PropertyValueSpecification\",\"valueRequired\":true,\"valueName\":\"search_term_string\"}}],\"inLanguage\":\"es\"},{\"@type\":\"Person\",\"@id\":\"https:\\\/\\\/metropolitanonews.mx\\\/#\\\/schema\\\/person\\\/5e143d068737b9206cdcb60ea7761ffa\",\"name\":\"Redaccion\",\"image\":{\"@type\":\"ImageObject\",\"inLanguage\":\"es\",\"@id\":\"https:\\\/\\\/secure.gravatar.com\\\/avatar\\\/a121e7ba078b27046b6a11dd9ec39512b64e27b6dca4ff1e7d54167208093ba8?s=96&d=mm&r=ga2145a6ac8df3cd2db9e7e95baa980ec\",\"url\":\"https:\\\/\\\/secure.gravatar.com\\\/avatar\\\/a121e7ba078b27046b6a11dd9ec39512b64e27b6dca4ff1e7d54167208093ba8?s=96&d=mm&r=g\",\"contentUrl\":\"https:\\\/\\\/secure.gravatar.com\\\/avatar\\\/a121e7ba078b27046b6a11dd9ec39512b64e27b6dca4ff1e7d54167208093ba8?s=96&d=mm&r=g\",\"caption\":\"Redaccion\"},\"sameAs\":[\"http:\\\/\\\/metrpolinatonews.mx\"],\"url\":\"https:\\\/\\\/metropolitanonews.mx\\\/?author=12\"}]}<\/script>\n<!-- \/ Yoast SEO plugin. -->","yoast_head_json":{"title":"Hallan sin vida al diputado federal Zenyazen Escobar en Puente Nacional - Metropolitano News","robots":{"index":"index","follow":"follow","max-snippet":"max-snippet:-1","max-image-preview":"max-image-preview:large","max-video-preview":"max-video-preview:-1"},"canonical":"https:\/\/metropolitanonews.mx\/?p=2194","og_locale":"es_ES","og_type":"article","og_title":"Hallan sin vida al diputado federal Zenyazen Escobar en Puente Nacional - Metropolitano News","og_description":"AGENCIAS VERACRUZ El diputado federal de Morena, Zenyazen Roberto Escobar Garc\u00eda, fue localizado sin vida la ma\u00f1ana de este viernes 4 de septiembre en el punto conocido como La Gloria, en el municipio de Puente Nacional. La fiscal general del estado, Lizbeth Aurelia Jim\u00e9nez Aguirre, confirm\u00f3 el fallecimiento del legislador durante una entrevista concedida a [&hellip;]","og_url":"https:\/\/metropolitanonews.mx\/?p=2194","og_site_name":"Metropolitano News","article_published_time":"2026-09-04T18:48:09+00:00","article_modified_time":"2026-09-04T18:48:11+00:00","og_image":[{"width":415,"height":737,"url":"https:\/\/metropolitanonews.mx\/wp-content\/uploads\/2026\/09\/images.jpg","type":"image\/jpeg"}],"author":"Redaccion","twitter_card":"summary_large_image","twitter_misc":{"Escrito por":"Redaccion","Tiempo de lectura":"3 minutos"},"schema":{"@context":"https:\/\/schema.org","@graph":[{"@type":"Article","@id":"https:\/\/metropolitanonews.mx\/?p=2194#article","isPartOf":{"@id":"https:\/\/metropolitanonews.mx\/?p=2194"},"author":{"name":"Redaccion","@id":"https:\/\/metropolitanonews.mx\/#\/schema\/person\/5e143d068737b9206cdcb60ea7761ffa"},"headline":"Hallan sin vida al diputado federal Zenyazen Escobar en Puente Nacional","datePublished":"2026-09-04T18:48:09+00:00","dateModified":"2026-09-04T18:48:11+00:00","mainEntityOfPage":{"@id":"https:\/\/metropolitanonews.mx\/?p=2194"},"wordCount":522,"commentCount":0,"image":{"@id":"https:\/\/metropolitanonews.mx\/?p=2194#primaryimage"},"thumbnailUrl":"https:\/\/metropolitanonews.mx\/wp-content\/uploads\/2026\/09\/images.jpg","keywords":["Veracruz"],"articleSection":["Nacional","Principal"],"inLanguage":"es","potentialAction":[{"@type":"CommentAction","name":"Comment","target":["https:\/\/metropolitanonews.mx\/?p=2194#respond"]}]},{"@type":"WebPage","@id":"https:\/\/metropolitanonews.mx\/?p=2194","url":"https:\/\/metropolitanonews.mx\/?p=2194","name":"Hallan sin vida al diputado federal Zenyazen Escobar en Puente Nacional - Metropolitano News","isPartOf":{"@id":"https:\/\/metropolitanonews.mx\/#website"},"primaryImageOfPage":{"@id":"https:\/\/metropolitanonews.mx\/?p=2194#primaryimage"},"image":{"@id":"https:\/\/metropolitanonews.mx\/?p=2194#primaryimage"},"thumbnailUrl":"https:\/\/metropolitanonews.mx\/wp-content\/uploads\/2026\/09\/images.jpg","datePublished":"2026-09-04T18:48:09+00:00","dateModified":"2026-09-04T18:48:11+00:00","author":{"@id":"https:\/\/metropolitanonews.mx\/#\/schema\/person\/5e143d068737b9206cdcb60ea7761ffa"},"breadcrumb":{"@id":"https:\/\/metropolitanonews.mx\/?p=2194#breadcrumb"},"inLanguage":"es","potentialAction":[{"@type":"ReadAction","target":["https:\/\/metropolitanonews.mx\/?p=2194"]}]},{"@type":"ImageObject","inLanguage":"es","@id":"https:\/\/metropolitanonews.mx\/?p=2194#primaryimage","url":"https:\/\/metropolitanonews.mx\/wp-content\/uploads\/2026\/09\/images.jpg","contentUrl":"https:\/\/metropolitanonews.mx\/wp-content\/uploads\/2026\/09\/images.jpg","width":415,"height":737},{"@type":"BreadcrumbList","@id":"https:\/\/metropolitanonews.mx\/?p=2194#breadcrumb","itemListElement":[{"@type":"ListItem","position":1,"name":"Portada","item":"https:\/\/metropolitanonews.mx\/"},{"@type":"ListItem","position":2,"name":"Hallan sin vida al diputado federal Zenyazen Escobar en Puente Nacional"}]},{"@type":"WebSite","@id":"https:\/\/metropolitanonews.mx\/#website","url":"https:\/\/metropolitanonews.mx\/","name":"Metropolitano News","description":"","potentialAction":[{"@type":"SearchAction","target":{"@type":"EntryPoint","urlTemplate":"https:\/\/metropolitanonews.mx\/?s={search_term_string}"},"query-input":{"@type":"PropertyValueSpecification","valueRequired":true,"valueName":"search_term_string"}}],"inLanguage":"es"},{"@type":"Person","@id":"https:\/\/metropolitanonews.mx\/#\/schema\/person\/5e143d068737b9206cdcb60ea7761ffa","name":"Redaccion","image":{"@type":"ImageObject","inLanguage":"es","@id":"https:\/\/secure.gravatar.com\/avatar\/a121e7ba078b27046b6a11dd9ec39512b64e27b6dca4ff1e7d54167208093ba8?s=96&d=mm&r=ga2145a6ac8df3cd2db9e7e95baa980ec","url":"https:\/\/secure.gravatar.com\/avatar\/a121e7ba078b27046b6a11dd9ec39512b64e27b6dca4ff1e7d54167208093ba8?s=96&d=mm&r=g","contentUrl":"https:\/\/secure.gravatar.com\/avatar\/a121e7ba078b27046b6a11dd9ec39512b64e27b6dca4ff1e7d54167208093ba8?s=96&d=mm&r=g","caption":"Redaccion"},"sameAs":["http:\/\/metrpolinatonews.mx"],"url":"https:\/\/metropolitanonews.mx\/?author=12"}]}},"jetpack_sharing_enabled":true,"authors":[{"term_id":72,"user_id":12,"is_guest":0,"slug":"redaccion","display_name":"Redaccion","avatar_url":"https:\/\/secure.gravatar.com\/avatar\/a121e7ba078b27046b6a11dd9ec39512b64e27b6dca4ff1e7d54167208093ba8?s=96&d=mm&r=g","author_category":"","first_name":"Ra\u00fal","last_name":"Mart\u00ednez","user_url":"http:\/\/metrpolinatonews.mx","job_title":"","description":""}],"jetpack_featured_media_url":"https:\/\/metropolitanonews.mx\/wp-content\/uploads\/2026\/09\/images.jpg","_links":{"self":[{"href":"https:\/\/metropolitanonews.mx\/index.php?rest_route=\/wp\/v2\/posts\/2194","targetHints":{"allow":["GET"]}}],"collection":[{"href":"https:\/\/metropolitanonews.mx\/index.php?rest_route=\/wp\/v2\/posts"}],"about":[{"href":"https:\/\/metropolitanonews.mx\/index.php?rest_route=\/wp\/v2\/types\/post"}],"author":[{"embeddable":true,"href":"https:\/\/metropolitanonews.mx\/index.php?rest_route=\/wp\/v2\/users\/12"}],"replies":[{"embeddable":true,"href":"https:\/\/metropolitanonews.mx\/index.php?rest_route=%2Fwp%2Fv2%2Fcomments&post=2194"}],"version-history":[{"count":1,"href":"https:\/\/metropolitanonews.mx\/index.php?rest_route=\/wp\/v2\/posts\/2194\/revisions"}],"predecessor-version":[{"id":2196,"href":"https:\/\/metropolitanonews.mx\/index.php?rest_route=\/wp\/v2\/posts\/2194\/revisions\/2196"}],"wp:featuredmedia":[{"embeddable":true,"href":"https:\/\/metropolitanonews.mx\/index.php?rest_route=\/wp\/v2\/media\/2195"}],"wp:attachment":[{"href":"https:\/\/metropolitanonews.mx\/index.php?rest_route=%2Fwp%2Fv2%2Fmedia&parent=2194"}],"wp:term":[{"taxonomy":"category","embeddable":true,"href":"https:\/\/metropolitanonews.mx\/index.php?rest_route=%2Fwp%2Fv2%2Fcategories&post=2194"},{"taxonomy":"post_tag","embeddable":true,"href":"https:\/\/metropolitanonews.mx\/index.php?rest_route=%2Fwp%2Fv2%2Ftags&post=2194"},{"taxonomy":"author","embeddable":true,"href":"https:\/\/metropolitanonews.mx\/index.php?rest_route=%2Fwp%2Fv2%2Fppma_author&post=2194"}],"curies":[{"name":"wp","href":"https:\/\/api.w.org\/{rel}","templated":true}]}}