{"id":2191,"date":"2026-09-04T10:12:38","date_gmt":"2026-09-04T16:12:38","guid":{"rendered":"https:\/\/metropolitanonews.mx\/?p=2191"},"modified":"2026-09-04T10:12:40","modified_gmt":"2026-09-04T16:12:40","slug":"lo-niega-todo","status":"publish","type":"post","link":"https:\/\/metropolitanonews.mx\/?p=2191","title":{"rendered":"LO NIEGA TODO"},"content":{"rendered":"\n<p class=\"wp-block-paragraph\"><strong>Secas Mecas<br>OVED CONTRERAS<\/strong><\/p>\n\n\n\n<p class=\"wp-block-paragraph\"><strong>LO NIEGA TODO\u2026<\/strong>los tundeteclas de la capital le pegaron una corretiza a la rectora de\u00a0El Colegio de Veracruz\u00a0(Colver),\u00a0Erandi Isabel L\u00f3pez Herrer\u00eda, sobrina del expresidente\u00a0Andr\u00e9s Manuel L\u00f3pez Obrador, ayer que acudi\u00f3 a montar la guardia de honor por el \u201cMes de la Patria\u201d, y neg\u00f3 que perciba un salario superior al de la gobernadora Roc\u00edo Nahle\u2026 que su sueldo corresponde al\u00a0tabulador estatal.<\/p>\n\n\n\n<p class=\"wp-block-paragraph\">Cuando vio acercarse a los reporteros que amenazaban con entrevistarla, la funcionaria emprendi\u00f3 la huida hacia su veh\u00edculo para evitar a la prensa pero le cerraron el paso y no le qued\u00f3 de otra que responder apenas un par de preguntas relacionadas con su sueldazo de lujo como rectora del Colegio de Veracruz.<\/p>\n\n\n\n<p class=\"wp-block-paragraph\">\u201cEs total y absolutamente falso, yo gano de acuerdo al tabulador estatal de sueldos y salarios, de acuerdo a mi nivel como director general, en este caso como rectora del Colegio de Veracruz\u201d, respond\u00eda sin detener el paso, mientras sus guardaespaldas empujaron a una reportera que casi le cay\u00f3 encima.<\/p>\n\n\n\n<p class=\"wp-block-paragraph\">Sus dichos se contraponen con la informaci\u00f3n reportada en la Plataforma Nacional de Transparencia, donde se consigna que durante el segundo trimestre de 2026, L\u00f3pez Herrer\u00eda registr\u00f3 una percepci\u00f3n mensual de 145 mil 322.51 pesos brutos y 106 mil 433.37 pesos netos. En el tabulador para un director, se detalla que se le paga tambi\u00e9n una prima vacacional de 40 d\u00edas de sueldo tabular, as\u00ed como 60 d\u00edas de gratificaci\u00f3n extraordinaria; se contempla una prestaci\u00f3n equivalente a 12 d\u00edas anuales del sueldo.<\/p>\n\n\n\n<p class=\"wp-block-paragraph\">Como los reporteros andaban de metichones, los guaruras de la funcionaria empezaron a pegar de codazos y a empujar a las compa\u00f1eras reporteras para que dejaran de preguntar. Erandi Isabel L\u00f3pez insist\u00eda en que su sueldo est\u00e1 sujeto al tabulador estatal y que no gana lo que se difundi\u00f3 recientemente\u2026dijera el cl\u00e1sico: niega todo aunque te cachen.<\/p>\n\n\n\n<p class=\"wp-block-paragraph\"><strong>COATZA A LA DERIVA\u2026<\/strong>De poco ha servido que los oficialistas se acaben las manos aplaudi\u00e9ndole al alcalde morenista de Coatzacoalcos, Pedro Miguel Rosaldo, a quien lo mueven como el favorito de ya saben qui\u00e9n y que es uno de los prospectos para el 2030, pero no dicen si para el \u201cDuport Osti\u00f3n\u201d o para qu\u00e9 otro puesto\u2026pintan a Coatzacoalcos como uno de los municipios con m\u00e1s desarrollo pero la realidad dice otra cosa: no solo rezago en infraestructura urbana sino la inseguridad que a diario padecen los ciudadanos.<\/p>\n\n\n\n<p class=\"wp-block-paragraph\">No es golpeteo de la derecha como ellos dicen: los datos del Segundo Informe de Gobierno de la Presidenta Claudia Sheinbaum retratan de cuerpo entero el Coatzacoalcos de Pedro Miguel Rosaldo. Los \u201cotros datos\u201d del gobierno federal indican que la percepci\u00f3n de inseguridad en Coatzacoalcos se elev\u00f3 al 77.7 por ciento de la poblaci\u00f3n de ese municipio, lo que quiere decir que hoy la poblaci\u00f3n se siente insegura frente a la delincuencia que se apoder\u00f3 del municipio.<\/p>\n\n\n\n<p class=\"wp-block-paragraph\">Hace un a\u00f1o, Coatzacoalcos estaba en el lugar 34 de percepci\u00f3n de inseguridad, hoy est\u00e1 en el puesto 15. Hace un a\u00f1o estaba 6.6 puntos por abajo del promedio nacional, hoy se encuentra a 15 puntos manteni\u00e9ndose como la ciudad con mayor sensaci\u00f3n de riesgo en el estado de Veracruz. Y eso que el alcalde Pedro Miguel Rosaldo, y sus aplaudidores dicen que todo es mejor y que van viento en popa.<\/p>\n\n\n\n<p class=\"wp-block-paragraph\">Y Poza Rica, donde gobierna la morenista Adanely Rodr\u00edguez, la misma que le rob\u00f3 la elecci\u00f3n a Movimiento Ciudadano, no canta mal las rancheras. Aunque la Encuesta Nacional de Seguridad P\u00fablica Urbana (ENSU) del INEGI NO mide a Poza Rica de manera individual, como s\u00ed eval\u00faa a Xalapa, Coatzacoalcos y el Puerto de Veracruz, los delitos de alto impacto golpean en la percepci\u00f3n ciudadana pozarricense sobre la inseguridad.<\/p>\n\n\n\n<p class=\"wp-block-paragraph\">A nivel estatal, plataformas de monitoreo como el \u00cdndice de Seguridad de Mercado ubican a Poza Rica con una calificaci\u00f3n promedio de 60\/100 (Grado C &#8211; Riesgo Moderado), siendo hist\u00f3ricamente el municipio con mayor volumen de carpetas delictivas en su microregi\u00f3n, por encima de vecinos como Tihuatl\u00e1n.<\/p>\n\n\n\n<p class=\"wp-block-paragraph\">Diversos estudios urbanos y sociales locales analizan por qu\u00e9 la poblaci\u00f3n de Poza Rica experimenta un debilitamiento en su sensaci\u00f3n de seguridad: La falta de iluminaci\u00f3n adecuada, el abandono de \u00e1reas comunes y el deterioro de la infraestructura urbana incrementan de forma directa la sensaci\u00f3n de vulnerabilidad en los trayectos diarios de los habitantes.<\/p>\n\n\n\n<p class=\"wp-block-paragraph\">Aunque a nivel estatal Veracruz ha reportado periodos con disminuciones hist\u00f3ricas en este rubro, Poza Rica mantiene una tasa estimada de 9 homicidios por cada 100 mil habitantes. El entorno delictivo se ha visto afectado por disputas territoriales entre c\u00e9lulas locales del crimen organizado.<\/p>\n\n\n\n<p class=\"wp-block-paragraph\">En cuanto a la desaparici\u00f3n de personas, es uno de los focos rojos m\u00e1s sensibles de la regi\u00f3n. Colectivos de b\u00fasqueda y reportes locales ubican a Poza Rica en el cuarto lugar estatal con mayor n\u00famero de personas desaparecidas, acumulando m\u00e1s de 250 casos vigentes. No todo es culpa de Adanely: recibi\u00f3 de manos del \u201cPulpo\u201d Remes, el alcalde morenista que le antecedi\u00f3, una ciudad en crisis de seguridad y el lugar m\u00e1s peligroso del estado para ejercer el periodismo.<\/p>\n\n\n\n<p class=\"wp-block-paragraph\"><strong>VA LA MILLONIZA\u2026<\/strong>como acto urgente frente a las denuncias sobre falta de insumos en hospitales, el gobierno de Roc\u00edo Nahle invertir\u00e1 mil millones de pesos en compra de insumos y medicinas para hospitales. Lo acaba de anunciar el secretario de Gobierno, Ricardo Ahued. Tiene una semana que en los hospitales el personal m\u00e9dico comenz\u00f3 a pegar hojas para solicitar a pacientes y familiares que compren materiales porque no hay ni curitas.<\/p>\n\n\n\n<p class=\"wp-block-paragraph\">Claro que lo ten\u00edan que anunciar porque ayer presentaron el programa art\u00edstico para la ceremonia de El Grito, la noche del 15 de septiembre. Entre otros artistas aparece la cantante de \u00f3pera Olivia Gorra y el grupo Ca\u00f1averal. Ecl\u00e9ctico el asunto, dice la periodista Lul\u00fa L\u00f3pez. Suscribimos.<\/p>\n","protected":false},"excerpt":{"rendered":"<p>Secas MecasOVED CONTRERAS LO NIEGA TODO\u2026los tundeteclas de la capital le pegaron una corretiza a la rectora de\u00a0El Colegio de Veracruz\u00a0(Colver),\u00a0Erandi Isabel L\u00f3pez Herrer\u00eda, sobrina del expresidente\u00a0Andr\u00e9s Manuel L\u00f3pez Obrador, ayer que acudi\u00f3 a montar la guardia de honor por el \u201cMes de la Patria\u201d, y neg\u00f3 que perciba un salario superior al de la [&hellip;]<\/p>\n","protected":false},"author":12,"featured_media":2192,"comment_status":"open","ping_status":"open","sticky":false,"template":"","format":"standard","meta":{"_jetpack_newsletter_access":"","_jetpack_dont_email_post_to_subs":false,"_jetpack_newsletter_tier_id":0,"_jetpack_memberships_contains_paywalled_content":false,"_jetpack_memberships_contains_paid_content":false,"footnotes":""},"categories":[17],"tags":[76,40],"ppma_author":[72],"class_list":["post-2191","post","type-post","status-publish","format-standard","has-post-thumbnail","category-columnas","tag-oved-contreras","tag-veracruz"],"yoast_head":"<!-- This site is optimized with the Yoast SEO plugin v28.4 - https:\/\/yoast.com\/product\/yoast-seo-wordpress\/ -->\n<title>LO NIEGA TODO - Metropolitano News<\/title>\n<meta name=\"robots\" content=\"index, follow, max-snippet:-1, max-image-preview:large, max-video-preview:-1\" \/>\n<link rel=\"canonical\" href=\"https:\/\/metropolitanonews.mx\/?p=2191\" \/>\n<meta property=\"og:locale\" content=\"es_ES\" \/>\n<meta property=\"og:type\" content=\"article\" \/>\n<meta property=\"og:title\" content=\"LO NIEGA TODO - Metropolitano News\" \/>\n<meta property=\"og:description\" content=\"Secas MecasOVED CONTRERAS LO NIEGA TODO\u2026los tundeteclas de la capital le pegaron una corretiza a la rectora de\u00a0El Colegio de Veracruz\u00a0(Colver),\u00a0Erandi Isabel L\u00f3pez Herrer\u00eda, sobrina del expresidente\u00a0Andr\u00e9s Manuel L\u00f3pez Obrador, ayer que acudi\u00f3 a montar la guardia de honor por el \u201cMes de la Patria\u201d, y neg\u00f3 que perciba un salario superior al de la [&hellip;]\" \/>\n<meta property=\"og:url\" content=\"https:\/\/metropolitanonews.mx\/?p=2191\" \/>\n<meta property=\"og:site_name\" content=\"Metropolitano News\" \/>\n<meta property=\"article:published_time\" content=\"2026-09-04T16:12:38+00:00\" \/>\n<meta property=\"article:modified_time\" content=\"2026-09-04T16:12:40+00:00\" \/>\n<meta property=\"og:image\" content=\"https:\/\/metropolitanonews.mx\/wp-content\/uploads\/2026\/09\/PHOTO-2026-09-04-09-39-53.jpg\" \/>\n\t<meta property=\"og:image:width\" content=\"1599\" \/>\n\t<meta property=\"og:image:height\" content=\"899\" \/>\n\t<meta property=\"og:image:type\" content=\"image\/jpeg\" \/>\n<meta name=\"author\" content=\"Redaccion\" \/>\n<meta name=\"twitter:card\" content=\"summary_large_image\" \/>\n<meta name=\"twitter:label1\" content=\"Escrito por\" \/>\n\t<meta name=\"twitter:data1\" content=\"Redaccion\" \/>\n\t<meta name=\"twitter:label2\" content=\"Tiempo de lectura\" \/>\n\t<meta name=\"twitter:data2\" content=\"5 minutos\" \/>\n<script type=\"application\/ld+json\" class=\"yoast-schema-graph\">{\"@context\":\"https:\\\/\\\/schema.org\",\"@graph\":[{\"@type\":\"Article\",\"@id\":\"https:\\\/\\\/metropolitanonews.mx\\\/?p=2191#article\",\"isPartOf\":{\"@id\":\"https:\\\/\\\/metropolitanonews.mx\\\/?p=2191\"},\"author\":{\"name\":\"Redaccion\",\"@id\":\"https:\\\/\\\/metropolitanonews.mx\\\/#\\\/schema\\\/person\\\/5e143d068737b9206cdcb60ea7761ffa\"},\"headline\":\"LO NIEGA TODO\",\"datePublished\":\"2026-09-04T16:12:38+00:00\",\"dateModified\":\"2026-09-04T16:12:40+00:00\",\"mainEntityOfPage\":{\"@id\":\"https:\\\/\\\/metropolitanonews.mx\\\/?p=2191\"},\"wordCount\":1010,\"commentCount\":0,\"image\":{\"@id\":\"https:\\\/\\\/metropolitanonews.mx\\\/?p=2191#primaryimage\"},\"thumbnailUrl\":\"https:\\\/\\\/metropolitanonews.mx\\\/wp-content\\\/uploads\\\/2026\\\/09\\\/PHOTO-2026-09-04-09-39-53.jpg\",\"keywords\":[\"Oved Contreras\",\"Veracruz\"],\"articleSection\":[\"Columnas\"],\"inLanguage\":\"es\",\"potentialAction\":[{\"@type\":\"CommentAction\",\"name\":\"Comment\",\"target\":[\"https:\\\/\\\/metropolitanonews.mx\\\/?p=2191#respond\"]}]},{\"@type\":\"WebPage\",\"@id\":\"https:\\\/\\\/metropolitanonews.mx\\\/?p=2191\",\"url\":\"https:\\\/\\\/metropolitanonews.mx\\\/?p=2191\",\"name\":\"LO NIEGA TODO - Metropolitano News\",\"isPartOf\":{\"@id\":\"https:\\\/\\\/metropolitanonews.mx\\\/#website\"},\"primaryImageOfPage\":{\"@id\":\"https:\\\/\\\/metropolitanonews.mx\\\/?p=2191#primaryimage\"},\"image\":{\"@id\":\"https:\\\/\\\/metropolitanonews.mx\\\/?p=2191#primaryimage\"},\"thumbnailUrl\":\"https:\\\/\\\/metropolitanonews.mx\\\/wp-content\\\/uploads\\\/2026\\\/09\\\/PHOTO-2026-09-04-09-39-53.jpg\",\"datePublished\":\"2026-09-04T16:12:38+00:00\",\"dateModified\":\"2026-09-04T16:12:40+00:00\",\"author\":{\"@id\":\"https:\\\/\\\/metropolitanonews.mx\\\/#\\\/schema\\\/person\\\/5e143d068737b9206cdcb60ea7761ffa\"},\"breadcrumb\":{\"@id\":\"https:\\\/\\\/metropolitanonews.mx\\\/?p=2191#breadcrumb\"},\"inLanguage\":\"es\",\"potentialAction\":[{\"@type\":\"ReadAction\",\"target\":[\"https:\\\/\\\/metropolitanonews.mx\\\/?p=2191\"]}]},{\"@type\":\"ImageObject\",\"inLanguage\":\"es\",\"@id\":\"https:\\\/\\\/metropolitanonews.mx\\\/?p=2191#primaryimage\",\"url\":\"https:\\\/\\\/metropolitanonews.mx\\\/wp-content\\\/uploads\\\/2026\\\/09\\\/PHOTO-2026-09-04-09-39-53.jpg\",\"contentUrl\":\"https:\\\/\\\/metropolitanonews.mx\\\/wp-content\\\/uploads\\\/2026\\\/09\\\/PHOTO-2026-09-04-09-39-53.jpg\",\"width\":1599,\"height\":899},{\"@type\":\"BreadcrumbList\",\"@id\":\"https:\\\/\\\/metropolitanonews.mx\\\/?p=2191#breadcrumb\",\"itemListElement\":[{\"@type\":\"ListItem\",\"position\":1,\"name\":\"Portada\",\"item\":\"https:\\\/\\\/metropolitanonews.mx\\\/\"},{\"@type\":\"ListItem\",\"position\":2,\"name\":\"LO NIEGA TODO\"}]},{\"@type\":\"WebSite\",\"@id\":\"https:\\\/\\\/metropolitanonews.mx\\\/#website\",\"url\":\"https:\\\/\\\/metropolitanonews.mx\\\/\",\"name\":\"Metropolitano News\",\"description\":\"\",\"potentialAction\":[{\"@type\":\"SearchAction\",\"target\":{\"@type\":\"EntryPoint\",\"urlTemplate\":\"https:\\\/\\\/metropolitanonews.mx\\\/?s={search_term_string}\"},\"query-input\":{\"@type\":\"PropertyValueSpecification\",\"valueRequired\":true,\"valueName\":\"search_term_string\"}}],\"inLanguage\":\"es\"},{\"@type\":\"Person\",\"@id\":\"https:\\\/\\\/metropolitanonews.mx\\\/#\\\/schema\\\/person\\\/5e143d068737b9206cdcb60ea7761ffa\",\"name\":\"Redaccion\",\"image\":{\"@type\":\"ImageObject\",\"inLanguage\":\"es\",\"@id\":\"https:\\\/\\\/secure.gravatar.com\\\/avatar\\\/a121e7ba078b27046b6a11dd9ec39512b64e27b6dca4ff1e7d54167208093ba8?s=96&d=mm&r=ga2145a6ac8df3cd2db9e7e95baa980ec\",\"url\":\"https:\\\/\\\/secure.gravatar.com\\\/avatar\\\/a121e7ba078b27046b6a11dd9ec39512b64e27b6dca4ff1e7d54167208093ba8?s=96&d=mm&r=g\",\"contentUrl\":\"https:\\\/\\\/secure.gravatar.com\\\/avatar\\\/a121e7ba078b27046b6a11dd9ec39512b64e27b6dca4ff1e7d54167208093ba8?s=96&d=mm&r=g\",\"caption\":\"Redaccion\"},\"sameAs\":[\"http:\\\/\\\/metrpolinatonews.mx\"],\"url\":\"https:\\\/\\\/metropolitanonews.mx\\\/?author=12\"}]}<\/script>\n<!-- \/ Yoast SEO plugin. -->","yoast_head_json":{"title":"LO NIEGA TODO - Metropolitano News","robots":{"index":"index","follow":"follow","max-snippet":"max-snippet:-1","max-image-preview":"max-image-preview:large","max-video-preview":"max-video-preview:-1"},"canonical":"https:\/\/metropolitanonews.mx\/?p=2191","og_locale":"es_ES","og_type":"article","og_title":"LO NIEGA TODO - Metropolitano News","og_description":"Secas MecasOVED CONTRERAS LO NIEGA TODO\u2026los tundeteclas de la capital le pegaron una corretiza a la rectora de\u00a0El Colegio de Veracruz\u00a0(Colver),\u00a0Erandi Isabel L\u00f3pez Herrer\u00eda, sobrina del expresidente\u00a0Andr\u00e9s Manuel L\u00f3pez Obrador, ayer que acudi\u00f3 a montar la guardia de honor por el \u201cMes de la Patria\u201d, y neg\u00f3 que perciba un salario superior al de la [&hellip;]","og_url":"https:\/\/metropolitanonews.mx\/?p=2191","og_site_name":"Metropolitano News","article_published_time":"2026-09-04T16:12:38+00:00","article_modified_time":"2026-09-04T16:12:40+00:00","og_image":[{"width":1599,"height":899,"url":"https:\/\/metropolitanonews.mx\/wp-content\/uploads\/2026\/09\/PHOTO-2026-09-04-09-39-53.jpg","type":"image\/jpeg"}],"author":"Redaccion","twitter_card":"summary_large_image","twitter_misc":{"Escrito por":"Redaccion","Tiempo de lectura":"5 minutos"},"schema":{"@context":"https:\/\/schema.org","@graph":[{"@type":"Article","@id":"https:\/\/metropolitanonews.mx\/?p=2191#article","isPartOf":{"@id":"https:\/\/metropolitanonews.mx\/?p=2191"},"author":{"name":"Redaccion","@id":"https:\/\/metropolitanonews.mx\/#\/schema\/person\/5e143d068737b9206cdcb60ea7761ffa"},"headline":"LO NIEGA TODO","datePublished":"2026-09-04T16:12:38+00:00","dateModified":"2026-09-04T16:12:40+00:00","mainEntityOfPage":{"@id":"https:\/\/metropolitanonews.mx\/?p=2191"},"wordCount":1010,"commentCount":0,"image":{"@id":"https:\/\/metropolitanonews.mx\/?p=2191#primaryimage"},"thumbnailUrl":"https:\/\/metropolitanonews.mx\/wp-content\/uploads\/2026\/09\/PHOTO-2026-09-04-09-39-53.jpg","keywords":["Oved Contreras","Veracruz"],"articleSection":["Columnas"],"inLanguage":"es","potentialAction":[{"@type":"CommentAction","name":"Comment","target":["https:\/\/metropolitanonews.mx\/?p=2191#respond"]}]},{"@type":"WebPage","@id":"https:\/\/metropolitanonews.mx\/?p=2191","url":"https:\/\/metropolitanonews.mx\/?p=2191","name":"LO NIEGA TODO - Metropolitano News","isPartOf":{"@id":"https:\/\/metropolitanonews.mx\/#website"},"primaryImageOfPage":{"@id":"https:\/\/metropolitanonews.mx\/?p=2191#primaryimage"},"image":{"@id":"https:\/\/metropolitanonews.mx\/?p=2191#primaryimage"},"thumbnailUrl":"https:\/\/metropolitanonews.mx\/wp-content\/uploads\/2026\/09\/PHOTO-2026-09-04-09-39-53.jpg","datePublished":"2026-09-04T16:12:38+00:00","dateModified":"2026-09-04T16:12:40+00:00","author":{"@id":"https:\/\/metropolitanonews.mx\/#\/schema\/person\/5e143d068737b9206cdcb60ea7761ffa"},"breadcrumb":{"@id":"https:\/\/metropolitanonews.mx\/?p=2191#breadcrumb"},"inLanguage":"es","potentialAction":[{"@type":"ReadAction","target":["https:\/\/metropolitanonews.mx\/?p=2191"]}]},{"@type":"ImageObject","inLanguage":"es","@id":"https:\/\/metropolitanonews.mx\/?p=2191#primaryimage","url":"https:\/\/metropolitanonews.mx\/wp-content\/uploads\/2026\/09\/PHOTO-2026-09-04-09-39-53.jpg","contentUrl":"https:\/\/metropolitanonews.mx\/wp-content\/uploads\/2026\/09\/PHOTO-2026-09-04-09-39-53.jpg","width":1599,"height":899},{"@type":"BreadcrumbList","@id":"https:\/\/metropolitanonews.mx\/?p=2191#breadcrumb","itemListElement":[{"@type":"ListItem","position":1,"name":"Portada","item":"https:\/\/metropolitanonews.mx\/"},{"@type":"ListItem","position":2,"name":"LO NIEGA TODO"}]},{"@type":"WebSite","@id":"https:\/\/metropolitanonews.mx\/#website","url":"https:\/\/metropolitanonews.mx\/","name":"Metropolitano News","description":"","potentialAction":[{"@type":"SearchAction","target":{"@type":"EntryPoint","urlTemplate":"https:\/\/metropolitanonews.mx\/?s={search_term_string}"},"query-input":{"@type":"PropertyValueSpecification","valueRequired":true,"valueName":"search_term_string"}}],"inLanguage":"es"},{"@type":"Person","@id":"https:\/\/metropolitanonews.mx\/#\/schema\/person\/5e143d068737b9206cdcb60ea7761ffa","name":"Redaccion","image":{"@type":"ImageObject","inLanguage":"es","@id":"https:\/\/secure.gravatar.com\/avatar\/a121e7ba078b27046b6a11dd9ec39512b64e27b6dca4ff1e7d54167208093ba8?s=96&d=mm&r=ga2145a6ac8df3cd2db9e7e95baa980ec","url":"https:\/\/secure.gravatar.com\/avatar\/a121e7ba078b27046b6a11dd9ec39512b64e27b6dca4ff1e7d54167208093ba8?s=96&d=mm&r=g","contentUrl":"https:\/\/secure.gravatar.com\/avatar\/a121e7ba078b27046b6a11dd9ec39512b64e27b6dca4ff1e7d54167208093ba8?s=96&d=mm&r=g","caption":"Redaccion"},"sameAs":["http:\/\/metrpolinatonews.mx"],"url":"https:\/\/metropolitanonews.mx\/?author=12"}]}},"jetpack_sharing_enabled":true,"authors":[{"term_id":72,"user_id":12,"is_guest":0,"slug":"redaccion","display_name":"Redaccion","avatar_url":"https:\/\/secure.gravatar.com\/avatar\/a121e7ba078b27046b6a11dd9ec39512b64e27b6dca4ff1e7d54167208093ba8?s=96&d=mm&r=g","author_category":"","first_name":"Ra\u00fal","last_name":"Mart\u00ednez","user_url":"http:\/\/metrpolinatonews.mx","job_title":"","description":""}],"jetpack_featured_media_url":"https:\/\/metropolitanonews.mx\/wp-content\/uploads\/2026\/09\/PHOTO-2026-09-04-09-39-53.jpg","_links":{"self":[{"href":"https:\/\/metropolitanonews.mx\/index.php?rest_route=\/wp\/v2\/posts\/2191","targetHints":{"allow":["GET"]}}],"collection":[{"href":"https:\/\/metropolitanonews.mx\/index.php?rest_route=\/wp\/v2\/posts"}],"about":[{"href":"https:\/\/metropolitanonews.mx\/index.php?rest_route=\/wp\/v2\/types\/post"}],"author":[{"embeddable":true,"href":"https:\/\/metropolitanonews.mx\/index.php?rest_route=\/wp\/v2\/users\/12"}],"replies":[{"embeddable":true,"href":"https:\/\/metropolitanonews.mx\/index.php?rest_route=%2Fwp%2Fv2%2Fcomments&post=2191"}],"version-history":[{"count":1,"href":"https:\/\/metropolitanonews.mx\/index.php?rest_route=\/wp\/v2\/posts\/2191\/revisions"}],"predecessor-version":[{"id":2193,"href":"https:\/\/metropolitanonews.mx\/index.php?rest_route=\/wp\/v2\/posts\/2191\/revisions\/2193"}],"wp:featuredmedia":[{"embeddable":true,"href":"https:\/\/metropolitanonews.mx\/index.php?rest_route=\/wp\/v2\/media\/2192"}],"wp:attachment":[{"href":"https:\/\/metropolitanonews.mx\/index.php?rest_route=%2Fwp%2Fv2%2Fmedia&parent=2191"}],"wp:term":[{"taxonomy":"category","embeddable":true,"href":"https:\/\/metropolitanonews.mx\/index.php?rest_route=%2Fwp%2Fv2%2Fcategories&post=2191"},{"taxonomy":"post_tag","embeddable":true,"href":"https:\/\/metropolitanonews.mx\/index.php?rest_route=%2Fwp%2Fv2%2Ftags&post=2191"},{"taxonomy":"author","embeddable":true,"href":"https:\/\/metropolitanonews.mx\/index.php?rest_route=%2Fwp%2Fv2%2Fppma_author&post=2191"}],"curies":[{"name":"wp","href":"https:\/\/api.w.org\/{rel}","templated":true}]}}