{"id":2188,"date":"2026-09-04T10:04:59","date_gmt":"2026-09-04T16:04:59","guid":{"rendered":"https:\/\/metropolitanonews.mx\/?p=2188"},"modified":"2026-09-04T10:05:01","modified_gmt":"2026-09-04T16:05:01","slug":"harfuch-y-las-encuestas-en-veracruz","status":"publish","type":"post","link":"https:\/\/metropolitanonews.mx\/?p=2188","title":{"rendered":"HARFUCH Y LAS ENCUESTAS EN VERACRUZ"},"content":{"rendered":"\n<p class=\"wp-block-paragraph\"><strong>Sale y Vale<br>Ricardo Chua Agama<\/strong><\/p>\n\n\n\n<p class=\"wp-block-paragraph\">Cuenta \u00abGarganta Profunda\u00bb, que uno de los partidos aliados a la 4T en Veracruz.. Mand\u00f3 a realizar sondeos a mediados del pasado mes de agosto en la entidad.. Con la finalidad de saber en donde est\u00e1n parados ellos como organismo pol\u00edtico y sus posibles candidatos a diputados federales y locales, con miras a la elecci\u00f3n del 2027.. Pero el tema, no es que s\u00f3lo se midieron ellos, sino tambi\u00e9n sondearon las preferencias presidenciales rumbo al 2030.. Y el resultado fue contundente: En Veracruz, el m\u00e1s mencionado por el Movimiento de la Cuarta Transformaci\u00f3n es: Omar Garc\u00eda Harfuch.. Y no hay nadie que le \u00abpise los talones\u00bb..<\/p>\n\n\n\n<p class=\"wp-block-paragraph\">Seg\u00fan lo dicho por \u00abGarganta Profunda\u00bb en poca palabras.. En Veracruz no hay nadie que se compare con Harfuch.. La atenci\u00f3n medi\u00e1tica y pol\u00edtica la tiene a su favor el secretario de Seguridad P\u00fablica y Ciudadana del gobierno federal, es pr\u00e1cticamente inalcanzable en la entidad dentro de la 4T.. La sociedad lo tiene m\u00e1s en el \u00abradar\u00bb a el titular de la SSPC Federal, que a cualquier otro pol\u00edtico de MORENA.. As\u00ed que pr\u00e1cticamente a 4 a\u00f1os de la sucesi\u00f3n presidencial.. Al que ven con \u00abespolones\u00bb para llegar a Palacio Nacional es Garc\u00eda Harfuch.. El hombre del momento en M\u00e9xico..<\/p>\n\n\n\n<p class=\"wp-block-paragraph\">Ya que lo dicho por \u00abGarganta Profunda\u00bb es que en el sondeo realizado.. No se encontraron muchos puntos negativos en contra de Harfuch.. Pero s\u00ed en puntos positivos, el secretario de SSPC qued\u00f3 muy bien posicionado.. Lo cual tiene una explicaci\u00f3n muy l\u00f3gica.. La ciudadan\u00eda lo ve con \u00abbuenos ojos\u00bb.. Pese a cargar con la fama, de que \u00e9l es el polic\u00eda de M\u00e9xico.. Eso pareci\u00f3 no importar a la sociedad, quien le dio el visto bueno al personaje m\u00e1s cercano de la Presidenta Claudia Shienbaum.. De eso tampoco hay dudas..<\/p>\n\n\n\n<p class=\"wp-block-paragraph\">Lo que s\u00ed es un hecho.. Que desde 4 a\u00f1os antes de entrar a ese proceso federal, ya se tenga bien posicionado el nombre de Omar Garc\u00eda Harfuch, por medio de sondeos y encuestas.. Esto hace que su carrera Presidencial sea imparable.. Y as\u00ed cuando alg\u00fan otro en MORENA \u00ablevante la mano\u00bb para decir \u00abyo quiero\u00bb.. Va a ser muy dif\u00edcil que lo alcance en las encuestas porque Harfuch se mantendr\u00e1 s\u00f3lidamente dentro del gabinete de Claudia Sheinbaum.. Y con el apoyo Presidencial.. Pr\u00e1cticamente hace que se vuelva imparable.. Al menos en Veracruz..<\/p>\n\n\n\n<p class=\"wp-block-paragraph\">Hasta el momento, \u00e9l ser\u00eda el aspirante m\u00e1s adelantado que tiene MORENA en Veracruz para un hipot\u00e9tico tema en 2030 .. Adem\u00e1s tambi\u00e9n el funcionario federal sali\u00f3 adelante de muchos aspirantes que ser\u00e1n candidatos a diputados locales y federales en el estado, mismos que los midieron en sus distritos electorales.. Por lo tanto, se puede decir que hoy, no hay funcionario m\u00e1s fuerte e importante pol\u00edticamente dentro de la 4T en el Estado, que Omar Garc\u00eda Harfuch.. Y si contin\u00faa encabezando encuestas en todas partes del pa\u00eds.. S\u00f3lo Dios Padre podr\u00eda hacerlo a un lado.. Porque dentro del Movimiento no habr\u00e1 quien lo pueda enfrentar.. EL QUE ENTENDI\u00d3, LO ENTENDI\u00d3.. AMEN..<\/p>\n\n\n\n<p class=\"wp-block-paragraph\"><strong>FELIPE SOSA, EL \u00abAVE F\u00c9NIX\u00bb..<\/strong><\/p>\n\n\n\n<p class=\"wp-block-paragraph\">Despu\u00e9s de a\u00f1os de ser atacado, se\u00f1alado y vituperado en Veracruz por acciones pol\u00edticas, que presuntamente \u00e9l realiz\u00f3, por las cu\u00e1les, sus \u00abjefes\u00bb salieron inmunes y en muchas ocasiones lo dejaron solo.. Y al partido que le fue leal, tambi\u00e9n lo abandon\u00f3.. Todo parece indicar, que la historia le hace justicia.. Y el ayer criticado, Felipe Sosa Mora, ya ostenta el cargo de Coordinador Regional del Subsistema de Educaci\u00f3n Media Superior \u00abMargarita Maza\u00bb, en su sede de la entidad veracruzana.. Todo dentro de la Secretar\u00eda de Educaci\u00f3n P\u00fablica (SEP).. Es decir, hoy ya es un funcionario del gobierno federal de Claudia Sheinbaum..<\/p>\n\n\n\n<p class=\"wp-block-paragraph\">El \u00abrescate\u00bb de Felipe Sosa fue por parte de funcionarios cercanos al titular de la SEP, Mario Delgado Carrilo, quienes al enterarse que hab\u00eda salido de no muy buena manera de la Secretar\u00eda de Educaci\u00f3n de Veracruz, debido a \u00abgrillas palaciegas\u00bb en su contra.. Lo invitaron a incorporarse con ellos al gobierno federal.. Dado que Felipe hab\u00eda sido una especie de \u00abenlace\u00bb de ellos cuando este personaje estaba en la SEV con Claudia Tello.. Pero con su salida en enero del 2025, ah\u00ed fue que se incorpor\u00f3 a sus nuevas funciones en CDMX y Veracruz..<\/p>\n\n\n\n<p class=\"wp-block-paragraph\">As\u00ed que de esa manera, al paso del tiempo, Sosa Mora se gan\u00f3 la confianza de Mario Delgado.. Y por ello, es que se instruy\u00f3 a Vladimir Valdez P\u00e9rez-N\u00fa\u00f1ez, director General de Bachilleratos de la SEP, para nombrarlo en el cargo, que ya ostenta desde hace m\u00e1s de un d\u00eda.. Ahora lejos de la \u00abgrilla\u00bb pol\u00edtica.. Felipe Sosa tendr\u00e1 la oportunidad de demostrar que conoce del tema educativo y administrativo.. Y ahora tendr\u00e1 que acercar la educaci\u00f3n media superior a m\u00e1s j\u00f3venes y comunidades.. Que finalmente esa es su verdadera funci\u00f3n.. UN \u00abAVE F\u00c9NIX\u00bb.. AMEN..<\/p>\n","protected":false},"excerpt":{"rendered":"<p>Sale y ValeRicardo Chua Agama Cuenta \u00abGarganta Profunda\u00bb, que uno de los partidos aliados a la 4T en Veracruz.. Mand\u00f3 a realizar sondeos a mediados del pasado mes de agosto en la entidad.. Con la finalidad de saber en donde est\u00e1n parados ellos como organismo pol\u00edtico y sus posibles candidatos a diputados federales y locales, [&hellip;]<\/p>\n","protected":false},"author":12,"featured_media":2189,"comment_status":"open","ping_status":"open","sticky":false,"template":"","format":"standard","meta":{"_jetpack_newsletter_access":"","_jetpack_dont_email_post_to_subs":false,"_jetpack_newsletter_tier_id":0,"_jetpack_memberships_contains_paywalled_content":false,"_jetpack_memberships_contains_paid_content":false,"footnotes":""},"categories":[17],"tags":[95,40],"ppma_author":[72],"class_list":["post-2188","post","type-post","status-publish","format-standard","has-post-thumbnail","category-columnas","tag-ricardo-chua-agama","tag-veracruz"],"yoast_head":"<!-- This site is optimized with the Yoast SEO plugin v28.4 - https:\/\/yoast.com\/product\/yoast-seo-wordpress\/ -->\n<title>HARFUCH Y LAS ENCUESTAS EN VERACRUZ - Metropolitano News<\/title>\n<meta name=\"robots\" content=\"index, follow, max-snippet:-1, max-image-preview:large, max-video-preview:-1\" \/>\n<link rel=\"canonical\" href=\"https:\/\/metropolitanonews.mx\/?p=2188\" \/>\n<meta property=\"og:locale\" content=\"es_ES\" \/>\n<meta property=\"og:type\" content=\"article\" \/>\n<meta property=\"og:title\" content=\"HARFUCH Y LAS ENCUESTAS EN VERACRUZ - Metropolitano News\" \/>\n<meta property=\"og:description\" content=\"Sale y ValeRicardo Chua Agama Cuenta \u00abGarganta Profunda\u00bb, que uno de los partidos aliados a la 4T en Veracruz.. Mand\u00f3 a realizar sondeos a mediados del pasado mes de agosto en la entidad.. Con la finalidad de saber en donde est\u00e1n parados ellos como organismo pol\u00edtico y sus posibles candidatos a diputados federales y locales, [&hellip;]\" \/>\n<meta property=\"og:url\" content=\"https:\/\/metropolitanonews.mx\/?p=2188\" \/>\n<meta property=\"og:site_name\" content=\"Metropolitano News\" \/>\n<meta property=\"article:published_time\" content=\"2026-09-04T16:04:59+00:00\" \/>\n<meta property=\"article:modified_time\" content=\"2026-09-04T16:05:01+00:00\" \/>\n<meta property=\"og:image\" content=\"https:\/\/metropolitanonews.mx\/wp-content\/uploads\/2026\/09\/PHOTO-2026-09-04-06-22-37.jpg\" \/>\n\t<meta property=\"og:image:width\" content=\"1600\" \/>\n\t<meta property=\"og:image:height\" content=\"1182\" \/>\n\t<meta property=\"og:image:type\" content=\"image\/jpeg\" \/>\n<meta name=\"author\" content=\"Redaccion\" \/>\n<meta name=\"twitter:card\" content=\"summary_large_image\" \/>\n<meta name=\"twitter:label1\" content=\"Escrito por\" \/>\n\t<meta name=\"twitter:data1\" content=\"Redaccion\" \/>\n\t<meta name=\"twitter:label2\" content=\"Tiempo de lectura\" \/>\n\t<meta name=\"twitter:data2\" content=\"4 minutos\" \/>\n<script type=\"application\/ld+json\" class=\"yoast-schema-graph\">{\"@context\":\"https:\\\/\\\/schema.org\",\"@graph\":[{\"@type\":\"Article\",\"@id\":\"https:\\\/\\\/metropolitanonews.mx\\\/?p=2188#article\",\"isPartOf\":{\"@id\":\"https:\\\/\\\/metropolitanonews.mx\\\/?p=2188\"},\"author\":{\"name\":\"Redaccion\",\"@id\":\"https:\\\/\\\/metropolitanonews.mx\\\/#\\\/schema\\\/person\\\/5e143d068737b9206cdcb60ea7761ffa\"},\"headline\":\"HARFUCH Y LAS ENCUESTAS EN VERACRUZ\",\"datePublished\":\"2026-09-04T16:04:59+00:00\",\"dateModified\":\"2026-09-04T16:05:01+00:00\",\"mainEntityOfPage\":{\"@id\":\"https:\\\/\\\/metropolitanonews.mx\\\/?p=2188\"},\"wordCount\":873,\"commentCount\":0,\"image\":{\"@id\":\"https:\\\/\\\/metropolitanonews.mx\\\/?p=2188#primaryimage\"},\"thumbnailUrl\":\"https:\\\/\\\/metropolitanonews.mx\\\/wp-content\\\/uploads\\\/2026\\\/09\\\/PHOTO-2026-09-04-06-22-37.jpg\",\"keywords\":[\"Ricardo Chua Agama\",\"Veracruz\"],\"articleSection\":[\"Columnas\"],\"inLanguage\":\"es\",\"potentialAction\":[{\"@type\":\"CommentAction\",\"name\":\"Comment\",\"target\":[\"https:\\\/\\\/metropolitanonews.mx\\\/?p=2188#respond\"]}]},{\"@type\":\"WebPage\",\"@id\":\"https:\\\/\\\/metropolitanonews.mx\\\/?p=2188\",\"url\":\"https:\\\/\\\/metropolitanonews.mx\\\/?p=2188\",\"name\":\"HARFUCH Y LAS ENCUESTAS EN VERACRUZ - Metropolitano News\",\"isPartOf\":{\"@id\":\"https:\\\/\\\/metropolitanonews.mx\\\/#website\"},\"primaryImageOfPage\":{\"@id\":\"https:\\\/\\\/metropolitanonews.mx\\\/?p=2188#primaryimage\"},\"image\":{\"@id\":\"https:\\\/\\\/metropolitanonews.mx\\\/?p=2188#primaryimage\"},\"thumbnailUrl\":\"https:\\\/\\\/metropolitanonews.mx\\\/wp-content\\\/uploads\\\/2026\\\/09\\\/PHOTO-2026-09-04-06-22-37.jpg\",\"datePublished\":\"2026-09-04T16:04:59+00:00\",\"dateModified\":\"2026-09-04T16:05:01+00:00\",\"author\":{\"@id\":\"https:\\\/\\\/metropolitanonews.mx\\\/#\\\/schema\\\/person\\\/5e143d068737b9206cdcb60ea7761ffa\"},\"breadcrumb\":{\"@id\":\"https:\\\/\\\/metropolitanonews.mx\\\/?p=2188#breadcrumb\"},\"inLanguage\":\"es\",\"potentialAction\":[{\"@type\":\"ReadAction\",\"target\":[\"https:\\\/\\\/metropolitanonews.mx\\\/?p=2188\"]}]},{\"@type\":\"ImageObject\",\"inLanguage\":\"es\",\"@id\":\"https:\\\/\\\/metropolitanonews.mx\\\/?p=2188#primaryimage\",\"url\":\"https:\\\/\\\/metropolitanonews.mx\\\/wp-content\\\/uploads\\\/2026\\\/09\\\/PHOTO-2026-09-04-06-22-37.jpg\",\"contentUrl\":\"https:\\\/\\\/metropolitanonews.mx\\\/wp-content\\\/uploads\\\/2026\\\/09\\\/PHOTO-2026-09-04-06-22-37.jpg\",\"width\":1600,\"height\":1182},{\"@type\":\"BreadcrumbList\",\"@id\":\"https:\\\/\\\/metropolitanonews.mx\\\/?p=2188#breadcrumb\",\"itemListElement\":[{\"@type\":\"ListItem\",\"position\":1,\"name\":\"Portada\",\"item\":\"https:\\\/\\\/metropolitanonews.mx\\\/\"},{\"@type\":\"ListItem\",\"position\":2,\"name\":\"HARFUCH Y LAS ENCUESTAS EN VERACRUZ\"}]},{\"@type\":\"WebSite\",\"@id\":\"https:\\\/\\\/metropolitanonews.mx\\\/#website\",\"url\":\"https:\\\/\\\/metropolitanonews.mx\\\/\",\"name\":\"Metropolitano News\",\"description\":\"\",\"potentialAction\":[{\"@type\":\"SearchAction\",\"target\":{\"@type\":\"EntryPoint\",\"urlTemplate\":\"https:\\\/\\\/metropolitanonews.mx\\\/?s={search_term_string}\"},\"query-input\":{\"@type\":\"PropertyValueSpecification\",\"valueRequired\":true,\"valueName\":\"search_term_string\"}}],\"inLanguage\":\"es\"},{\"@type\":\"Person\",\"@id\":\"https:\\\/\\\/metropolitanonews.mx\\\/#\\\/schema\\\/person\\\/5e143d068737b9206cdcb60ea7761ffa\",\"name\":\"Redaccion\",\"image\":{\"@type\":\"ImageObject\",\"inLanguage\":\"es\",\"@id\":\"https:\\\/\\\/secure.gravatar.com\\\/avatar\\\/a121e7ba078b27046b6a11dd9ec39512b64e27b6dca4ff1e7d54167208093ba8?s=96&d=mm&r=ga2145a6ac8df3cd2db9e7e95baa980ec\",\"url\":\"https:\\\/\\\/secure.gravatar.com\\\/avatar\\\/a121e7ba078b27046b6a11dd9ec39512b64e27b6dca4ff1e7d54167208093ba8?s=96&d=mm&r=g\",\"contentUrl\":\"https:\\\/\\\/secure.gravatar.com\\\/avatar\\\/a121e7ba078b27046b6a11dd9ec39512b64e27b6dca4ff1e7d54167208093ba8?s=96&d=mm&r=g\",\"caption\":\"Redaccion\"},\"sameAs\":[\"http:\\\/\\\/metrpolinatonews.mx\"],\"url\":\"https:\\\/\\\/metropolitanonews.mx\\\/?author=12\"}]}<\/script>\n<!-- \/ Yoast SEO plugin. -->","yoast_head_json":{"title":"HARFUCH Y LAS ENCUESTAS EN VERACRUZ - Metropolitano News","robots":{"index":"index","follow":"follow","max-snippet":"max-snippet:-1","max-image-preview":"max-image-preview:large","max-video-preview":"max-video-preview:-1"},"canonical":"https:\/\/metropolitanonews.mx\/?p=2188","og_locale":"es_ES","og_type":"article","og_title":"HARFUCH Y LAS ENCUESTAS EN VERACRUZ - Metropolitano News","og_description":"Sale y ValeRicardo Chua Agama Cuenta \u00abGarganta Profunda\u00bb, que uno de los partidos aliados a la 4T en Veracruz.. Mand\u00f3 a realizar sondeos a mediados del pasado mes de agosto en la entidad.. Con la finalidad de saber en donde est\u00e1n parados ellos como organismo pol\u00edtico y sus posibles candidatos a diputados federales y locales, [&hellip;]","og_url":"https:\/\/metropolitanonews.mx\/?p=2188","og_site_name":"Metropolitano News","article_published_time":"2026-09-04T16:04:59+00:00","article_modified_time":"2026-09-04T16:05:01+00:00","og_image":[{"width":1600,"height":1182,"url":"https:\/\/metropolitanonews.mx\/wp-content\/uploads\/2026\/09\/PHOTO-2026-09-04-06-22-37.jpg","type":"image\/jpeg"}],"author":"Redaccion","twitter_card":"summary_large_image","twitter_misc":{"Escrito por":"Redaccion","Tiempo de lectura":"4 minutos"},"schema":{"@context":"https:\/\/schema.org","@graph":[{"@type":"Article","@id":"https:\/\/metropolitanonews.mx\/?p=2188#article","isPartOf":{"@id":"https:\/\/metropolitanonews.mx\/?p=2188"},"author":{"name":"Redaccion","@id":"https:\/\/metropolitanonews.mx\/#\/schema\/person\/5e143d068737b9206cdcb60ea7761ffa"},"headline":"HARFUCH Y LAS ENCUESTAS EN VERACRUZ","datePublished":"2026-09-04T16:04:59+00:00","dateModified":"2026-09-04T16:05:01+00:00","mainEntityOfPage":{"@id":"https:\/\/metropolitanonews.mx\/?p=2188"},"wordCount":873,"commentCount":0,"image":{"@id":"https:\/\/metropolitanonews.mx\/?p=2188#primaryimage"},"thumbnailUrl":"https:\/\/metropolitanonews.mx\/wp-content\/uploads\/2026\/09\/PHOTO-2026-09-04-06-22-37.jpg","keywords":["Ricardo Chua Agama","Veracruz"],"articleSection":["Columnas"],"inLanguage":"es","potentialAction":[{"@type":"CommentAction","name":"Comment","target":["https:\/\/metropolitanonews.mx\/?p=2188#respond"]}]},{"@type":"WebPage","@id":"https:\/\/metropolitanonews.mx\/?p=2188","url":"https:\/\/metropolitanonews.mx\/?p=2188","name":"HARFUCH Y LAS ENCUESTAS EN VERACRUZ - Metropolitano News","isPartOf":{"@id":"https:\/\/metropolitanonews.mx\/#website"},"primaryImageOfPage":{"@id":"https:\/\/metropolitanonews.mx\/?p=2188#primaryimage"},"image":{"@id":"https:\/\/metropolitanonews.mx\/?p=2188#primaryimage"},"thumbnailUrl":"https:\/\/metropolitanonews.mx\/wp-content\/uploads\/2026\/09\/PHOTO-2026-09-04-06-22-37.jpg","datePublished":"2026-09-04T16:04:59+00:00","dateModified":"2026-09-04T16:05:01+00:00","author":{"@id":"https:\/\/metropolitanonews.mx\/#\/schema\/person\/5e143d068737b9206cdcb60ea7761ffa"},"breadcrumb":{"@id":"https:\/\/metropolitanonews.mx\/?p=2188#breadcrumb"},"inLanguage":"es","potentialAction":[{"@type":"ReadAction","target":["https:\/\/metropolitanonews.mx\/?p=2188"]}]},{"@type":"ImageObject","inLanguage":"es","@id":"https:\/\/metropolitanonews.mx\/?p=2188#primaryimage","url":"https:\/\/metropolitanonews.mx\/wp-content\/uploads\/2026\/09\/PHOTO-2026-09-04-06-22-37.jpg","contentUrl":"https:\/\/metropolitanonews.mx\/wp-content\/uploads\/2026\/09\/PHOTO-2026-09-04-06-22-37.jpg","width":1600,"height":1182},{"@type":"BreadcrumbList","@id":"https:\/\/metropolitanonews.mx\/?p=2188#breadcrumb","itemListElement":[{"@type":"ListItem","position":1,"name":"Portada","item":"https:\/\/metropolitanonews.mx\/"},{"@type":"ListItem","position":2,"name":"HARFUCH Y LAS ENCUESTAS EN VERACRUZ"}]},{"@type":"WebSite","@id":"https:\/\/metropolitanonews.mx\/#website","url":"https:\/\/metropolitanonews.mx\/","name":"Metropolitano News","description":"","potentialAction":[{"@type":"SearchAction","target":{"@type":"EntryPoint","urlTemplate":"https:\/\/metropolitanonews.mx\/?s={search_term_string}"},"query-input":{"@type":"PropertyValueSpecification","valueRequired":true,"valueName":"search_term_string"}}],"inLanguage":"es"},{"@type":"Person","@id":"https:\/\/metropolitanonews.mx\/#\/schema\/person\/5e143d068737b9206cdcb60ea7761ffa","name":"Redaccion","image":{"@type":"ImageObject","inLanguage":"es","@id":"https:\/\/secure.gravatar.com\/avatar\/a121e7ba078b27046b6a11dd9ec39512b64e27b6dca4ff1e7d54167208093ba8?s=96&d=mm&r=ga2145a6ac8df3cd2db9e7e95baa980ec","url":"https:\/\/secure.gravatar.com\/avatar\/a121e7ba078b27046b6a11dd9ec39512b64e27b6dca4ff1e7d54167208093ba8?s=96&d=mm&r=g","contentUrl":"https:\/\/secure.gravatar.com\/avatar\/a121e7ba078b27046b6a11dd9ec39512b64e27b6dca4ff1e7d54167208093ba8?s=96&d=mm&r=g","caption":"Redaccion"},"sameAs":["http:\/\/metrpolinatonews.mx"],"url":"https:\/\/metropolitanonews.mx\/?author=12"}]}},"jetpack_sharing_enabled":true,"authors":[{"term_id":72,"user_id":12,"is_guest":0,"slug":"redaccion","display_name":"Redaccion","avatar_url":"https:\/\/secure.gravatar.com\/avatar\/a121e7ba078b27046b6a11dd9ec39512b64e27b6dca4ff1e7d54167208093ba8?s=96&d=mm&r=g","author_category":"","first_name":"Ra\u00fal","last_name":"Mart\u00ednez","user_url":"http:\/\/metrpolinatonews.mx","job_title":"","description":""}],"jetpack_featured_media_url":"https:\/\/metropolitanonews.mx\/wp-content\/uploads\/2026\/09\/PHOTO-2026-09-04-06-22-37.jpg","_links":{"self":[{"href":"https:\/\/metropolitanonews.mx\/index.php?rest_route=\/wp\/v2\/posts\/2188","targetHints":{"allow":["GET"]}}],"collection":[{"href":"https:\/\/metropolitanonews.mx\/index.php?rest_route=\/wp\/v2\/posts"}],"about":[{"href":"https:\/\/metropolitanonews.mx\/index.php?rest_route=\/wp\/v2\/types\/post"}],"author":[{"embeddable":true,"href":"https:\/\/metropolitanonews.mx\/index.php?rest_route=\/wp\/v2\/users\/12"}],"replies":[{"embeddable":true,"href":"https:\/\/metropolitanonews.mx\/index.php?rest_route=%2Fwp%2Fv2%2Fcomments&post=2188"}],"version-history":[{"count":1,"href":"https:\/\/metropolitanonews.mx\/index.php?rest_route=\/wp\/v2\/posts\/2188\/revisions"}],"predecessor-version":[{"id":2190,"href":"https:\/\/metropolitanonews.mx\/index.php?rest_route=\/wp\/v2\/posts\/2188\/revisions\/2190"}],"wp:featuredmedia":[{"embeddable":true,"href":"https:\/\/metropolitanonews.mx\/index.php?rest_route=\/wp\/v2\/media\/2189"}],"wp:attachment":[{"href":"https:\/\/metropolitanonews.mx\/index.php?rest_route=%2Fwp%2Fv2%2Fmedia&parent=2188"}],"wp:term":[{"taxonomy":"category","embeddable":true,"href":"https:\/\/metropolitanonews.mx\/index.php?rest_route=%2Fwp%2Fv2%2Fcategories&post=2188"},{"taxonomy":"post_tag","embeddable":true,"href":"https:\/\/metropolitanonews.mx\/index.php?rest_route=%2Fwp%2Fv2%2Ftags&post=2188"},{"taxonomy":"author","embeddable":true,"href":"https:\/\/metropolitanonews.mx\/index.php?rest_route=%2Fwp%2Fv2%2Fppma_author&post=2188"}],"curies":[{"name":"wp","href":"https:\/\/api.w.org\/{rel}","templated":true}]}}