{"id":2180,"date":"2026-09-03T08:51:17","date_gmt":"2026-09-03T14:51:17","guid":{"rendered":"https:\/\/metropolitanonews.mx\/?p=2180"},"modified":"2026-09-03T08:51:18","modified_gmt":"2026-09-03T14:51:18","slug":"son-bien-chambeadores","status":"publish","type":"post","link":"https:\/\/metropolitanonews.mx\/?p=2180","title":{"rendered":"SON BIEN CHAMBEADORES"},"content":{"rendered":"\n<p class=\"wp-block-paragraph\"><strong>Secas Mecas<br>OVED CONTRERAS<\/strong><\/p>\n\n\n\n<p class=\"wp-block-paragraph\"><strong>SON BIEN CHAMBEADORES\u2026<\/strong>la gobernadora Roc\u00edo Nahle confirm\u00f3 lo dicho por el pelonete Ricardo Ahued, que tres sobrinos del expresidente Andr\u00e9s Manuel L\u00f3pez Obrador, est\u00e1n en la n\u00f3mina del gobierno estatal pero aclara que son tres muchachos que viven en Xalapa desde hace muchos a\u00f1os, estudiaron en la Universidad Veracruzana, \u201cque son muchachos preparados que est\u00e1n trabajando en el Gobierno\u201d, y aclara que no son sis familiares, y que no cae en ning\u00fan nepotismo.<\/p>\n\n\n\n<p class=\"wp-block-paragraph\">La mandataria confirm\u00f3 que los tres hijos de Arturo L\u00f3pez Obrador, hermano del expresidente, laboran en distintas \u00e1reas del Gobierno de Veracruz: Erandi Isabel, Tarheni Andrea y Pedro Arturo L\u00f3pez Herrer\u00eda. A ellos se suma Leonel Efr\u00e9n Rivera Pinete, esposo de Erandi Isabel y, por lo tanto, sobrino pol\u00edtico de L\u00f3pez Obrador, quien ocupa la Direcci\u00f3n de Salud P\u00fablica de los Servicios de Salud de Veracruz (Sesver).<\/p>\n\n\n\n<p class=\"wp-block-paragraph\">La t\u00eda Ch\u00edo explica que la presencia de los familiares del exmandatario federal en su gobierno no puede considerarse nepotismo porque no guardan parentesco con ella. La mandataria reiter\u00f3 que los tres son eficientes y trabajan cotidianamente en la administraci\u00f3n estatal. Incluso cuestion\u00f3 las cr\u00edticas que han recibido exclusivamente por formar parte de la familia L\u00f3pez Obrador.<\/p>\n\n\n\n<p class=\"wp-block-paragraph\">\u201c\u00bfQu\u00e9 culpa tienen ellos de ser se\u00f1alados?\u201d, plante\u00f3, y compar\u00f3 el caso con la presencia durante a\u00f1os de distintos integrantes de la familia Yunes en cargos p\u00fablicos y de elecci\u00f3n popular en Veracruz. La t\u00eda Ch\u00edo dijo que lo que s\u00ed la sorprendi\u00f3 fue el supuesto sueldazo que tendr\u00eda Erandi Isabel L\u00f3pez Herrer\u00eda como rectora del Colegio de Veracruz. Seg\u00fan la Plataforma Nacional de Transparencia, la funcionaria tiene registrada una remuneraci\u00f3n mensual bruta de 145 mil 322.51 pesos, con una percepci\u00f3n neta de 106 mil 433.37 pesos.<\/p>\n\n\n\n<p class=\"wp-block-paragraph\">Nahle reconoci\u00f3 que desconoc\u00eda esa situaci\u00f3n y afirm\u00f3 que inmediatamente pidi\u00f3 la secretaria de Educaci\u00f3n, Raquel Bonilla, para revisar la percepci\u00f3n de la rectora \u201cporque ni ella ni nadie puede tener ese salario, as\u00ed que ped\u00ed que se ajustara\u201d. La t\u00eda Ch\u00edo critic\u00f3 que se haga un esc\u00e1ndalo cuando no hay esc\u00e1ndalo, y sostuvo que este golpeteo y campa\u00f1a negra es injusto para los sobrinos del expresidente.<\/p>\n\n\n\n<p class=\"wp-block-paragraph\">Una fuente bien enterada del tema nos aclar\u00f3 que Pedro Arturo L\u00f3pez Herrer\u00eda, quien trabaja como asesor en la Secretar\u00eda de Gobierno, no gana 12 mil pesos como se divulg\u00f3 en diversos medios\u2026que el muchacho debe tener muy buenas palancas porque gana m\u00e1s de 90 mil pesos\u2026que hay maneras de ocultar el salario y que el hecho de que eso aparezca en Transparencia no necesariamente indica que ese sea su sueldo. Ser\u00eda el segundo sobrino con sueldo de lujo incluso por arriba de la gobernadora, que eso s\u00ed ya ser\u00eda un esc\u00e1ndalo.<\/p>\n\n\n\n<p class=\"wp-block-paragraph\"><strong>AMENAZAN CON DESPIDO\u2026<\/strong>debe de estar muy enojado don Besuc\u00f3n Roberto Ramos Alor con todo lo que se ha publicado acerca de los faltantes de insumos y medicinas en hospitales de su competencia, porque no resuelve el problema: el personal del IMSS-Bienestar acudi\u00f3 al Centro de Alta Especialidad \u201cDr. Rafael Lucio\u201d pero s\u00f3lo para amenazar a los directivos con despedir a todo aquel que siga publicando o externe la carencia de insumos. \u00a1Qu\u00e9 miserables!<\/p>\n\n\n\n<p class=\"wp-block-paragraph\">Otra cara muestra la gobernadora Roc\u00edo Nahle que tras la reuni\u00f3n con el sector salud de Veracruz, inform\u00f3 que revisaron los faltantes de insumos y medicamentos hospital por hospital y dio a conocer que los m\u00e1s representativos est\u00e1n en Veracruz, Boca del R\u00edo y Xalapa, que son donde se atiende a m\u00e1s gente.<\/p>\n\n\n\n<p class=\"wp-block-paragraph\">Dijo que esto surgi\u00f3 a ra\u00edz de escuch\u00f3 que faltan algunos materiales de curaci\u00f3n en algunos hospitales, \u201cy me sent\u00e9 con el IMSS-Bienestar, me sent\u00e9 con la Secretar\u00eda y con el \u00e1rea administrativa. Estuvimos revisando en qu\u00e9 hospitales faltan y qu\u00e9 hospitales no faltan, o d\u00f3nde tenemos en exceso o en almac\u00e9n para que podamos moverlos\u201d.<\/p>\n\n\n\n<p class=\"wp-block-paragraph\">La Mandataria asegur\u00f3 que hay hospitales en los que no tienen ning\u00fan problema. Son 60 hospitales del IMSS-Bienestar en Veracruz entonces se revis\u00f3 hospital por hospital, y entre el IMSS-Bienestar que ya est\u00e9 enviando el d\u00eda de hoy de M\u00e9xico alg\u00fan material que llegar\u00e1 hoy o ma\u00f1ana, y lo que no tenga el IMSS-Bienestar se est\u00e1 comprando.<\/p>\n\n\n\n<p class=\"wp-block-paragraph\">Nahle Garc\u00eda expuso que se abastecer\u00e1 para que todos los hospitales tengan el material de curaci\u00f3n que se requiere para operaciones o para intervenciones, y se le dice a la gente \u201cque yo los escucho, y a los directores, los m\u00e9dicos son los que tienen que atender ah\u00ed y nosotros tenemos que ponerles todas las herramientas, todos los medicamentos para que tengan que atender a nuestra gente como se lo merece, de lo mejor.<\/p>\n\n\n\n<p class=\"wp-block-paragraph\">A Roberto Ramos lo pierde la mecha corta, cree que las cr\u00edticas por faltantes son agresiones en su contra como aquella vez que siendo secretario en el sexenio pasado, dijo a sus cr\u00edticos que ning\u00fan chile le embona\u2026deber\u00eda ocuparse en resolver lo que hace falta en el sector Salud que para eso le pagan en lugar de andar de grillo.<\/p>\n\n\n\n<p class=\"wp-block-paragraph\"><strong>OTRO CON SUELDAZO\u2026<\/strong>el director de Radio Televisi\u00f3n de Veracruz (RTV), Alejandro Esteban Sosa Ben\u00edtez, recibi\u00f3 un aumento salarial del 45.89 por ciento durante el segundo trimestre del presente a\u00f1o, seg\u00fan los informes oficiales reportados en la Plataforma Nacional de Transparencia.<\/p>\n\n\n\n<p class=\"wp-block-paragraph\">El Organismo P\u00fablico Descentralizado del Gobierno del Estado report\u00f3 que, en el segundo trimestre de este a\u00f1o, el directivo de RTV percibi\u00f3 un salario bruto de 88 mil 770 pesos y neto (descontando los impuestos) de 83 mil 752 pesos mensuales. El salario percibido por el funcionario estatal es apenas 998 pesos menos de la percepci\u00f3n designada a la gobernadora Roc\u00edo Nahle Garc\u00eda, la cual fue establecida en 84 mil 750 pesos en el tabulador salarial del presupuesto de 2026, aprobado por el Congreso del Estado.<\/p>\n","protected":false},"excerpt":{"rendered":"<p>Secas MecasOVED CONTRERAS SON BIEN CHAMBEADORES\u2026la gobernadora Roc\u00edo Nahle confirm\u00f3 lo dicho por el pelonete Ricardo Ahued, que tres sobrinos del expresidente Andr\u00e9s Manuel L\u00f3pez Obrador, est\u00e1n en la n\u00f3mina del gobierno estatal pero aclara que son tres muchachos que viven en Xalapa desde hace muchos a\u00f1os, estudiaron en la Universidad Veracruzana, \u201cque son muchachos [&hellip;]<\/p>\n","protected":false},"author":12,"featured_media":2181,"comment_status":"open","ping_status":"open","sticky":false,"template":"","format":"standard","meta":{"_jetpack_newsletter_access":"","_jetpack_dont_email_post_to_subs":false,"_jetpack_newsletter_tier_id":0,"_jetpack_memberships_contains_paywalled_content":false,"_jetpack_memberships_contains_paid_content":false,"footnotes":""},"categories":[17],"tags":[76,40],"ppma_author":[72],"class_list":["post-2180","post","type-post","status-publish","format-standard","has-post-thumbnail","category-columnas","tag-oved-contreras","tag-veracruz"],"yoast_head":"<!-- This site is optimized with the Yoast SEO plugin v28.4 - https:\/\/yoast.com\/product\/yoast-seo-wordpress\/ -->\n<title>SON BIEN CHAMBEADORES - Metropolitano News<\/title>\n<meta name=\"robots\" content=\"index, follow, max-snippet:-1, max-image-preview:large, max-video-preview:-1\" \/>\n<link rel=\"canonical\" href=\"https:\/\/metropolitanonews.mx\/?p=2180\" \/>\n<meta property=\"og:locale\" content=\"es_ES\" \/>\n<meta property=\"og:type\" content=\"article\" \/>\n<meta property=\"og:title\" content=\"SON BIEN CHAMBEADORES - Metropolitano News\" \/>\n<meta property=\"og:description\" content=\"Secas MecasOVED CONTRERAS SON BIEN CHAMBEADORES\u2026la gobernadora Roc\u00edo Nahle confirm\u00f3 lo dicho por el pelonete Ricardo Ahued, que tres sobrinos del expresidente Andr\u00e9s Manuel L\u00f3pez Obrador, est\u00e1n en la n\u00f3mina del gobierno estatal pero aclara que son tres muchachos que viven en Xalapa desde hace muchos a\u00f1os, estudiaron en la Universidad Veracruzana, \u201cque son muchachos [&hellip;]\" \/>\n<meta property=\"og:url\" content=\"https:\/\/metropolitanonews.mx\/?p=2180\" \/>\n<meta property=\"og:site_name\" content=\"Metropolitano News\" \/>\n<meta property=\"article:published_time\" content=\"2026-09-03T14:51:17+00:00\" \/>\n<meta property=\"article:modified_time\" content=\"2026-09-03T14:51:18+00:00\" \/>\n<meta property=\"og:image\" content=\"https:\/\/metropolitanonews.mx\/wp-content\/uploads\/2026\/09\/Captura-de-pantalla-2026-09-03-a-las-8.48.51-a.m.png\" \/>\n\t<meta property=\"og:image:width\" content=\"1488\" \/>\n\t<meta property=\"og:image:height\" content=\"788\" \/>\n\t<meta property=\"og:image:type\" content=\"image\/png\" \/>\n<meta name=\"author\" content=\"Redaccion\" \/>\n<meta name=\"twitter:card\" content=\"summary_large_image\" \/>\n<meta name=\"twitter:label1\" content=\"Escrito por\" \/>\n\t<meta name=\"twitter:data1\" content=\"Redaccion\" \/>\n\t<meta name=\"twitter:label2\" content=\"Tiempo de lectura\" \/>\n\t<meta name=\"twitter:data2\" content=\"5 minutos\" \/>\n<script type=\"application\/ld+json\" class=\"yoast-schema-graph\">{\"@context\":\"https:\\\/\\\/schema.org\",\"@graph\":[{\"@type\":\"Article\",\"@id\":\"https:\\\/\\\/metropolitanonews.mx\\\/?p=2180#article\",\"isPartOf\":{\"@id\":\"https:\\\/\\\/metropolitanonews.mx\\\/?p=2180\"},\"author\":{\"name\":\"Redaccion\",\"@id\":\"https:\\\/\\\/metropolitanonews.mx\\\/#\\\/schema\\\/person\\\/5e143d068737b9206cdcb60ea7761ffa\"},\"headline\":\"SON BIEN CHAMBEADORES\",\"datePublished\":\"2026-09-03T14:51:17+00:00\",\"dateModified\":\"2026-09-03T14:51:18+00:00\",\"mainEntityOfPage\":{\"@id\":\"https:\\\/\\\/metropolitanonews.mx\\\/?p=2180\"},\"wordCount\":1021,\"commentCount\":0,\"image\":{\"@id\":\"https:\\\/\\\/metropolitanonews.mx\\\/?p=2180#primaryimage\"},\"thumbnailUrl\":\"https:\\\/\\\/metropolitanonews.mx\\\/wp-content\\\/uploads\\\/2026\\\/09\\\/Captura-de-pantalla-2026-09-03-a-las-8.48.51-a.m.png\",\"keywords\":[\"Oved Contreras\",\"Veracruz\"],\"articleSection\":[\"Columnas\"],\"inLanguage\":\"es\",\"potentialAction\":[{\"@type\":\"CommentAction\",\"name\":\"Comment\",\"target\":[\"https:\\\/\\\/metropolitanonews.mx\\\/?p=2180#respond\"]}]},{\"@type\":\"WebPage\",\"@id\":\"https:\\\/\\\/metropolitanonews.mx\\\/?p=2180\",\"url\":\"https:\\\/\\\/metropolitanonews.mx\\\/?p=2180\",\"name\":\"SON BIEN CHAMBEADORES - Metropolitano News\",\"isPartOf\":{\"@id\":\"https:\\\/\\\/metropolitanonews.mx\\\/#website\"},\"primaryImageOfPage\":{\"@id\":\"https:\\\/\\\/metropolitanonews.mx\\\/?p=2180#primaryimage\"},\"image\":{\"@id\":\"https:\\\/\\\/metropolitanonews.mx\\\/?p=2180#primaryimage\"},\"thumbnailUrl\":\"https:\\\/\\\/metropolitanonews.mx\\\/wp-content\\\/uploads\\\/2026\\\/09\\\/Captura-de-pantalla-2026-09-03-a-las-8.48.51-a.m.png\",\"datePublished\":\"2026-09-03T14:51:17+00:00\",\"dateModified\":\"2026-09-03T14:51:18+00:00\",\"author\":{\"@id\":\"https:\\\/\\\/metropolitanonews.mx\\\/#\\\/schema\\\/person\\\/5e143d068737b9206cdcb60ea7761ffa\"},\"breadcrumb\":{\"@id\":\"https:\\\/\\\/metropolitanonews.mx\\\/?p=2180#breadcrumb\"},\"inLanguage\":\"es\",\"potentialAction\":[{\"@type\":\"ReadAction\",\"target\":[\"https:\\\/\\\/metropolitanonews.mx\\\/?p=2180\"]}]},{\"@type\":\"ImageObject\",\"inLanguage\":\"es\",\"@id\":\"https:\\\/\\\/metropolitanonews.mx\\\/?p=2180#primaryimage\",\"url\":\"https:\\\/\\\/metropolitanonews.mx\\\/wp-content\\\/uploads\\\/2026\\\/09\\\/Captura-de-pantalla-2026-09-03-a-las-8.48.51-a.m.png\",\"contentUrl\":\"https:\\\/\\\/metropolitanonews.mx\\\/wp-content\\\/uploads\\\/2026\\\/09\\\/Captura-de-pantalla-2026-09-03-a-las-8.48.51-a.m.png\",\"width\":1488,\"height\":788},{\"@type\":\"BreadcrumbList\",\"@id\":\"https:\\\/\\\/metropolitanonews.mx\\\/?p=2180#breadcrumb\",\"itemListElement\":[{\"@type\":\"ListItem\",\"position\":1,\"name\":\"Portada\",\"item\":\"https:\\\/\\\/metropolitanonews.mx\\\/\"},{\"@type\":\"ListItem\",\"position\":2,\"name\":\"SON BIEN CHAMBEADORES\"}]},{\"@type\":\"WebSite\",\"@id\":\"https:\\\/\\\/metropolitanonews.mx\\\/#website\",\"url\":\"https:\\\/\\\/metropolitanonews.mx\\\/\",\"name\":\"Metropolitano News\",\"description\":\"\",\"potentialAction\":[{\"@type\":\"SearchAction\",\"target\":{\"@type\":\"EntryPoint\",\"urlTemplate\":\"https:\\\/\\\/metropolitanonews.mx\\\/?s={search_term_string}\"},\"query-input\":{\"@type\":\"PropertyValueSpecification\",\"valueRequired\":true,\"valueName\":\"search_term_string\"}}],\"inLanguage\":\"es\"},{\"@type\":\"Person\",\"@id\":\"https:\\\/\\\/metropolitanonews.mx\\\/#\\\/schema\\\/person\\\/5e143d068737b9206cdcb60ea7761ffa\",\"name\":\"Redaccion\",\"image\":{\"@type\":\"ImageObject\",\"inLanguage\":\"es\",\"@id\":\"https:\\\/\\\/secure.gravatar.com\\\/avatar\\\/a121e7ba078b27046b6a11dd9ec39512b64e27b6dca4ff1e7d54167208093ba8?s=96&d=mm&r=ga2145a6ac8df3cd2db9e7e95baa980ec\",\"url\":\"https:\\\/\\\/secure.gravatar.com\\\/avatar\\\/a121e7ba078b27046b6a11dd9ec39512b64e27b6dca4ff1e7d54167208093ba8?s=96&d=mm&r=g\",\"contentUrl\":\"https:\\\/\\\/secure.gravatar.com\\\/avatar\\\/a121e7ba078b27046b6a11dd9ec39512b64e27b6dca4ff1e7d54167208093ba8?s=96&d=mm&r=g\",\"caption\":\"Redaccion\"},\"sameAs\":[\"http:\\\/\\\/metrpolinatonews.mx\"],\"url\":\"https:\\\/\\\/metropolitanonews.mx\\\/?author=12\"}]}<\/script>\n<!-- \/ Yoast SEO plugin. -->","yoast_head_json":{"title":"SON BIEN CHAMBEADORES - Metropolitano News","robots":{"index":"index","follow":"follow","max-snippet":"max-snippet:-1","max-image-preview":"max-image-preview:large","max-video-preview":"max-video-preview:-1"},"canonical":"https:\/\/metropolitanonews.mx\/?p=2180","og_locale":"es_ES","og_type":"article","og_title":"SON BIEN CHAMBEADORES - Metropolitano News","og_description":"Secas MecasOVED CONTRERAS SON BIEN CHAMBEADORES\u2026la gobernadora Roc\u00edo Nahle confirm\u00f3 lo dicho por el pelonete Ricardo Ahued, que tres sobrinos del expresidente Andr\u00e9s Manuel L\u00f3pez Obrador, est\u00e1n en la n\u00f3mina del gobierno estatal pero aclara que son tres muchachos que viven en Xalapa desde hace muchos a\u00f1os, estudiaron en la Universidad Veracruzana, \u201cque son muchachos [&hellip;]","og_url":"https:\/\/metropolitanonews.mx\/?p=2180","og_site_name":"Metropolitano News","article_published_time":"2026-09-03T14:51:17+00:00","article_modified_time":"2026-09-03T14:51:18+00:00","og_image":[{"width":1488,"height":788,"url":"https:\/\/metropolitanonews.mx\/wp-content\/uploads\/2026\/09\/Captura-de-pantalla-2026-09-03-a-las-8.48.51-a.m.png","type":"image\/png"}],"author":"Redaccion","twitter_card":"summary_large_image","twitter_misc":{"Escrito por":"Redaccion","Tiempo de lectura":"5 minutos"},"schema":{"@context":"https:\/\/schema.org","@graph":[{"@type":"Article","@id":"https:\/\/metropolitanonews.mx\/?p=2180#article","isPartOf":{"@id":"https:\/\/metropolitanonews.mx\/?p=2180"},"author":{"name":"Redaccion","@id":"https:\/\/metropolitanonews.mx\/#\/schema\/person\/5e143d068737b9206cdcb60ea7761ffa"},"headline":"SON BIEN CHAMBEADORES","datePublished":"2026-09-03T14:51:17+00:00","dateModified":"2026-09-03T14:51:18+00:00","mainEntityOfPage":{"@id":"https:\/\/metropolitanonews.mx\/?p=2180"},"wordCount":1021,"commentCount":0,"image":{"@id":"https:\/\/metropolitanonews.mx\/?p=2180#primaryimage"},"thumbnailUrl":"https:\/\/metropolitanonews.mx\/wp-content\/uploads\/2026\/09\/Captura-de-pantalla-2026-09-03-a-las-8.48.51-a.m.png","keywords":["Oved Contreras","Veracruz"],"articleSection":["Columnas"],"inLanguage":"es","potentialAction":[{"@type":"CommentAction","name":"Comment","target":["https:\/\/metropolitanonews.mx\/?p=2180#respond"]}]},{"@type":"WebPage","@id":"https:\/\/metropolitanonews.mx\/?p=2180","url":"https:\/\/metropolitanonews.mx\/?p=2180","name":"SON BIEN CHAMBEADORES - Metropolitano News","isPartOf":{"@id":"https:\/\/metropolitanonews.mx\/#website"},"primaryImageOfPage":{"@id":"https:\/\/metropolitanonews.mx\/?p=2180#primaryimage"},"image":{"@id":"https:\/\/metropolitanonews.mx\/?p=2180#primaryimage"},"thumbnailUrl":"https:\/\/metropolitanonews.mx\/wp-content\/uploads\/2026\/09\/Captura-de-pantalla-2026-09-03-a-las-8.48.51-a.m.png","datePublished":"2026-09-03T14:51:17+00:00","dateModified":"2026-09-03T14:51:18+00:00","author":{"@id":"https:\/\/metropolitanonews.mx\/#\/schema\/person\/5e143d068737b9206cdcb60ea7761ffa"},"breadcrumb":{"@id":"https:\/\/metropolitanonews.mx\/?p=2180#breadcrumb"},"inLanguage":"es","potentialAction":[{"@type":"ReadAction","target":["https:\/\/metropolitanonews.mx\/?p=2180"]}]},{"@type":"ImageObject","inLanguage":"es","@id":"https:\/\/metropolitanonews.mx\/?p=2180#primaryimage","url":"https:\/\/metropolitanonews.mx\/wp-content\/uploads\/2026\/09\/Captura-de-pantalla-2026-09-03-a-las-8.48.51-a.m.png","contentUrl":"https:\/\/metropolitanonews.mx\/wp-content\/uploads\/2026\/09\/Captura-de-pantalla-2026-09-03-a-las-8.48.51-a.m.png","width":1488,"height":788},{"@type":"BreadcrumbList","@id":"https:\/\/metropolitanonews.mx\/?p=2180#breadcrumb","itemListElement":[{"@type":"ListItem","position":1,"name":"Portada","item":"https:\/\/metropolitanonews.mx\/"},{"@type":"ListItem","position":2,"name":"SON BIEN CHAMBEADORES"}]},{"@type":"WebSite","@id":"https:\/\/metropolitanonews.mx\/#website","url":"https:\/\/metropolitanonews.mx\/","name":"Metropolitano News","description":"","potentialAction":[{"@type":"SearchAction","target":{"@type":"EntryPoint","urlTemplate":"https:\/\/metropolitanonews.mx\/?s={search_term_string}"},"query-input":{"@type":"PropertyValueSpecification","valueRequired":true,"valueName":"search_term_string"}}],"inLanguage":"es"},{"@type":"Person","@id":"https:\/\/metropolitanonews.mx\/#\/schema\/person\/5e143d068737b9206cdcb60ea7761ffa","name":"Redaccion","image":{"@type":"ImageObject","inLanguage":"es","@id":"https:\/\/secure.gravatar.com\/avatar\/a121e7ba078b27046b6a11dd9ec39512b64e27b6dca4ff1e7d54167208093ba8?s=96&d=mm&r=ga2145a6ac8df3cd2db9e7e95baa980ec","url":"https:\/\/secure.gravatar.com\/avatar\/a121e7ba078b27046b6a11dd9ec39512b64e27b6dca4ff1e7d54167208093ba8?s=96&d=mm&r=g","contentUrl":"https:\/\/secure.gravatar.com\/avatar\/a121e7ba078b27046b6a11dd9ec39512b64e27b6dca4ff1e7d54167208093ba8?s=96&d=mm&r=g","caption":"Redaccion"},"sameAs":["http:\/\/metrpolinatonews.mx"],"url":"https:\/\/metropolitanonews.mx\/?author=12"}]}},"jetpack_sharing_enabled":true,"authors":[{"term_id":72,"user_id":12,"is_guest":0,"slug":"redaccion","display_name":"Redaccion","avatar_url":"https:\/\/secure.gravatar.com\/avatar\/a121e7ba078b27046b6a11dd9ec39512b64e27b6dca4ff1e7d54167208093ba8?s=96&d=mm&r=g","author_category":"","first_name":"Ra\u00fal","last_name":"Mart\u00ednez","user_url":"http:\/\/metrpolinatonews.mx","job_title":"","description":""}],"jetpack_featured_media_url":"https:\/\/metropolitanonews.mx\/wp-content\/uploads\/2026\/09\/Captura-de-pantalla-2026-09-03-a-las-8.48.51-a.m.png","_links":{"self":[{"href":"https:\/\/metropolitanonews.mx\/index.php?rest_route=\/wp\/v2\/posts\/2180","targetHints":{"allow":["GET"]}}],"collection":[{"href":"https:\/\/metropolitanonews.mx\/index.php?rest_route=\/wp\/v2\/posts"}],"about":[{"href":"https:\/\/metropolitanonews.mx\/index.php?rest_route=\/wp\/v2\/types\/post"}],"author":[{"embeddable":true,"href":"https:\/\/metropolitanonews.mx\/index.php?rest_route=\/wp\/v2\/users\/12"}],"replies":[{"embeddable":true,"href":"https:\/\/metropolitanonews.mx\/index.php?rest_route=%2Fwp%2Fv2%2Fcomments&post=2180"}],"version-history":[{"count":1,"href":"https:\/\/metropolitanonews.mx\/index.php?rest_route=\/wp\/v2\/posts\/2180\/revisions"}],"predecessor-version":[{"id":2182,"href":"https:\/\/metropolitanonews.mx\/index.php?rest_route=\/wp\/v2\/posts\/2180\/revisions\/2182"}],"wp:featuredmedia":[{"embeddable":true,"href":"https:\/\/metropolitanonews.mx\/index.php?rest_route=\/wp\/v2\/media\/2181"}],"wp:attachment":[{"href":"https:\/\/metropolitanonews.mx\/index.php?rest_route=%2Fwp%2Fv2%2Fmedia&parent=2180"}],"wp:term":[{"taxonomy":"category","embeddable":true,"href":"https:\/\/metropolitanonews.mx\/index.php?rest_route=%2Fwp%2Fv2%2Fcategories&post=2180"},{"taxonomy":"post_tag","embeddable":true,"href":"https:\/\/metropolitanonews.mx\/index.php?rest_route=%2Fwp%2Fv2%2Ftags&post=2180"},{"taxonomy":"author","embeddable":true,"href":"https:\/\/metropolitanonews.mx\/index.php?rest_route=%2Fwp%2Fv2%2Fppma_author&post=2180"}],"curies":[{"name":"wp","href":"https:\/\/api.w.org\/{rel}","templated":true}]}}