{"id":2173,"date":"2026-09-03T08:12:18","date_gmt":"2026-09-03T14:12:18","guid":{"rendered":"https:\/\/metropolitanonews.mx\/?p=2173"},"modified":"2026-09-03T08:12:19","modified_gmt":"2026-09-03T14:12:19","slug":"el-hartazgo-ya-se-traduce-en-acciones-de-protesta","status":"publish","type":"post","link":"https:\/\/metropolitanonews.mx\/?p=2173","title":{"rendered":"EL HARTAZGO YA SE TRADUCE EN ACCIONES DE PROTESTA"},"content":{"rendered":"\n<p class=\"wp-block-paragraph\"><strong>Prosa aprisa<br>Arturo Reyes Isidoro<\/strong><\/p>\n\n\n\n<p class=\"wp-block-paragraph\">En el segundo informe de la presidenta Claudia Sheinbaum no hubo el m\u00e1s m\u00ednimo intento de autocr\u00edtica, ni habl\u00f3 de los problemas que vive el pa\u00eds. Pint\u00f3 un pa\u00eds en el que todo est\u00e1 bien y con esa visi\u00f3n distorsionada a prop\u00f3sito inici\u00f3, de hecho, el tercer a\u00f1o de su mandato.<\/p>\n\n\n\n<p class=\"wp-block-paragraph\">Se enga\u00f1a y trata de enga\u00f1ar a los suyos, muchos verdaderos fan\u00e1ticos, pero la cruda realidad est\u00e1 a flor de piel y no se puede ocultar porque el hartazgo que existe en la sociedad, en el caso del estado, se empieza a manifestar en acciones de protestas p\u00fablicas.<\/p>\n\n\n\n<p class=\"wp-block-paragraph\"><strong>Una se\u00f1al, los gritos contra Arturo L\u00f3pez Obrador<\/strong><\/p>\n\n\n\n<p class=\"wp-block-paragraph\">El domingo hubo un ejemplo de ello cuando comensales despidieron a Arturo L\u00f3pez Obrador, hermano de Andr\u00e9s Manuel, con gritos de \u201c\u00a1Fuera Morena! \u00a1Fuera Morena!\u201d en el momento en que se dispon\u00eda a retirarse con su familia en un restaurante de Coatepec, en donde los precios est\u00e1n muy lejos de la austeridad que pregona la 4T.<\/p>\n\n\n\n<p class=\"wp-block-paragraph\">Se reflej\u00f3 ah\u00ed la polarizaci\u00f3n que hay en el pa\u00eds y que caus\u00f3 el Plutarco El\u00edas Calles de Palenque, pero tambi\u00e9n el enojo social contra el mes\u00edas tropical, porque la manifestaci\u00f3n de repudio y rechazo contra Arturo fue por el solo hecho de llevar el apellido de su hermano.<\/p>\n\n\n\n<p class=\"wp-block-paragraph\"><strong>Aunque AMLO lo desconoci\u00f3 porque apoy\u00f3 a H\u00e9ctor Yunes<\/strong><\/p>\n\n\n\n<p class=\"wp-block-paragraph\">Quienes lo echaron a gritos tal vez desconocen o se les olvid\u00f3 que desde mayo de 2016 AMLO lo desconoci\u00f3 como hermano luego de que Arturo pidi\u00f3 en un spot a los veracruzanos que votaran por H\u00e9ctor Yunes, entonces candidato del PRI a la gubernatura del estado, en contra de Cuitl\u00e1huac Garc\u00eda Jim\u00e9nez.<\/p>\n\n\n\n<p class=\"wp-block-paragraph\">\u201cUstedes me comprender\u00e1n, todos en la familia tenemos siempre alguien que desentona, que le gusta acomodarse, se dice en el argot del hampa de la pol\u00edtica colarse, son aspiracionistas, no tienen ideales, no tienen principios, por eso ya no tengo esos hermanos\u201d,&nbsp;dijo entonces Andr\u00e9s Manuel.<\/p>\n\n\n\n<p class=\"wp-block-paragraph\">Luego de recordar la frase de Vicente Guerrero, \u201cLa patria es primero\u201d, prosigui\u00f3:<\/p>\n\n\n\n<p class=\"wp-block-paragraph\">&nbsp;\u201cya no tengo hermanos que est\u00e1n vinculados con los corruptos del PRI y del Partido Acci\u00f3n Nacional (PAN), ya acab\u00e9 con eso, borr\u00e9 eso, ya no estamos para alcahuetear a nadie aunque sea de nuestras familias\u201d.<\/p>\n\n\n\n<p class=\"wp-block-paragraph\"><strong>Sin embargo, Nahle tiene a sus hijos trabajando con ella<\/strong><\/p>\n\n\n\n<p class=\"wp-block-paragraph\">Lo que llama la atenci\u00f3n es que habiendo desconocido AMLO a su hermano, la gobernadora Roc\u00edo Nahle le dio trabajo en su administraci\u00f3n a tres hijos de Arturo: Erandi Isabel, Tarheni Andr\u00e9s y Pedro Arturo, los tres L\u00f3pez Herrer\u00eda, as\u00ed como a Leonel Efr\u00e9n Rivera Pinete, esposo de Erandi, o sea, a los familiares de quien su mentor pol\u00edtico, Andr\u00e9s Manuel, se\u00f1al\u00f3 de estar vinculado a corruptos del PRI y de no tener ideales y principios.<\/p>\n\n\n\n<p class=\"wp-block-paragraph\">Lo que qued\u00f3 en claro el domingo es que la gente no quiere saber nada de L\u00f3pez Obrador pues, como publiqu\u00e9 el lunes, la gente lo culpa de la situaci\u00f3n que vive el pa\u00eds. Le gritaron a Arturo L\u00f3pez Obrador que ellos destruyeron el pa\u00eds y lo dejaron en ruinas.<\/p>\n\n\n\n<p class=\"wp-block-paragraph\"><strong>En Emiliano Zapata no les cumplen y bloquean vialidad<\/strong><\/p>\n\n\n\n<p class=\"wp-block-paragraph\">Pero los veracruzanos ya dan muestras tambi\u00e9n de que est\u00e1n cansados de tantas promesas que no se cumplen. En el municipio de Emiliano Zapata, conurbado con Xalapa, cumplieron dos d\u00edas de que cerraron la circulaci\u00f3n en la carretera Las Trancas-Coatepec porque las autoridades faltaron a su palabra de que la iban a rehabilitar. La tarde de este mi\u00e9rcoles fueron desalojados por la fuerza por granaderos, pero el descontento persiste.<\/p>\n\n\n\n<p class=\"wp-block-paragraph\">Habitantes de los poblados Alborada, Estanzuela, Pacho, El Chico y otras comunidades ya hab\u00edan realizado otro bloqueo el 14 de julio y entonces fueron desalojados tambi\u00e9n pero tanto el ayuntamiento que preside Daniel Antonio Baiz\u00e1bal como la Secretar\u00eda de Infraestructura y Obras P\u00fablicas, a cargo de Leonardo Cornejo, firmaron un acuerdo y se comprometieron a iniciar los trabajos el 31 de agosto, pero no cumplieron.<\/p>\n\n\n\n<p class=\"wp-block-paragraph\"><strong>En el CAE, el mismo personal protesta por la falta de insumos<\/strong><\/p>\n\n\n\n<p class=\"wp-block-paragraph\">No solo la poblaci\u00f3n se manifiesta. Otro caso sonado la semana pasada fue la denuncia del personal del Centro de Alta Especialidad de Xalapa que denunci\u00f3 la falta de medicamentos e insumos para trabajar, por lo que no han podido realizarse m\u00e1s de mil cirug\u00edas. O sea, el hartazgo es general, a tal grado que personal de las propias instituciones est\u00e1 manifest\u00e1ndose.<\/p>\n\n\n\n<p class=\"wp-block-paragraph\">No obstante las manifestaciones de protesta, ni el Gobierno federal ni el del estado han considerado prioritario atender los reclamos y en cambio han privilegiado la celebraci\u00f3n de festivales art\u00edsticos y musicales con la contrataci\u00f3n de artistas que cobran muy caro por actuar. El hartazgo seguramente va a llegar hasta las urnas el pr\u00f3ximo 6 de junio de 2027.<\/p>\n\n\n\n<p class=\"wp-block-paragraph\"><strong>Invita Roc\u00edo venirse a Veracruz a quienes les quiten la visa<\/strong><\/p>\n\n\n\n<p class=\"wp-block-paragraph\">Si le toman la palabra, en una de esas Veracruz se convertir\u00e1 en el refugio de Rub\u00e9n Rocha Moya,&nbsp;<em>Andy&nbsp;<\/em>L\u00f3pez Beltr\u00e1n, Ad\u00e1n Augusto L\u00f3pez Hern\u00e1ndez, Alfonso Durazo, Am\u00e9rico Villarreal, Marina del Pilar \u00c1vila, Enrique Inzunza, a quienes el gobierno norteamericano les cancel\u00f3 sus visas.<\/p>\n\n\n\n<p class=\"wp-block-paragraph\">Todas esas fichitas de Morena y otras m\u00e1s recibieron la invitaci\u00f3n de la gobernadora Roc\u00edo Nahle para venir. \u201cNo necesitamos ir a ning\u00fan lado. Entonces, a aquellos que les preocupa, no les preocupen&nbsp;<em>(sic),&nbsp;<\/em>v\u00e9nganse a Veracruz\u201d.<\/p>\n\n\n\n<p class=\"wp-block-paragraph\">Nahle extendi\u00f3 la invitaci\u00f3n en una entrevista que le hicieron el s\u00e1bado en Palenque, Chiapas, para el sitio Los Reporteros MX. Ah\u00ed dijo que no le importa si tambi\u00e9n le quitan la visa. \u201cEs decisi\u00f3n de Estados Unidos, sin problema\u201d, respondi\u00f3, y dijo que no tiene problema si no va.<\/p>\n\n\n\n<p class=\"wp-block-paragraph\"><strong>Dicen que son mejores los atractivos de Veracruz que los de EE. UU.<\/strong><\/p>\n\n\n\n<p class=\"wp-block-paragraph\">\u201cNo, no, imag\u00ednense. Queremos ir de vacaciones, los invito a las playas de Veracruz, a las ruinas del Taj\u00edn en Papantla, a la belleza de Los Tuxtlas. Pero si quieren ir a los r\u00e1pidos a Jalcomulco. \u00bfQuieren sentirse en Suiza?: Ixhuac\u00e1n de los Reyes, que es Veracruz, tiene todo\u201d.<\/p>\n\n\n\n<p class=\"wp-block-paragraph\">Insisti\u00f3: \u201cV\u00e9nganse a Veracruz. Cada mes hacemos un festival, acabamos de pasar en agosto, ahorita el Festival del Mar en Coatzacoalcos. Acabamos de pasar tambi\u00e9n el Festival de la Salsa con 200,000 personas cada noche en Boca del R\u00edo, el mejor festival de salsa en el mundo ahorita. Entonces, \u00bfpara qu\u00e9 quieres ir a otro lado? A todos los invito a Veracruz\u201d.<\/p>\n\n\n\n<p class=\"wp-block-paragraph\"><strong>Que no le importa si le quitan la visa<\/strong><\/p>\n\n\n\n<p class=\"wp-block-paragraph\">Sin embargo, lo dice ahora cuando su hija Roc\u00edo Pe\u00f1a Nahle ya no estudia en la Universidad de Columbia ni vive en un departamento en la zona de Manhattan, Nueva York, a donde iba a visitarla en 2024. \u00bfEntonces, hubiera dicho lo mismo que ahora, que no le importaba que le hubieran quitado la visa?<\/p>\n\n\n\n<p class=\"wp-block-paragraph\">Tal vez quienes tomen nota de la invitaci\u00f3n y del atractivo del estado sean la presidente Claudia Sheinbaum, por si se anima a enviar al solar jarocho a los perseguidos por el gobierno de Trump, o el mismo L\u00f3pez Obrador, por si ya le quitaron la visa, si es que alguna vez la ha tenido.<\/p>\n\n\n\n<p class=\"wp-block-paragraph\">En el siglo pasado hubo un chiste que estuvo de moda mucho tiempo, sobre un yucateco que estando fuera de su estado dijo que si se acababa el mundo, entonces se ir\u00eda a M\u00e9rida.<\/p>\n","protected":false},"excerpt":{"rendered":"<p>Prosa aprisaArturo Reyes Isidoro En el segundo informe de la presidenta Claudia Sheinbaum no hubo el m\u00e1s m\u00ednimo intento de autocr\u00edtica, ni habl\u00f3 de los problemas que vive el pa\u00eds. Pint\u00f3 un pa\u00eds en el que todo est\u00e1 bien y con esa visi\u00f3n distorsionada a prop\u00f3sito inici\u00f3, de hecho, el tercer a\u00f1o de su mandato. [&hellip;]<\/p>\n","protected":false},"author":12,"featured_media":2174,"comment_status":"open","ping_status":"open","sticky":false,"template":"","format":"standard","meta":{"_jetpack_newsletter_access":"","_jetpack_dont_email_post_to_subs":false,"_jetpack_newsletter_tier_id":0,"_jetpack_memberships_contains_paywalled_content":false,"_jetpack_memberships_contains_paid_content":false,"footnotes":""},"categories":[17,31],"tags":[91,40],"ppma_author":[72],"class_list":["post-2173","post","type-post","status-publish","format-standard","has-post-thumbnail","category-columnas","category-prosaaprisa","tag-arturo-reyes-isidoro","tag-veracruz"],"yoast_head":"<!-- This site is optimized with the Yoast SEO plugin v28.4 - https:\/\/yoast.com\/product\/yoast-seo-wordpress\/ -->\n<title>EL HARTAZGO YA SE TRADUCE EN ACCIONES DE PROTESTA - Metropolitano News<\/title>\n<meta name=\"robots\" content=\"index, follow, max-snippet:-1, max-image-preview:large, max-video-preview:-1\" \/>\n<link rel=\"canonical\" href=\"https:\/\/metropolitanonews.mx\/?p=2173\" \/>\n<meta property=\"og:locale\" content=\"es_ES\" \/>\n<meta property=\"og:type\" content=\"article\" \/>\n<meta property=\"og:title\" content=\"EL HARTAZGO YA SE TRADUCE EN ACCIONES DE PROTESTA - Metropolitano News\" \/>\n<meta property=\"og:description\" content=\"Prosa aprisaArturo Reyes Isidoro En el segundo informe de la presidenta Claudia Sheinbaum no hubo el m\u00e1s m\u00ednimo intento de autocr\u00edtica, ni habl\u00f3 de los problemas que vive el pa\u00eds. Pint\u00f3 un pa\u00eds en el que todo est\u00e1 bien y con esa visi\u00f3n distorsionada a prop\u00f3sito inici\u00f3, de hecho, el tercer a\u00f1o de su mandato. [&hellip;]\" \/>\n<meta property=\"og:url\" content=\"https:\/\/metropolitanonews.mx\/?p=2173\" \/>\n<meta property=\"og:site_name\" content=\"Metropolitano News\" \/>\n<meta property=\"article:published_time\" content=\"2026-09-03T14:12:18+00:00\" \/>\n<meta property=\"article:modified_time\" content=\"2026-09-03T14:12:19+00:00\" \/>\n<meta property=\"og:image\" content=\"https:\/\/metropolitanonews.mx\/wp-content\/uploads\/2026\/09\/22457_8.jpg\" \/>\n\t<meta property=\"og:image:width\" content=\"793\" \/>\n\t<meta property=\"og:image:height\" content=\"508\" \/>\n\t<meta property=\"og:image:type\" content=\"image\/jpeg\" \/>\n<meta name=\"author\" content=\"Redaccion\" \/>\n<meta name=\"twitter:card\" content=\"summary_large_image\" \/>\n<meta name=\"twitter:label1\" content=\"Escrito por\" \/>\n\t<meta name=\"twitter:data1\" content=\"Redaccion\" \/>\n\t<meta name=\"twitter:label2\" content=\"Tiempo de lectura\" \/>\n\t<meta name=\"twitter:data2\" content=\"6 minutos\" \/>\n<script type=\"application\/ld+json\" class=\"yoast-schema-graph\">{\"@context\":\"https:\\\/\\\/schema.org\",\"@graph\":[{\"@type\":\"Article\",\"@id\":\"https:\\\/\\\/metropolitanonews.mx\\\/?p=2173#article\",\"isPartOf\":{\"@id\":\"https:\\\/\\\/metropolitanonews.mx\\\/?p=2173\"},\"author\":{\"name\":\"Redaccion\",\"@id\":\"https:\\\/\\\/metropolitanonews.mx\\\/#\\\/schema\\\/person\\\/5e143d068737b9206cdcb60ea7761ffa\"},\"headline\":\"EL HARTAZGO YA SE TRADUCE EN ACCIONES DE PROTESTA\",\"datePublished\":\"2026-09-03T14:12:18+00:00\",\"dateModified\":\"2026-09-03T14:12:19+00:00\",\"mainEntityOfPage\":{\"@id\":\"https:\\\/\\\/metropolitanonews.mx\\\/?p=2173\"},\"wordCount\":1310,\"commentCount\":0,\"image\":{\"@id\":\"https:\\\/\\\/metropolitanonews.mx\\\/?p=2173#primaryimage\"},\"thumbnailUrl\":\"https:\\\/\\\/metropolitanonews.mx\\\/wp-content\\\/uploads\\\/2026\\\/09\\\/22457_8.jpg\",\"keywords\":[\"Arturo Reyes Isidoro\",\"Veracruz\"],\"articleSection\":[\"Columnas\",\"Prosa Aprisa\"],\"inLanguage\":\"es\",\"potentialAction\":[{\"@type\":\"CommentAction\",\"name\":\"Comment\",\"target\":[\"https:\\\/\\\/metropolitanonews.mx\\\/?p=2173#respond\"]}]},{\"@type\":\"WebPage\",\"@id\":\"https:\\\/\\\/metropolitanonews.mx\\\/?p=2173\",\"url\":\"https:\\\/\\\/metropolitanonews.mx\\\/?p=2173\",\"name\":\"EL HARTAZGO YA SE TRADUCE EN ACCIONES DE PROTESTA - Metropolitano News\",\"isPartOf\":{\"@id\":\"https:\\\/\\\/metropolitanonews.mx\\\/#website\"},\"primaryImageOfPage\":{\"@id\":\"https:\\\/\\\/metropolitanonews.mx\\\/?p=2173#primaryimage\"},\"image\":{\"@id\":\"https:\\\/\\\/metropolitanonews.mx\\\/?p=2173#primaryimage\"},\"thumbnailUrl\":\"https:\\\/\\\/metropolitanonews.mx\\\/wp-content\\\/uploads\\\/2026\\\/09\\\/22457_8.jpg\",\"datePublished\":\"2026-09-03T14:12:18+00:00\",\"dateModified\":\"2026-09-03T14:12:19+00:00\",\"author\":{\"@id\":\"https:\\\/\\\/metropolitanonews.mx\\\/#\\\/schema\\\/person\\\/5e143d068737b9206cdcb60ea7761ffa\"},\"breadcrumb\":{\"@id\":\"https:\\\/\\\/metropolitanonews.mx\\\/?p=2173#breadcrumb\"},\"inLanguage\":\"es\",\"potentialAction\":[{\"@type\":\"ReadAction\",\"target\":[\"https:\\\/\\\/metropolitanonews.mx\\\/?p=2173\"]}]},{\"@type\":\"ImageObject\",\"inLanguage\":\"es\",\"@id\":\"https:\\\/\\\/metropolitanonews.mx\\\/?p=2173#primaryimage\",\"url\":\"https:\\\/\\\/metropolitanonews.mx\\\/wp-content\\\/uploads\\\/2026\\\/09\\\/22457_8.jpg\",\"contentUrl\":\"https:\\\/\\\/metropolitanonews.mx\\\/wp-content\\\/uploads\\\/2026\\\/09\\\/22457_8.jpg\",\"width\":793,\"height\":508},{\"@type\":\"BreadcrumbList\",\"@id\":\"https:\\\/\\\/metropolitanonews.mx\\\/?p=2173#breadcrumb\",\"itemListElement\":[{\"@type\":\"ListItem\",\"position\":1,\"name\":\"Portada\",\"item\":\"https:\\\/\\\/metropolitanonews.mx\\\/\"},{\"@type\":\"ListItem\",\"position\":2,\"name\":\"EL HARTAZGO YA SE TRADUCE EN ACCIONES DE PROTESTA\"}]},{\"@type\":\"WebSite\",\"@id\":\"https:\\\/\\\/metropolitanonews.mx\\\/#website\",\"url\":\"https:\\\/\\\/metropolitanonews.mx\\\/\",\"name\":\"Metropolitano News\",\"description\":\"\",\"potentialAction\":[{\"@type\":\"SearchAction\",\"target\":{\"@type\":\"EntryPoint\",\"urlTemplate\":\"https:\\\/\\\/metropolitanonews.mx\\\/?s={search_term_string}\"},\"query-input\":{\"@type\":\"PropertyValueSpecification\",\"valueRequired\":true,\"valueName\":\"search_term_string\"}}],\"inLanguage\":\"es\"},{\"@type\":\"Person\",\"@id\":\"https:\\\/\\\/metropolitanonews.mx\\\/#\\\/schema\\\/person\\\/5e143d068737b9206cdcb60ea7761ffa\",\"name\":\"Redaccion\",\"image\":{\"@type\":\"ImageObject\",\"inLanguage\":\"es\",\"@id\":\"https:\\\/\\\/secure.gravatar.com\\\/avatar\\\/a121e7ba078b27046b6a11dd9ec39512b64e27b6dca4ff1e7d54167208093ba8?s=96&d=mm&r=ga2145a6ac8df3cd2db9e7e95baa980ec\",\"url\":\"https:\\\/\\\/secure.gravatar.com\\\/avatar\\\/a121e7ba078b27046b6a11dd9ec39512b64e27b6dca4ff1e7d54167208093ba8?s=96&d=mm&r=g\",\"contentUrl\":\"https:\\\/\\\/secure.gravatar.com\\\/avatar\\\/a121e7ba078b27046b6a11dd9ec39512b64e27b6dca4ff1e7d54167208093ba8?s=96&d=mm&r=g\",\"caption\":\"Redaccion\"},\"sameAs\":[\"http:\\\/\\\/metrpolinatonews.mx\"],\"url\":\"https:\\\/\\\/metropolitanonews.mx\\\/?author=12\"}]}<\/script>\n<!-- \/ Yoast SEO plugin. -->","yoast_head_json":{"title":"EL HARTAZGO YA SE TRADUCE EN ACCIONES DE PROTESTA - Metropolitano News","robots":{"index":"index","follow":"follow","max-snippet":"max-snippet:-1","max-image-preview":"max-image-preview:large","max-video-preview":"max-video-preview:-1"},"canonical":"https:\/\/metropolitanonews.mx\/?p=2173","og_locale":"es_ES","og_type":"article","og_title":"EL HARTAZGO YA SE TRADUCE EN ACCIONES DE PROTESTA - Metropolitano News","og_description":"Prosa aprisaArturo Reyes Isidoro En el segundo informe de la presidenta Claudia Sheinbaum no hubo el m\u00e1s m\u00ednimo intento de autocr\u00edtica, ni habl\u00f3 de los problemas que vive el pa\u00eds. Pint\u00f3 un pa\u00eds en el que todo est\u00e1 bien y con esa visi\u00f3n distorsionada a prop\u00f3sito inici\u00f3, de hecho, el tercer a\u00f1o de su mandato. [&hellip;]","og_url":"https:\/\/metropolitanonews.mx\/?p=2173","og_site_name":"Metropolitano News","article_published_time":"2026-09-03T14:12:18+00:00","article_modified_time":"2026-09-03T14:12:19+00:00","og_image":[{"width":793,"height":508,"url":"https:\/\/metropolitanonews.mx\/wp-content\/uploads\/2026\/09\/22457_8.jpg","type":"image\/jpeg"}],"author":"Redaccion","twitter_card":"summary_large_image","twitter_misc":{"Escrito por":"Redaccion","Tiempo de lectura":"6 minutos"},"schema":{"@context":"https:\/\/schema.org","@graph":[{"@type":"Article","@id":"https:\/\/metropolitanonews.mx\/?p=2173#article","isPartOf":{"@id":"https:\/\/metropolitanonews.mx\/?p=2173"},"author":{"name":"Redaccion","@id":"https:\/\/metropolitanonews.mx\/#\/schema\/person\/5e143d068737b9206cdcb60ea7761ffa"},"headline":"EL HARTAZGO YA SE TRADUCE EN ACCIONES DE PROTESTA","datePublished":"2026-09-03T14:12:18+00:00","dateModified":"2026-09-03T14:12:19+00:00","mainEntityOfPage":{"@id":"https:\/\/metropolitanonews.mx\/?p=2173"},"wordCount":1310,"commentCount":0,"image":{"@id":"https:\/\/metropolitanonews.mx\/?p=2173#primaryimage"},"thumbnailUrl":"https:\/\/metropolitanonews.mx\/wp-content\/uploads\/2026\/09\/22457_8.jpg","keywords":["Arturo Reyes Isidoro","Veracruz"],"articleSection":["Columnas","Prosa Aprisa"],"inLanguage":"es","potentialAction":[{"@type":"CommentAction","name":"Comment","target":["https:\/\/metropolitanonews.mx\/?p=2173#respond"]}]},{"@type":"WebPage","@id":"https:\/\/metropolitanonews.mx\/?p=2173","url":"https:\/\/metropolitanonews.mx\/?p=2173","name":"EL HARTAZGO YA SE TRADUCE EN ACCIONES DE PROTESTA - Metropolitano News","isPartOf":{"@id":"https:\/\/metropolitanonews.mx\/#website"},"primaryImageOfPage":{"@id":"https:\/\/metropolitanonews.mx\/?p=2173#primaryimage"},"image":{"@id":"https:\/\/metropolitanonews.mx\/?p=2173#primaryimage"},"thumbnailUrl":"https:\/\/metropolitanonews.mx\/wp-content\/uploads\/2026\/09\/22457_8.jpg","datePublished":"2026-09-03T14:12:18+00:00","dateModified":"2026-09-03T14:12:19+00:00","author":{"@id":"https:\/\/metropolitanonews.mx\/#\/schema\/person\/5e143d068737b9206cdcb60ea7761ffa"},"breadcrumb":{"@id":"https:\/\/metropolitanonews.mx\/?p=2173#breadcrumb"},"inLanguage":"es","potentialAction":[{"@type":"ReadAction","target":["https:\/\/metropolitanonews.mx\/?p=2173"]}]},{"@type":"ImageObject","inLanguage":"es","@id":"https:\/\/metropolitanonews.mx\/?p=2173#primaryimage","url":"https:\/\/metropolitanonews.mx\/wp-content\/uploads\/2026\/09\/22457_8.jpg","contentUrl":"https:\/\/metropolitanonews.mx\/wp-content\/uploads\/2026\/09\/22457_8.jpg","width":793,"height":508},{"@type":"BreadcrumbList","@id":"https:\/\/metropolitanonews.mx\/?p=2173#breadcrumb","itemListElement":[{"@type":"ListItem","position":1,"name":"Portada","item":"https:\/\/metropolitanonews.mx\/"},{"@type":"ListItem","position":2,"name":"EL HARTAZGO YA SE TRADUCE EN ACCIONES DE PROTESTA"}]},{"@type":"WebSite","@id":"https:\/\/metropolitanonews.mx\/#website","url":"https:\/\/metropolitanonews.mx\/","name":"Metropolitano News","description":"","potentialAction":[{"@type":"SearchAction","target":{"@type":"EntryPoint","urlTemplate":"https:\/\/metropolitanonews.mx\/?s={search_term_string}"},"query-input":{"@type":"PropertyValueSpecification","valueRequired":true,"valueName":"search_term_string"}}],"inLanguage":"es"},{"@type":"Person","@id":"https:\/\/metropolitanonews.mx\/#\/schema\/person\/5e143d068737b9206cdcb60ea7761ffa","name":"Redaccion","image":{"@type":"ImageObject","inLanguage":"es","@id":"https:\/\/secure.gravatar.com\/avatar\/a121e7ba078b27046b6a11dd9ec39512b64e27b6dca4ff1e7d54167208093ba8?s=96&d=mm&r=ga2145a6ac8df3cd2db9e7e95baa980ec","url":"https:\/\/secure.gravatar.com\/avatar\/a121e7ba078b27046b6a11dd9ec39512b64e27b6dca4ff1e7d54167208093ba8?s=96&d=mm&r=g","contentUrl":"https:\/\/secure.gravatar.com\/avatar\/a121e7ba078b27046b6a11dd9ec39512b64e27b6dca4ff1e7d54167208093ba8?s=96&d=mm&r=g","caption":"Redaccion"},"sameAs":["http:\/\/metrpolinatonews.mx"],"url":"https:\/\/metropolitanonews.mx\/?author=12"}]}},"jetpack_sharing_enabled":true,"authors":[{"term_id":72,"user_id":12,"is_guest":0,"slug":"redaccion","display_name":"Redaccion","avatar_url":"https:\/\/secure.gravatar.com\/avatar\/a121e7ba078b27046b6a11dd9ec39512b64e27b6dca4ff1e7d54167208093ba8?s=96&d=mm&r=g","author_category":"","first_name":"Ra\u00fal","last_name":"Mart\u00ednez","user_url":"http:\/\/metrpolinatonews.mx","job_title":"","description":""}],"jetpack_featured_media_url":"https:\/\/metropolitanonews.mx\/wp-content\/uploads\/2026\/09\/22457_8.jpg","_links":{"self":[{"href":"https:\/\/metropolitanonews.mx\/index.php?rest_route=\/wp\/v2\/posts\/2173","targetHints":{"allow":["GET"]}}],"collection":[{"href":"https:\/\/metropolitanonews.mx\/index.php?rest_route=\/wp\/v2\/posts"}],"about":[{"href":"https:\/\/metropolitanonews.mx\/index.php?rest_route=\/wp\/v2\/types\/post"}],"author":[{"embeddable":true,"href":"https:\/\/metropolitanonews.mx\/index.php?rest_route=\/wp\/v2\/users\/12"}],"replies":[{"embeddable":true,"href":"https:\/\/metropolitanonews.mx\/index.php?rest_route=%2Fwp%2Fv2%2Fcomments&post=2173"}],"version-history":[{"count":1,"href":"https:\/\/metropolitanonews.mx\/index.php?rest_route=\/wp\/v2\/posts\/2173\/revisions"}],"predecessor-version":[{"id":2175,"href":"https:\/\/metropolitanonews.mx\/index.php?rest_route=\/wp\/v2\/posts\/2173\/revisions\/2175"}],"wp:featuredmedia":[{"embeddable":true,"href":"https:\/\/metropolitanonews.mx\/index.php?rest_route=\/wp\/v2\/media\/2174"}],"wp:attachment":[{"href":"https:\/\/metropolitanonews.mx\/index.php?rest_route=%2Fwp%2Fv2%2Fmedia&parent=2173"}],"wp:term":[{"taxonomy":"category","embeddable":true,"href":"https:\/\/metropolitanonews.mx\/index.php?rest_route=%2Fwp%2Fv2%2Fcategories&post=2173"},{"taxonomy":"post_tag","embeddable":true,"href":"https:\/\/metropolitanonews.mx\/index.php?rest_route=%2Fwp%2Fv2%2Ftags&post=2173"},{"taxonomy":"author","embeddable":true,"href":"https:\/\/metropolitanonews.mx\/index.php?rest_route=%2Fwp%2Fv2%2Fppma_author&post=2173"}],"curies":[{"name":"wp","href":"https:\/\/api.w.org\/{rel}","templated":true}]}}