{"id":2166,"date":"2026-09-02T06:28:59","date_gmt":"2026-09-02T12:28:59","guid":{"rendered":"https:\/\/metropolitanonews.mx\/?p=2166"},"modified":"2026-09-02T06:29:00","modified_gmt":"2026-09-02T12:29:00","slug":"dejan-sin-ninguna-posicion-relevante-a-veracruz-en-el-altiplano","status":"publish","type":"post","link":"https:\/\/metropolitanonews.mx\/?p=2166","title":{"rendered":"DEJAN SIN NINGUNA POSICI\u00d3N RELEVANTE A VERACRUZ EN EL ALTIPLANO"},"content":{"rendered":"\n<p class=\"wp-block-paragraph\"><strong>Prosa aprisa<br>Arturo Reyes Isidoro<\/strong><\/p>\n\n\n\n<p class=\"wp-block-paragraph\">La gobernadora Roc\u00edo Nahle estuvo este martes en el 2 Informe de Gobierno de la presidenta Claudia Sheinbaum. No estuvo en la primera fila, como hubiera distinguido a Veracruz. En las redes fue lac\u00f3nica en su comentario alusivo: \u201cVeracruz presente en el 2 Informe de Gobierno de nuestra presidenta Claudia Sheinbaum Pardo. Contin\u00faa la transformaci\u00f3n en M\u00e9xico con rumbo, trabajo y honestidad\u201d. Fue todo. Ella misma poste\u00f3 cuatro fotos del acto aunque solo en una de ellas se ve, en el siller\u00edo, filas atr\u00e1s, \u00fanicamente cuatro fotos, cuando es com\u00fan que luego publique galer\u00edas de hasta 76 fotos.<\/p>\n\n\n\n<p class=\"wp-block-paragraph\">Llam\u00f3 la atenci\u00f3n, al menos al columnista le llam\u00f3 la atenci\u00f3n, que por la importancia que tiene Veracruz en el concierto nacional en cambio sentaran en primera fila a la impresentable gobernadora de Campeche, Layda Sansores, lo que da a pie a la pregunta, por qu\u00e9 a una s\u00ed y a la otra no. Y, adem\u00e1s, sentaron a Roc\u00edo casi al lado de la fichita de Am\u00e9rico Villarreal, gobernador de Tamaulipas, a quien el gobierno norteamericano le quit\u00f3 la visa y lo trae en la mira por su presunta relaci\u00f3n con el narco.<\/p>\n\n\n\n<p class=\"wp-block-paragraph\">En el nivel presidencial, nada es eso de que se sientan en cualquier lugar como van llegando. Hay un protocolo muy estricto que se sigue y se cumple al pie de la letra. O sea, previamente, con todo cuidado, los responsables organizadores asignan el lugar al invitado de acuerdo a su importancia. Solo la presidenta, en este caso, puede romper el protocolo y sentar a donde se le antoje a quien ella quiera. En todo caso, en el lugar de Layda debi\u00f3 estar Marina del Pilar \u00c1vila, la gobernadora de Baja California, porque ella preside la Conferencia Nacional de Gobernadores (CONAGO), pero tampoco, aunque en su caso es entendible por las acusaciones en su contra de estar ligada a la delincuencia organizada.<\/p>\n\n\n\n<p class=\"wp-block-paragraph\"><strong>Devaluada, la clasecita pol\u00edtica veracruzana<\/strong><\/p>\n\n\n\n<p class=\"wp-block-paragraph\">Este detalle me reforz\u00f3 la curiosidad y la pregunta que ya tra\u00eda antes de si es que la actual clasecita pol\u00edtica veracruzana est\u00e1 devaluada (lo que se conoci\u00f3 como la clase pol\u00edtica veracruzana, que hizo \u00e9poca en la vida pol\u00edtica nacional, hace tiempo que desapareci\u00f3), pues tampoco alg\u00fan veracruzano o veracruzana qued\u00f3 en las directivas de la C\u00e1mara de Senadores y de Diputados del Congreso de la Uni\u00f3n. Ya ni Sergio Guti\u00e9rrez Luna, el \u00faltimo veracruzano que presidi\u00f3 la C\u00e1mara de Diputados, ni Manuel Huerta, el senador m\u00e1s destacado, quien son\u00f3 para presidir la C\u00e1mara de Senadores, qued\u00f3 en alg\u00fan cargo directivo.<\/p>\n\n\n\n<p class=\"wp-block-paragraph\">A partir de lo que dijo Sheinbaum: \u201cQue nadie se equivoque, aqu\u00ed no hay divisiones\u201d, se puede decir entonces que no hay tos entre la presidenta y la gobernadora, y que si Nahle estuvo en el lugar en el que estuvo es porque colocaron a gobernadores y gobernadoras por orden alfab\u00e9tico, de aqu\u00ed que est\u00e9n juntos el de Tamaulipas, la de Tlaxcala y la de Veracruz, pero, \u00bfpor qu\u00e9 mencion\u00f3 Claudia el t\u00e9rmino divisiones? Sin duda, porque las hay y entonces quiso acallar las voces que las se\u00f1alan, aunque las divisiones no se acaban por decreto presidencial.<\/p>\n\n\n\n<p class=\"wp-block-paragraph\"><strong>Ning\u00fan veracruzano en las directivas del Senado ni de la C\u00e1mara de Diputados<\/strong><\/p>\n\n\n\n<p class=\"wp-block-paragraph\">Ojal\u00e1, porque de por medio est\u00e1n Veracruz y los veracruzanos, Sheinbaum no haya cre\u00eddo y se haya enojado por lo que public\u00f3 Salvador Garc\u00eda Soto de que Roc\u00edo es la mensajera de Palenque y por eso no la llev\u00f3 a primera fila, pero extra\u00f1a que por la importancia de Veracruz no le hayan dado una posici\u00f3n relevante al estado, como se merece, que es decir al Gobierno de Veracruz, ni en las mesas directivas del Senado ni de la C\u00e1mara de Diputados. Acostumbrados como est\u00e1bamos antes a que los veracruzanos figuraban siempre y eran ajonjol\u00ed de todos los moles pol\u00edticos en el plano nacional, la diferencia y la ausencia se notan.<\/p>\n\n\n\n<p class=\"wp-block-paragraph\">Algo que me llam\u00f3 la atenci\u00f3n es que coincidentemente, este mismo martes en las redes sociales hicieron circular la \u00faltima encuesta de Mitofsky en la que, entre la aprobaci\u00f3n de los veracruzanos a la presidenta y a la gobernadora, Sheinbaum le saca 23 puntos a Nahle (67.1%-43.6%). Ese dato no es nuevo, pues en esta columna se public\u00f3 en su oportunidad, pero entonces hubo inter\u00e9s en resaltarlo de nuevo, \u00bfpor parte de los cuitlahuistas, porque saben que no les va a dar su visto bueno para las candidaturas en puerta?<\/p>\n\n\n\n<p class=\"wp-block-paragraph\"><strong>Extra\u00f1\u00f3 que no le respondi\u00f3 a Dante<\/strong><\/p>\n\n\n\n<p class=\"wp-block-paragraph\">Como tambi\u00e9n me llam\u00f3 la atenci\u00f3n que, belicosa como es a veces cuando se pone los guantes y se sube al ring, el lunes, d\u00eda en que da declaraciones de prensa, cuando se esperaba que respondiera a los se\u00f1alamientos que le hizo el s\u00e1bado el exgobernador Dante Delgado en Boca del R\u00edo, para nada toc\u00f3 el tema. Solo reaccion\u00f3 el domingo cuando orden\u00f3 que subieran a las redes una mu\u00f1equita con su figura bailando, teniendo como fondo las escolleras de Coatzacoalcos, con el mensaje: \u201cFeliz, feliz, feliz\u201d, como diciendo, uyyy, mira c\u00f3mo estoy temblando.<\/p>\n\n\n\n<p class=\"wp-block-paragraph\">Para revertir cualquier comentario sobre una posible mala relaci\u00f3n con la presidenta, ahora seguramente ordenar\u00e1 un s\u00faper acarreo para el pr\u00f3ximo 10 de septiembre cuando Sheinbaum venga a rendir su informe sobre sus acciones en el estado.<\/p>\n\n\n\n<p class=\"wp-block-paragraph\"><strong>El ambiente, caliente, pero las diputaciones dan espaldarazo al Profe Esteban<\/strong><\/p>\n\n\n\n<p class=\"wp-block-paragraph\">Qui\u00e9n mejor para decirlo que el diputado presidente de la Jucopo, Esteban Bautista Hern\u00e1ndez, donde tiene el pulso pol\u00edtico del estado. Declar\u00f3 que el ambiente pol\u00edtico \u201cest\u00e1 caliente\u201d, pero que es algo natural cuando se acerca un proceso electoral.<\/p>\n\n\n\n<figure class=\"wp-block-image size-full\"><img loading=\"lazy\" decoding=\"async\" width=\"800\" height=\"579\" src=\"https:\/\/metropolitanonews.mx\/wp-content\/uploads\/2026\/09\/profe-esteban-caliente.jpg\" alt=\"\" class=\"wp-image-2167\" srcset=\"https:\/\/metropolitanonews.mx\/wp-content\/uploads\/2026\/09\/profe-esteban-caliente.jpg 800w, https:\/\/metropolitanonews.mx\/wp-content\/uploads\/2026\/09\/profe-esteban-caliente-149x108.jpg 149w, https:\/\/metropolitanonews.mx\/wp-content\/uploads\/2026\/09\/profe-esteban-caliente-300x217-1.jpg 300w, https:\/\/metropolitanonews.mx\/wp-content\/uploads\/2026\/09\/profe-esteban-caliente-80x59.jpg 80w, https:\/\/metropolitanonews.mx\/wp-content\/uploads\/2026\/09\/profe-esteban-caliente-767x555.jpg 767w, https:\/\/metropolitanonews.mx\/wp-content\/uploads\/2026\/09\/profe-esteban-caliente-207x150.jpg 207w, https:\/\/metropolitanonews.mx\/wp-content\/uploads\/2026\/09\/profe-esteban-caliente-323x234.jpg 323w, https:\/\/metropolitanonews.mx\/wp-content\/uploads\/2026\/09\/profe-esteban-caliente-695x503.jpg 695w\" sizes=\"auto, (max-width: 800px) 100vw, 800px\" \/><\/figure>\n\n\n\n<p class=\"wp-block-paragraph\">Lo significativo es que estando caliente el ambiente como est\u00e1, todas las fracciones legislativas firmaron un documento de respaldo a su persona. Aprovech\u00f3 para repetir que no aspira a una diputaci\u00f3n federal ni a reelegirse, sino solo a terminar bien su responsabilidad al frente de la Jucopo, como debe de ser.<\/p>\n\n\n\n<p class=\"wp-block-paragraph\">Dijo que entendi\u00f3 el apoyo como que se sienten a gusto con \u00e9l, pero adem\u00e1s tambi\u00e9n que \u201cesperan cerrar bien, porque dicen que siempre en la recta final hay desajustes, hay golpeteos\u00bb.<\/p>\n\n\n\n<p class=\"wp-block-paragraph\">Estando las cosas como est\u00e1n, sorprende, aunque no tanto, el espaldarazo que le dan los m\u00e1s diversos, pero se entiende que se lo ha ganado por el trato respetuoso y el di\u00e1logo permamente que ha mantenido con todos, convirti\u00e9ndose, junto con Ricardo Ahued, en el mejor interlocutor de la gobernadora Roc\u00edo Nahle con las fuerzas pol\u00edticas del estado.<\/p>\n\n\n\n<p class=\"wp-block-paragraph\"><strong>Delia despeja el camino a Eric Dom\u00ednguez para sucederla<\/strong><\/p>\n\n\n\n<p class=\"wp-block-paragraph\">La auditora superior saliente, Delia Gonz\u00e1lez Cobos, despej\u00f3 totalmente el camino para que la suceda en el cargo Eric Dom\u00ednguez al declarar que el papanteco s\u00ed solvent\u00f3 las observaciones que le hizo el ORFIS por un presunto faltante o desv\u00edo por 88 millones de pesos.<\/p>\n\n\n\n<p class=\"wp-block-paragraph\">Manifest\u00f3 que el asunto qued\u00f3 cerrado y su gesti\u00f3n totalmente aclarada. A eso se agrega que confirm\u00f3 que no se inscribieron como aspirantes al cargo que ocupa ni la contralora general del estado, B\u00e1rbara Galindo, ni la excontralora general del estado, Leslie Garibo Puga, actual titular de Patrimonio del Estado.<\/p>\n\n\n\n<p class=\"wp-block-paragraph\">El periodo de Gonz\u00e1lez Cobos termina el pr\u00f3ximo d\u00eda 26, y por lo que declar\u00f3 no ser\u00e1 raro que ya est\u00e9 haciendo la entrega-recepci\u00f3n a su sucesor.<\/p>\n\n\n\n<p class=\"wp-block-paragraph\"><strong>Vicente Aguilar se va a Morena y quiere llevarse a \u201ctodo\u201d el PT<\/strong><\/p>\n\n\n\n<p class=\"wp-block-paragraph\">Sin duda, el nombramiento de su hijo Vicente Chent\u00edn Aguilar Castillo como presidente de la Mesa Directiva de la LXVII Legislatura del Congreso local fue a cambio de que Vicente Aguilar Aguilar trate de desmantelar al PT en el estado, luego de que desde la dirigencia nacional le quitaron el cacicazgo que vino ejerciendo durante 20 a\u00f1os como dirigente estatal de ese partido.<\/p>\n\n\n\n<p class=\"wp-block-paragraph\">El todav\u00eda petista ha estado recorriendo el estado visitando a los alcaldes del PT para pedirles que se le sumen y se vayan con \u00e9l a Morena e incluso les ofreci\u00f3 llevarlos esta misma semana con la gobernadora Roc\u00edo Nahle y les garantiza que tendr\u00e1n todos los apoyos que necesiten.<\/p>\n\n\n\n<p class=\"wp-block-paragraph\">Habr\u00e1 que esperar la reacci\u00f3n de la dirigencia nacional del PT, sin cuyos votos la presidente Claudia Sheinbaum no tendr\u00e1 mayor\u00eda calificada en la C\u00e1mara de Diputados para aprobar las reformas constitucionales que ha anunciado. S\u00ed, que duda cabe, el ambiente pol\u00edtico est\u00e1 caliente.<\/p>\n\n\n\n<p class=\"wp-block-paragraph\"><strong>Manuel Huerta invita a \u201cmedio\u201d Veracruz a su informe, el 22<\/strong><\/p>\n\n\n\n<p class=\"wp-block-paragraph\">Con toda anticipaci\u00f3n, el senador Manuel Huerta est\u00e1 invitando a \u201cmedio\u201d Veracruz a su segundo informe legislativo que rendir\u00e1 el pr\u00f3ximo 22 de septiembre en la Antigua Casona de Xicot\u00e9ncatl del Senado de la Rep\u00fablica. No deja de llamar la atenci\u00f3n que la invitaci\u00f3n tiene como trasfondo las figuras hist\u00f3ricas de Sebasti\u00e1n Lerdo de Tejada, Heriberto Jara y Heberto Castillo, tres ilustres veracruzanos.<\/p>\n","protected":false},"excerpt":{"rendered":"<p>Prosa aprisaArturo Reyes Isidoro La gobernadora Roc\u00edo Nahle estuvo este martes en el 2 Informe de Gobierno de la presidenta Claudia Sheinbaum. No estuvo en la primera fila, como hubiera distinguido a Veracruz. En las redes fue lac\u00f3nica en su comentario alusivo: \u201cVeracruz presente en el 2 Informe de Gobierno de nuestra presidenta Claudia Sheinbaum [&hellip;]<\/p>\n","protected":false},"author":12,"featured_media":2168,"comment_status":"open","ping_status":"open","sticky":false,"template":"","format":"standard","meta":{"_jetpack_newsletter_access":"","_jetpack_dont_email_post_to_subs":false,"_jetpack_newsletter_tier_id":0,"_jetpack_memberships_contains_paywalled_content":false,"_jetpack_memberships_contains_paid_content":false,"footnotes":""},"categories":[17,31],"tags":[91,40],"ppma_author":[72],"class_list":["post-2166","post","type-post","status-publish","format-standard","has-post-thumbnail","category-columnas","category-prosaaprisa","tag-arturo-reyes-isidoro","tag-veracruz"],"yoast_head":"<!-- This site is optimized with the Yoast SEO plugin v28.4 - https:\/\/yoast.com\/product\/yoast-seo-wordpress\/ -->\n<title>DEJAN SIN NINGUNA POSICI\u00d3N RELEVANTE A VERACRUZ EN EL ALTIPLANO - Metropolitano News<\/title>\n<meta name=\"robots\" content=\"index, follow, max-snippet:-1, max-image-preview:large, max-video-preview:-1\" \/>\n<link rel=\"canonical\" href=\"https:\/\/metropolitanonews.mx\/?p=2166\" \/>\n<meta property=\"og:locale\" content=\"es_ES\" \/>\n<meta property=\"og:type\" content=\"article\" \/>\n<meta property=\"og:title\" content=\"DEJAN SIN NINGUNA POSICI\u00d3N RELEVANTE A VERACRUZ EN EL ALTIPLANO - Metropolitano News\" \/>\n<meta property=\"og:description\" content=\"Prosa aprisaArturo Reyes Isidoro La gobernadora Roc\u00edo Nahle estuvo este martes en el 2 Informe de Gobierno de la presidenta Claudia Sheinbaum. No estuvo en la primera fila, como hubiera distinguido a Veracruz. En las redes fue lac\u00f3nica en su comentario alusivo: \u201cVeracruz presente en el 2 Informe de Gobierno de nuestra presidenta Claudia Sheinbaum [&hellip;]\" \/>\n<meta property=\"og:url\" content=\"https:\/\/metropolitanonews.mx\/?p=2166\" \/>\n<meta property=\"og:site_name\" content=\"Metropolitano News\" \/>\n<meta property=\"article:published_time\" content=\"2026-09-02T12:28:59+00:00\" \/>\n<meta property=\"article:modified_time\" content=\"2026-09-02T12:29:00+00:00\" \/>\n<meta property=\"og:image\" content=\"https:\/\/metropolitanonews.mx\/wp-content\/uploads\/2026\/09\/22425_8.jpg\" \/>\n\t<meta property=\"og:image:width\" content=\"800\" \/>\n\t<meta property=\"og:image:height\" content=\"555\" \/>\n\t<meta property=\"og:image:type\" content=\"image\/jpeg\" \/>\n<meta name=\"author\" content=\"Redaccion\" \/>\n<meta name=\"twitter:card\" content=\"summary_large_image\" \/>\n<meta name=\"twitter:label1\" content=\"Escrito por\" \/>\n\t<meta name=\"twitter:data1\" content=\"Redaccion\" \/>\n\t<meta name=\"twitter:label2\" content=\"Tiempo de lectura\" \/>\n\t<meta name=\"twitter:data2\" content=\"8 minutos\" \/>\n<script type=\"application\/ld+json\" class=\"yoast-schema-graph\">{\"@context\":\"https:\\\/\\\/schema.org\",\"@graph\":[{\"@type\":\"Article\",\"@id\":\"https:\\\/\\\/metropolitanonews.mx\\\/?p=2166#article\",\"isPartOf\":{\"@id\":\"https:\\\/\\\/metropolitanonews.mx\\\/?p=2166\"},\"author\":{\"name\":\"Redaccion\",\"@id\":\"https:\\\/\\\/metropolitanonews.mx\\\/#\\\/schema\\\/person\\\/5e143d068737b9206cdcb60ea7761ffa\"},\"headline\":\"DEJAN SIN NINGUNA POSICI\u00d3N RELEVANTE A VERACRUZ EN EL ALTIPLANO\",\"datePublished\":\"2026-09-02T12:28:59+00:00\",\"dateModified\":\"2026-09-02T12:29:00+00:00\",\"mainEntityOfPage\":{\"@id\":\"https:\\\/\\\/metropolitanonews.mx\\\/?p=2166\"},\"wordCount\":1537,\"commentCount\":0,\"image\":{\"@id\":\"https:\\\/\\\/metropolitanonews.mx\\\/?p=2166#primaryimage\"},\"thumbnailUrl\":\"https:\\\/\\\/metropolitanonews.mx\\\/wp-content\\\/uploads\\\/2026\\\/09\\\/22425_8.jpg\",\"keywords\":[\"Arturo Reyes Isidoro\",\"Veracruz\"],\"articleSection\":[\"Columnas\",\"Prosa Aprisa\"],\"inLanguage\":\"es\",\"potentialAction\":[{\"@type\":\"CommentAction\",\"name\":\"Comment\",\"target\":[\"https:\\\/\\\/metropolitanonews.mx\\\/?p=2166#respond\"]}]},{\"@type\":\"WebPage\",\"@id\":\"https:\\\/\\\/metropolitanonews.mx\\\/?p=2166\",\"url\":\"https:\\\/\\\/metropolitanonews.mx\\\/?p=2166\",\"name\":\"DEJAN SIN NINGUNA POSICI\u00d3N RELEVANTE A VERACRUZ EN EL ALTIPLANO - Metropolitano News\",\"isPartOf\":{\"@id\":\"https:\\\/\\\/metropolitanonews.mx\\\/#website\"},\"primaryImageOfPage\":{\"@id\":\"https:\\\/\\\/metropolitanonews.mx\\\/?p=2166#primaryimage\"},\"image\":{\"@id\":\"https:\\\/\\\/metropolitanonews.mx\\\/?p=2166#primaryimage\"},\"thumbnailUrl\":\"https:\\\/\\\/metropolitanonews.mx\\\/wp-content\\\/uploads\\\/2026\\\/09\\\/22425_8.jpg\",\"datePublished\":\"2026-09-02T12:28:59+00:00\",\"dateModified\":\"2026-09-02T12:29:00+00:00\",\"author\":{\"@id\":\"https:\\\/\\\/metropolitanonews.mx\\\/#\\\/schema\\\/person\\\/5e143d068737b9206cdcb60ea7761ffa\"},\"breadcrumb\":{\"@id\":\"https:\\\/\\\/metropolitanonews.mx\\\/?p=2166#breadcrumb\"},\"inLanguage\":\"es\",\"potentialAction\":[{\"@type\":\"ReadAction\",\"target\":[\"https:\\\/\\\/metropolitanonews.mx\\\/?p=2166\"]}]},{\"@type\":\"ImageObject\",\"inLanguage\":\"es\",\"@id\":\"https:\\\/\\\/metropolitanonews.mx\\\/?p=2166#primaryimage\",\"url\":\"https:\\\/\\\/metropolitanonews.mx\\\/wp-content\\\/uploads\\\/2026\\\/09\\\/22425_8.jpg\",\"contentUrl\":\"https:\\\/\\\/metropolitanonews.mx\\\/wp-content\\\/uploads\\\/2026\\\/09\\\/22425_8.jpg\",\"width\":800,\"height\":555},{\"@type\":\"BreadcrumbList\",\"@id\":\"https:\\\/\\\/metropolitanonews.mx\\\/?p=2166#breadcrumb\",\"itemListElement\":[{\"@type\":\"ListItem\",\"position\":1,\"name\":\"Portada\",\"item\":\"https:\\\/\\\/metropolitanonews.mx\\\/\"},{\"@type\":\"ListItem\",\"position\":2,\"name\":\"DEJAN SIN NINGUNA POSICI\u00d3N RELEVANTE A VERACRUZ EN EL ALTIPLANO\"}]},{\"@type\":\"WebSite\",\"@id\":\"https:\\\/\\\/metropolitanonews.mx\\\/#website\",\"url\":\"https:\\\/\\\/metropolitanonews.mx\\\/\",\"name\":\"Metropolitano News\",\"description\":\"\",\"potentialAction\":[{\"@type\":\"SearchAction\",\"target\":{\"@type\":\"EntryPoint\",\"urlTemplate\":\"https:\\\/\\\/metropolitanonews.mx\\\/?s={search_term_string}\"},\"query-input\":{\"@type\":\"PropertyValueSpecification\",\"valueRequired\":true,\"valueName\":\"search_term_string\"}}],\"inLanguage\":\"es\"},{\"@type\":\"Person\",\"@id\":\"https:\\\/\\\/metropolitanonews.mx\\\/#\\\/schema\\\/person\\\/5e143d068737b9206cdcb60ea7761ffa\",\"name\":\"Redaccion\",\"image\":{\"@type\":\"ImageObject\",\"inLanguage\":\"es\",\"@id\":\"https:\\\/\\\/secure.gravatar.com\\\/avatar\\\/a121e7ba078b27046b6a11dd9ec39512b64e27b6dca4ff1e7d54167208093ba8?s=96&d=mm&r=ga2145a6ac8df3cd2db9e7e95baa980ec\",\"url\":\"https:\\\/\\\/secure.gravatar.com\\\/avatar\\\/a121e7ba078b27046b6a11dd9ec39512b64e27b6dca4ff1e7d54167208093ba8?s=96&d=mm&r=g\",\"contentUrl\":\"https:\\\/\\\/secure.gravatar.com\\\/avatar\\\/a121e7ba078b27046b6a11dd9ec39512b64e27b6dca4ff1e7d54167208093ba8?s=96&d=mm&r=g\",\"caption\":\"Redaccion\"},\"sameAs\":[\"http:\\\/\\\/metrpolinatonews.mx\"],\"url\":\"https:\\\/\\\/metropolitanonews.mx\\\/?author=12\"}]}<\/script>\n<!-- \/ Yoast SEO plugin. -->","yoast_head_json":{"title":"DEJAN SIN NINGUNA POSICI\u00d3N RELEVANTE A VERACRUZ EN EL ALTIPLANO - Metropolitano News","robots":{"index":"index","follow":"follow","max-snippet":"max-snippet:-1","max-image-preview":"max-image-preview:large","max-video-preview":"max-video-preview:-1"},"canonical":"https:\/\/metropolitanonews.mx\/?p=2166","og_locale":"es_ES","og_type":"article","og_title":"DEJAN SIN NINGUNA POSICI\u00d3N RELEVANTE A VERACRUZ EN EL ALTIPLANO - Metropolitano News","og_description":"Prosa aprisaArturo Reyes Isidoro La gobernadora Roc\u00edo Nahle estuvo este martes en el 2 Informe de Gobierno de la presidenta Claudia Sheinbaum. No estuvo en la primera fila, como hubiera distinguido a Veracruz. En las redes fue lac\u00f3nica en su comentario alusivo: \u201cVeracruz presente en el 2 Informe de Gobierno de nuestra presidenta Claudia Sheinbaum [&hellip;]","og_url":"https:\/\/metropolitanonews.mx\/?p=2166","og_site_name":"Metropolitano News","article_published_time":"2026-09-02T12:28:59+00:00","article_modified_time":"2026-09-02T12:29:00+00:00","og_image":[{"width":800,"height":555,"url":"https:\/\/metropolitanonews.mx\/wp-content\/uploads\/2026\/09\/22425_8.jpg","type":"image\/jpeg"}],"author":"Redaccion","twitter_card":"summary_large_image","twitter_misc":{"Escrito por":"Redaccion","Tiempo de lectura":"8 minutos"},"schema":{"@context":"https:\/\/schema.org","@graph":[{"@type":"Article","@id":"https:\/\/metropolitanonews.mx\/?p=2166#article","isPartOf":{"@id":"https:\/\/metropolitanonews.mx\/?p=2166"},"author":{"name":"Redaccion","@id":"https:\/\/metropolitanonews.mx\/#\/schema\/person\/5e143d068737b9206cdcb60ea7761ffa"},"headline":"DEJAN SIN NINGUNA POSICI\u00d3N RELEVANTE A VERACRUZ EN EL ALTIPLANO","datePublished":"2026-09-02T12:28:59+00:00","dateModified":"2026-09-02T12:29:00+00:00","mainEntityOfPage":{"@id":"https:\/\/metropolitanonews.mx\/?p=2166"},"wordCount":1537,"commentCount":0,"image":{"@id":"https:\/\/metropolitanonews.mx\/?p=2166#primaryimage"},"thumbnailUrl":"https:\/\/metropolitanonews.mx\/wp-content\/uploads\/2026\/09\/22425_8.jpg","keywords":["Arturo Reyes Isidoro","Veracruz"],"articleSection":["Columnas","Prosa Aprisa"],"inLanguage":"es","potentialAction":[{"@type":"CommentAction","name":"Comment","target":["https:\/\/metropolitanonews.mx\/?p=2166#respond"]}]},{"@type":"WebPage","@id":"https:\/\/metropolitanonews.mx\/?p=2166","url":"https:\/\/metropolitanonews.mx\/?p=2166","name":"DEJAN SIN NINGUNA POSICI\u00d3N RELEVANTE A VERACRUZ EN EL ALTIPLANO - Metropolitano News","isPartOf":{"@id":"https:\/\/metropolitanonews.mx\/#website"},"primaryImageOfPage":{"@id":"https:\/\/metropolitanonews.mx\/?p=2166#primaryimage"},"image":{"@id":"https:\/\/metropolitanonews.mx\/?p=2166#primaryimage"},"thumbnailUrl":"https:\/\/metropolitanonews.mx\/wp-content\/uploads\/2026\/09\/22425_8.jpg","datePublished":"2026-09-02T12:28:59+00:00","dateModified":"2026-09-02T12:29:00+00:00","author":{"@id":"https:\/\/metropolitanonews.mx\/#\/schema\/person\/5e143d068737b9206cdcb60ea7761ffa"},"breadcrumb":{"@id":"https:\/\/metropolitanonews.mx\/?p=2166#breadcrumb"},"inLanguage":"es","potentialAction":[{"@type":"ReadAction","target":["https:\/\/metropolitanonews.mx\/?p=2166"]}]},{"@type":"ImageObject","inLanguage":"es","@id":"https:\/\/metropolitanonews.mx\/?p=2166#primaryimage","url":"https:\/\/metropolitanonews.mx\/wp-content\/uploads\/2026\/09\/22425_8.jpg","contentUrl":"https:\/\/metropolitanonews.mx\/wp-content\/uploads\/2026\/09\/22425_8.jpg","width":800,"height":555},{"@type":"BreadcrumbList","@id":"https:\/\/metropolitanonews.mx\/?p=2166#breadcrumb","itemListElement":[{"@type":"ListItem","position":1,"name":"Portada","item":"https:\/\/metropolitanonews.mx\/"},{"@type":"ListItem","position":2,"name":"DEJAN SIN NINGUNA POSICI\u00d3N RELEVANTE A VERACRUZ EN EL ALTIPLANO"}]},{"@type":"WebSite","@id":"https:\/\/metropolitanonews.mx\/#website","url":"https:\/\/metropolitanonews.mx\/","name":"Metropolitano News","description":"","potentialAction":[{"@type":"SearchAction","target":{"@type":"EntryPoint","urlTemplate":"https:\/\/metropolitanonews.mx\/?s={search_term_string}"},"query-input":{"@type":"PropertyValueSpecification","valueRequired":true,"valueName":"search_term_string"}}],"inLanguage":"es"},{"@type":"Person","@id":"https:\/\/metropolitanonews.mx\/#\/schema\/person\/5e143d068737b9206cdcb60ea7761ffa","name":"Redaccion","image":{"@type":"ImageObject","inLanguage":"es","@id":"https:\/\/secure.gravatar.com\/avatar\/a121e7ba078b27046b6a11dd9ec39512b64e27b6dca4ff1e7d54167208093ba8?s=96&d=mm&r=ga2145a6ac8df3cd2db9e7e95baa980ec","url":"https:\/\/secure.gravatar.com\/avatar\/a121e7ba078b27046b6a11dd9ec39512b64e27b6dca4ff1e7d54167208093ba8?s=96&d=mm&r=g","contentUrl":"https:\/\/secure.gravatar.com\/avatar\/a121e7ba078b27046b6a11dd9ec39512b64e27b6dca4ff1e7d54167208093ba8?s=96&d=mm&r=g","caption":"Redaccion"},"sameAs":["http:\/\/metrpolinatonews.mx"],"url":"https:\/\/metropolitanonews.mx\/?author=12"}]}},"jetpack_sharing_enabled":true,"authors":[{"term_id":72,"user_id":12,"is_guest":0,"slug":"redaccion","display_name":"Redaccion","avatar_url":"https:\/\/secure.gravatar.com\/avatar\/a121e7ba078b27046b6a11dd9ec39512b64e27b6dca4ff1e7d54167208093ba8?s=96&d=mm&r=g","author_category":"","first_name":"Ra\u00fal","last_name":"Mart\u00ednez","user_url":"http:\/\/metrpolinatonews.mx","job_title":"","description":""}],"jetpack_featured_media_url":"https:\/\/metropolitanonews.mx\/wp-content\/uploads\/2026\/09\/22425_8.jpg","_links":{"self":[{"href":"https:\/\/metropolitanonews.mx\/index.php?rest_route=\/wp\/v2\/posts\/2166","targetHints":{"allow":["GET"]}}],"collection":[{"href":"https:\/\/metropolitanonews.mx\/index.php?rest_route=\/wp\/v2\/posts"}],"about":[{"href":"https:\/\/metropolitanonews.mx\/index.php?rest_route=\/wp\/v2\/types\/post"}],"author":[{"embeddable":true,"href":"https:\/\/metropolitanonews.mx\/index.php?rest_route=\/wp\/v2\/users\/12"}],"replies":[{"embeddable":true,"href":"https:\/\/metropolitanonews.mx\/index.php?rest_route=%2Fwp%2Fv2%2Fcomments&post=2166"}],"version-history":[{"count":1,"href":"https:\/\/metropolitanonews.mx\/index.php?rest_route=\/wp\/v2\/posts\/2166\/revisions"}],"predecessor-version":[{"id":2169,"href":"https:\/\/metropolitanonews.mx\/index.php?rest_route=\/wp\/v2\/posts\/2166\/revisions\/2169"}],"wp:featuredmedia":[{"embeddable":true,"href":"https:\/\/metropolitanonews.mx\/index.php?rest_route=\/wp\/v2\/media\/2168"}],"wp:attachment":[{"href":"https:\/\/metropolitanonews.mx\/index.php?rest_route=%2Fwp%2Fv2%2Fmedia&parent=2166"}],"wp:term":[{"taxonomy":"category","embeddable":true,"href":"https:\/\/metropolitanonews.mx\/index.php?rest_route=%2Fwp%2Fv2%2Fcategories&post=2166"},{"taxonomy":"post_tag","embeddable":true,"href":"https:\/\/metropolitanonews.mx\/index.php?rest_route=%2Fwp%2Fv2%2Ftags&post=2166"},{"taxonomy":"author","embeddable":true,"href":"https:\/\/metropolitanonews.mx\/index.php?rest_route=%2Fwp%2Fv2%2Fppma_author&post=2166"}],"curies":[{"name":"wp","href":"https:\/\/api.w.org\/{rel}","templated":true}]}}