{"id":2158,"date":"2026-09-01T08:13:02","date_gmt":"2026-09-01T14:13:02","guid":{"rendered":"https:\/\/metropolitanonews.mx\/?p=2158"},"modified":"2026-09-01T08:13:05","modified_gmt":"2026-09-01T14:13:05","slug":"en-materia-de-salud-candil-de-la-calle-y-oscuridad-de-su-casa","status":"publish","type":"post","link":"https:\/\/metropolitanonews.mx\/?p=2158","title":{"rendered":"EN MATERIA DE SALUD, CANDIL DE LA CALLE Y OSCURIDAD DE SU CASA"},"content":{"rendered":"\n<p class=\"wp-block-paragraph\"><strong>Prosa aprisa<br>Arturo Reyes Isidoro<\/strong><\/p>\n\n\n\n<p class=\"wp-block-paragraph\">El pasado 10 de agosto, Gonzalo Bobby L\u00f3pez Beltr\u00e1n fue captado junto con su esposa en el Centro M\u00e9dico ABC, Campus Sante Fe, de la Ciudad de M\u00e9xico, a donde llev\u00f3 a consulta a su beb\u00e9. Las im\u00e1genes, difundidas por el periodista Jorge Garc\u00eda Orozco, de la revista digital Eme Equis, causaron indignaci\u00f3n y una lluvia de cr\u00edticas.<\/p>\n\n\n\n<p class=\"wp-block-paragraph\">El hecho de que como padre quiera y procure lo mejor para su hijo es leg\u00edtimo, y estoy seguro que cualquiera con posibilidades econ\u00f3micas har\u00eda lo mismo. La cuesti\u00f3n es que no practica la austeridad que pregonaba su padre, el expresidente Andr\u00e9s Manuel L\u00f3pez Obrador, y que dej\u00f3 como una l\u00ednea a seguir para todo el morenismo.<\/p>\n\n\n\n<p class=\"wp-block-paragraph\">La indignaci\u00f3n es leg\u00edtima cuando se le ve en uno de los hospitales privados m\u00e1s caros del pa\u00eds, mientras que miles acaso millones de mexicanos sobreviven, cuando no fallecen, en las peores condiciones en los hospitales p\u00fablicos por falta de medicamentos, material para curaci\u00f3n, equipos m\u00e9dicos y hasta de especialistas.<\/p>\n\n\n\n<p class=\"wp-block-paragraph\">Son una gran ofensa y una grave violaci\u00f3n a los derechos humanos las im\u00e1genes que se difunden cotidianamente en las que se ven, lo mismo en los hospitales del IMSS que del ISSSTE, a pacientes \u201cencamados\u201d en duras sillas de pl\u00e1stico, sentados en los pasillos cuando no doblados, porque no hay camas suficientes ni espacios donde colocarlos.<\/p>\n\n\n\n<p class=\"wp-block-paragraph\"><strong>En el CAE de Xalapa falta de todo y piden a familiares de pacientes comprarlo<\/strong><\/p>\n\n\n\n<p class=\"wp-block-paragraph\">La semana pasada los medios dieron gran cobertura a la denuncia de la falta de insumos en el Centro de Alta Especialidad de Xalapa por lo que se estaba pidiendo a los familiares de los pacientes que ellos los compraran para poder atenderlos. En medios y en las redes circularon las im\u00e1genes de la denuncia con el listado de todo lo que falta, material que con lo que se ha gastado el gobierno en un solo festival art\u00edstico de los que realiza ya se hubiera comprado.<\/p>\n\n\n\n<p class=\"wp-block-paragraph\"><strong>Hay m\u00e1s de mil cirug\u00edas pendientes y no hay para cu\u00e1ndo realizarlas<\/strong><\/p>\n\n\n\n<p class=\"wp-block-paragraph\">Todav\u00eda m\u00e1s grave, el viernes pasado el Diario de Xalapa public\u00f3 que en el mismo CAE est\u00e1n pendientes de realizar m\u00e1s de mil cirug\u00edas porque no hay insumos, y que no hay fecha para cu\u00e1ndo se puedan practicar. Est\u00e1, pues, en riesgo la vida de m\u00e1s de mil personas y no hay una voz autorizada del Gobierno del Estado que salga a responder qu\u00e9 est\u00e1 pasando.<\/p>\n\n\n\n<p class=\"wp-block-paragraph\"><strong>Caradura de \u201cgobierno progresista\u201d lo niega<\/strong><\/p>\n\n\n\n<p class=\"wp-block-paragraph\">El que sali\u00f3 a negar todo fue el delegado del IMSS-Bienestar, Roberto Ramos Alor, quien atribuy\u00f3 las denuncias a \u201clos enemigos de este gobierno progresista\u201d y dijo que se trata de una campa\u00f1a de odio. En esto puede que tenga raz\u00f3n, de odio, pero de pacientes y sus familiares porque los est\u00e1n dejando morir.<\/p>\n\n\n\n<p class=\"wp-block-paragraph\">Este se\u00f1or es el mismo que est\u00e1 impune porque siendo secretario de Salud en el gobierno de Cuitl\u00e1huac Garc\u00eda Jim\u00e9nez dispuso de 300 millones de pesos para ponerlos a \u201csudar\u201d en el Banco Accendo, que se declar\u00f3 en quiebra en septiembre de 2021, dinero que se perdi\u00f3 pero por el que nadie lo ha llamado a cuentas.<\/p>\n\n\n\n<p class=\"wp-block-paragraph\"><strong>Pero Nahle acepta que existe el problema y se compromete a resolverlo<\/strong><\/p>\n\n\n\n<p class=\"wp-block-paragraph\">Contrario a \u00e9l, de hecho, la gobernadora Roc\u00edo Nahle acept\u00f3 que existe el problema. En declaraciones se comprometi\u00f3 a resolverlo \u201cpronto\u201d. Dijo que cuando se enter\u00f3 (seguramente por los medios) habl\u00f3 con el director del IMSS-Bienestar, Alejandro Svarch, quien se comprometi\u00f3 a que esta misma semana enviar\u00e1 suministros, pero dijo que si no llegan, los comprar\u00e1 y que ya luego gestionar\u00e1 que le repongan los recursos.<\/p>\n\n\n\n<p class=\"wp-block-paragraph\"><strong>L\u00f3pez Obrador desmantel\u00f3 lo que funcionaba bien<\/strong><\/p>\n\n\n\n<p class=\"wp-block-paragraph\">Como presidente, L\u00f3pez Obrador desmantel\u00f3 el sistema de salud que hab\u00eda, que con todos sus asegunes funcionaba bien o regularmente, cuando elimin\u00f3 el Seguro Popular y modific\u00f3 por completo el modelo de compras y la distribuci\u00f3n de medicamentos, asegurando que con \u00e9l tendr\u00edamos un sistema de salud mejor que el de Dinamarca.<\/p>\n\n\n\n<p class=\"wp-block-paragraph\"><strong>Y ahora Sheinbaum anuncia programa electorero<\/strong><\/p>\n\n\n\n<p class=\"wp-block-paragraph\">Por eso me parece electorero el anuncio que hizo hace una semana la presidenta Sheinbaum de que ser\u00e1n creados 12 mil 750 nuevos consultorios de atenci\u00f3n primaria del Servicio Universal de Salud que, asegur\u00f3, entrar\u00e1n en operaci\u00f3n en enero de 2027 en los 24 estados en los que opera el IMSS Bienestar, Veracruz uno de ellos.<\/p>\n\n\n\n<p class=\"wp-block-paragraph\">En el estado la secund\u00f3 la gobernadora Roc\u00edo Nahle, quien inform\u00f3 que su gobierno proyecta crear 1,298 consultorios para dar cobertura a los m\u00e1s de 8 millones de veracruzanos.<\/p>\n\n\n\n<p class=\"wp-block-paragraph\">No est\u00e1 mal el anuncio, aunque creo que mejor primero debieran procurar que se d\u00e9 un mejor servicio de atenci\u00f3n primaria lo mismo en el IMSS que en el ISSSTE y en los centros de salud y hospitales del sector salud, en el caso del estado, donde, si bien el personal (al menos en mi experiencia) se porta atento y hasta cordial, la capacidad m\u00e9dica para atender es muy poca, la demanda mucha, y en el caso de las citas programadas, que debieran ser cada mes, ahora las dan cada mes y medio y como van las cosas luego las van a dar cada dos meses.<\/p>\n\n\n\n<p class=\"wp-block-paragraph\">Para m\u00ed, el anuncio y el programa de consultorios es m\u00e1s bien una medida electorera, que va a buscar atraer votos para junio de 2027, aunque, por el bien del mundo de personas que requieren atenci\u00f3n primaria, ojal\u00e1 y se cumpla el prop\u00f3sito y los hechos me hagan quedar mal.<\/p>\n\n\n\n<p class=\"wp-block-paragraph\"><strong>Anuncian m\u00e1s infraestructura en lugar de mejorar la que hay<\/strong><\/p>\n\n\n\n<p class=\"wp-block-paragraph\">Aparte el bla bla de la presidenta, indudablemente con prop\u00f3sito propagand\u00edstico, me llam\u00f3 la atenci\u00f3n lo que explic\u00f3 el subsecretario de Integraci\u00f3n Sectorial y Coordinaci\u00f3n de Servicios de Atenci\u00f3n M\u00e9dica, de la Secretar\u00eda de Salud del Gobierno federal, Eduardo Clark Garc\u00eda Dobarganes.<\/p>\n\n\n\n<p class=\"wp-block-paragraph\">Dijo que la creaci\u00f3n de los 12 mil 750 nuevos consultorios es la ampliaci\u00f3n en la cobertura de la atenci\u00f3n primaria m\u00e1s grande que se ha tenido en M\u00e9xico. Para lograrlo, detall\u00f3 que se crear\u00e1 infraestructura nueva, consultorios nuevos en las Unidades de Medicina Familiar (UMF) del IMSS Bienestar, espacios urbanos y en Casas de Salud rurales para que haya un espacio de atenci\u00f3n primaria cercano a la poblaci\u00f3n.<\/p>\n\n\n\n<p class=\"wp-block-paragraph\">Destac\u00f3 que los consultorios contar\u00e1n en los 24 estados federalizados con un m\u00e9dico, equipo homologado, tecnolog\u00edas como computadora y acceso a internet, 90 tipos de medicamentos y adem\u00e1s podr\u00e1n referir a los pacientes que lo necesiten al segundo nivel de atenci\u00f3n. Operar\u00e1n en dos turnos: de 08:00 a 20:00 horas entre semana, y el fin de semana un turno de 08:00 a 14:00 horas.<\/p>\n\n\n\n<p class=\"wp-block-paragraph\"><strong>Sus horarios, limitados; funciona mejor el servicio del Dr. Simi<\/strong><\/p>\n\n\n\n<p class=\"wp-block-paragraph\">Con base en los horarios, entonces en d\u00edas h\u00e1biles uno no se podr\u00e1 enfermar ni requerir atenci\u00f3n m\u00e9dica despu\u00e9s de las 8 de la noche hasta el d\u00eda siguiente antes de las 8 de la ma\u00f1ana, y los fines de semana no se podr\u00e1 enfermar uno ni necesitar ayuda m\u00e9dica despu\u00e9s de las dos de la tarde hasta el d\u00eda siguiente antes de las 8 de la ma\u00f1ana.<\/p>\n\n\n\n<p class=\"wp-block-paragraph\">Quienes lo sabemos por experiencia y por necesidad, podemos afirmar entonces que los consultorios de primer nivel del Dr. Simi, de Farmacias Similares, seguir\u00e1n siendo mejor porque atienden desde las 7 de la ma\u00f1ana hasta la media noche, incluidos s\u00e1bados, domingos y d\u00edas festivos, por lo menos en la farmacia m\u00e1s cercana de mi demarcaci\u00f3n, con un costo de 60 pesos la consulta (inici\u00f3 costando 40 pesos), y los lunes hay hasta colas para comprar medicamentos, que de por s\u00ed baratos tienen todav\u00eda descuento.<\/p>\n\n\n\n<p class=\"wp-block-paragraph\">Un d\u00eda amanec\u00ed indispuesto y me fui antes de las 6 de la ma\u00f1ana a hacer cola en el m\u00f3dulo de mi Unidad M\u00e9dica Familiar del IMSS. Me hab\u00edan dicho que pasaban los primeros 10 pacientes que llegaran sin tener consulta programada. A la mera hora me salieron con que hab\u00eda espacio solo para 4, pero que me iban a enviar a unifila para que cuando hubiera espacio en cualquier otro consultorio me atendieran. Nunca lo hubo. Me arrepent\u00ed de no haber ido con Simi. Perd\u00ed toda una ma\u00f1ana y todo un medio d\u00eda.<\/p>\n\n\n\n<p class=\"wp-block-paragraph\"><strong>En el IMSS no hay luego medicamentos<\/strong><\/p>\n\n\n\n<p class=\"wp-block-paragraph\">Aparte, luego salen con que no hay medicamentos, los que nos prescriben los m\u00e9dicos. Me acaba de suceder. Llegaron casi un mes despu\u00e9s. Mientras, los tuve que comprar, que en mi caso por fortuna lo puedo hacer, pero s\u00e9 de otras personas que no.<\/p>\n\n\n\n<figure class=\"wp-block-image size-full\"><img loading=\"lazy\" decoding=\"async\" width=\"293\" height=\"428\" src=\"https:\/\/metropolitanonews.mx\/wp-content\/uploads\/2026\/09\/imss-xalapa-2.jpg\" alt=\"\" class=\"wp-image-2160\" srcset=\"https:\/\/metropolitanonews.mx\/wp-content\/uploads\/2026\/09\/imss-xalapa-2.jpg 293w, https:\/\/metropolitanonews.mx\/wp-content\/uploads\/2026\/09\/imss-xalapa-2-205x300.jpg 205w, https:\/\/metropolitanonews.mx\/wp-content\/uploads\/2026\/09\/imss-xalapa-2-150x219.jpg 150w, https:\/\/metropolitanonews.mx\/wp-content\/uploads\/2026\/09\/imss-xalapa-2-273x399.jpg 273w\" sizes=\"auto, (max-width: 293px) 100vw, 293px\" \/><\/figure>\n\n\n\n<p class=\"wp-block-paragraph\">Por eso me parece que Sheinbaum y Nahle son candil de la calle y oscuridad de su casa en materia de salud, porque, igual, no hay medicamentos en hospitales, no hay suficientes m\u00e9dicos para atender ni espacios d\u00f3nde, y especialistas tampoco, tanto que a veces programan consulta con alguno de ellos \u00a1hasta dentro de un a\u00f1o!, y ya no es noticia que a cada rato suspenden jornadas de intervenciones quir\u00fargicas por falta de material para curaci\u00f3n. Triste realidad.<\/p>\n\n\n\n<p class=\"wp-block-paragraph\">Pero, claro, presidenta, gobernadora, funcionarios y funcionarias no saben nada de esto, ni se lo imaginan, porque cuando enferman se atienden m\u00ednimo, en el caso de Xalapa, en el Hospital \u00c1ngeles, o se van a atender a hospitales privados y caros de la Ciudad de M\u00e9xico, m\u00ednimo de Puebla o de Guadalajara o de Monterrey. El Seguro Social, el ISSSTE para ellos, \u00a1fuchi!, \u00a1horror!<\/p>\n","protected":false},"excerpt":{"rendered":"<p>Prosa aprisaArturo Reyes Isidoro El pasado 10 de agosto, Gonzalo Bobby L\u00f3pez Beltr\u00e1n fue captado junto con su esposa en el Centro M\u00e9dico ABC, Campus Sante Fe, de la Ciudad de M\u00e9xico, a donde llev\u00f3 a consulta a su beb\u00e9. Las im\u00e1genes, difundidas por el periodista Jorge Garc\u00eda Orozco, de la revista digital Eme Equis, [&hellip;]<\/p>\n","protected":false},"author":12,"featured_media":2159,"comment_status":"open","ping_status":"open","sticky":false,"template":"","format":"standard","meta":{"_jetpack_newsletter_access":"","_jetpack_dont_email_post_to_subs":false,"_jetpack_newsletter_tier_id":0,"_jetpack_memberships_contains_paywalled_content":false,"_jetpack_memberships_contains_paid_content":false,"footnotes":""},"categories":[17],"tags":[91,40],"ppma_author":[72],"class_list":["post-2158","post","type-post","status-publish","format-standard","has-post-thumbnail","category-columnas","tag-arturo-reyes-isidoro","tag-veracruz"],"yoast_head":"<!-- This site is optimized with the Yoast SEO plugin v28.4 - https:\/\/yoast.com\/product\/yoast-seo-wordpress\/ -->\n<title>EN MATERIA DE SALUD, CANDIL DE LA CALLE Y OSCURIDAD DE SU CASA - Metropolitano News<\/title>\n<meta name=\"robots\" content=\"index, follow, max-snippet:-1, max-image-preview:large, max-video-preview:-1\" \/>\n<link rel=\"canonical\" href=\"https:\/\/metropolitanonews.mx\/?p=2158\" \/>\n<meta property=\"og:locale\" content=\"es_ES\" \/>\n<meta property=\"og:type\" content=\"article\" \/>\n<meta property=\"og:title\" content=\"EN MATERIA DE SALUD, CANDIL DE LA CALLE Y OSCURIDAD DE SU CASA - Metropolitano News\" \/>\n<meta property=\"og:description\" content=\"Prosa aprisaArturo Reyes Isidoro El pasado 10 de agosto, Gonzalo Bobby L\u00f3pez Beltr\u00e1n fue captado junto con su esposa en el Centro M\u00e9dico ABC, Campus Sante Fe, de la Ciudad de M\u00e9xico, a donde llev\u00f3 a consulta a su beb\u00e9. Las im\u00e1genes, difundidas por el periodista Jorge Garc\u00eda Orozco, de la revista digital Eme Equis, [&hellip;]\" \/>\n<meta property=\"og:url\" content=\"https:\/\/metropolitanonews.mx\/?p=2158\" \/>\n<meta property=\"og:site_name\" content=\"Metropolitano News\" \/>\n<meta property=\"article:published_time\" content=\"2026-09-01T14:13:02+00:00\" \/>\n<meta property=\"article:modified_time\" content=\"2026-09-01T14:13:05+00:00\" \/>\n<meta property=\"og:image\" content=\"https:\/\/metropolitanonews.mx\/wp-content\/uploads\/2026\/09\/22393_8.jpg\" \/>\n\t<meta property=\"og:image:width\" content=\"794\" \/>\n\t<meta property=\"og:image:height\" content=\"499\" \/>\n\t<meta property=\"og:image:type\" content=\"image\/jpeg\" \/>\n<meta name=\"author\" content=\"Redaccion\" \/>\n<meta name=\"twitter:card\" content=\"summary_large_image\" \/>\n<meta name=\"twitter:label1\" content=\"Escrito por\" \/>\n\t<meta name=\"twitter:data1\" content=\"Redaccion\" \/>\n\t<meta name=\"twitter:label2\" content=\"Tiempo de lectura\" \/>\n\t<meta name=\"twitter:data2\" content=\"8 minutos\" \/>\n<script type=\"application\/ld+json\" class=\"yoast-schema-graph\">{\"@context\":\"https:\\\/\\\/schema.org\",\"@graph\":[{\"@type\":\"Article\",\"@id\":\"https:\\\/\\\/metropolitanonews.mx\\\/?p=2158#article\",\"isPartOf\":{\"@id\":\"https:\\\/\\\/metropolitanonews.mx\\\/?p=2158\"},\"author\":{\"name\":\"Redaccion\",\"@id\":\"https:\\\/\\\/metropolitanonews.mx\\\/#\\\/schema\\\/person\\\/5e143d068737b9206cdcb60ea7761ffa\"},\"headline\":\"EN MATERIA DE SALUD, CANDIL DE LA CALLE Y OSCURIDAD DE SU CASA\",\"datePublished\":\"2026-09-01T14:13:02+00:00\",\"dateModified\":\"2026-09-01T14:13:05+00:00\",\"mainEntityOfPage\":{\"@id\":\"https:\\\/\\\/metropolitanonews.mx\\\/?p=2158\"},\"wordCount\":1647,\"commentCount\":0,\"image\":{\"@id\":\"https:\\\/\\\/metropolitanonews.mx\\\/?p=2158#primaryimage\"},\"thumbnailUrl\":\"https:\\\/\\\/metropolitanonews.mx\\\/wp-content\\\/uploads\\\/2026\\\/09\\\/22393_8.jpg\",\"keywords\":[\"Arturo Reyes Isidoro\",\"Veracruz\"],\"articleSection\":[\"Columnas\"],\"inLanguage\":\"es\",\"potentialAction\":[{\"@type\":\"CommentAction\",\"name\":\"Comment\",\"target\":[\"https:\\\/\\\/metropolitanonews.mx\\\/?p=2158#respond\"]}]},{\"@type\":\"WebPage\",\"@id\":\"https:\\\/\\\/metropolitanonews.mx\\\/?p=2158\",\"url\":\"https:\\\/\\\/metropolitanonews.mx\\\/?p=2158\",\"name\":\"EN MATERIA DE SALUD, CANDIL DE LA CALLE Y OSCURIDAD DE SU CASA - Metropolitano News\",\"isPartOf\":{\"@id\":\"https:\\\/\\\/metropolitanonews.mx\\\/#website\"},\"primaryImageOfPage\":{\"@id\":\"https:\\\/\\\/metropolitanonews.mx\\\/?p=2158#primaryimage\"},\"image\":{\"@id\":\"https:\\\/\\\/metropolitanonews.mx\\\/?p=2158#primaryimage\"},\"thumbnailUrl\":\"https:\\\/\\\/metropolitanonews.mx\\\/wp-content\\\/uploads\\\/2026\\\/09\\\/22393_8.jpg\",\"datePublished\":\"2026-09-01T14:13:02+00:00\",\"dateModified\":\"2026-09-01T14:13:05+00:00\",\"author\":{\"@id\":\"https:\\\/\\\/metropolitanonews.mx\\\/#\\\/schema\\\/person\\\/5e143d068737b9206cdcb60ea7761ffa\"},\"breadcrumb\":{\"@id\":\"https:\\\/\\\/metropolitanonews.mx\\\/?p=2158#breadcrumb\"},\"inLanguage\":\"es\",\"potentialAction\":[{\"@type\":\"ReadAction\",\"target\":[\"https:\\\/\\\/metropolitanonews.mx\\\/?p=2158\"]}]},{\"@type\":\"ImageObject\",\"inLanguage\":\"es\",\"@id\":\"https:\\\/\\\/metropolitanonews.mx\\\/?p=2158#primaryimage\",\"url\":\"https:\\\/\\\/metropolitanonews.mx\\\/wp-content\\\/uploads\\\/2026\\\/09\\\/22393_8.jpg\",\"contentUrl\":\"https:\\\/\\\/metropolitanonews.mx\\\/wp-content\\\/uploads\\\/2026\\\/09\\\/22393_8.jpg\",\"width\":794,\"height\":499},{\"@type\":\"BreadcrumbList\",\"@id\":\"https:\\\/\\\/metropolitanonews.mx\\\/?p=2158#breadcrumb\",\"itemListElement\":[{\"@type\":\"ListItem\",\"position\":1,\"name\":\"Portada\",\"item\":\"https:\\\/\\\/metropolitanonews.mx\\\/\"},{\"@type\":\"ListItem\",\"position\":2,\"name\":\"EN MATERIA DE SALUD, CANDIL DE LA CALLE Y OSCURIDAD DE SU CASA\"}]},{\"@type\":\"WebSite\",\"@id\":\"https:\\\/\\\/metropolitanonews.mx\\\/#website\",\"url\":\"https:\\\/\\\/metropolitanonews.mx\\\/\",\"name\":\"Metropolitano News\",\"description\":\"\",\"potentialAction\":[{\"@type\":\"SearchAction\",\"target\":{\"@type\":\"EntryPoint\",\"urlTemplate\":\"https:\\\/\\\/metropolitanonews.mx\\\/?s={search_term_string}\"},\"query-input\":{\"@type\":\"PropertyValueSpecification\",\"valueRequired\":true,\"valueName\":\"search_term_string\"}}],\"inLanguage\":\"es\"},{\"@type\":\"Person\",\"@id\":\"https:\\\/\\\/metropolitanonews.mx\\\/#\\\/schema\\\/person\\\/5e143d068737b9206cdcb60ea7761ffa\",\"name\":\"Redaccion\",\"image\":{\"@type\":\"ImageObject\",\"inLanguage\":\"es\",\"@id\":\"https:\\\/\\\/secure.gravatar.com\\\/avatar\\\/a121e7ba078b27046b6a11dd9ec39512b64e27b6dca4ff1e7d54167208093ba8?s=96&d=mm&r=ga2145a6ac8df3cd2db9e7e95baa980ec\",\"url\":\"https:\\\/\\\/secure.gravatar.com\\\/avatar\\\/a121e7ba078b27046b6a11dd9ec39512b64e27b6dca4ff1e7d54167208093ba8?s=96&d=mm&r=g\",\"contentUrl\":\"https:\\\/\\\/secure.gravatar.com\\\/avatar\\\/a121e7ba078b27046b6a11dd9ec39512b64e27b6dca4ff1e7d54167208093ba8?s=96&d=mm&r=g\",\"caption\":\"Redaccion\"},\"sameAs\":[\"http:\\\/\\\/metrpolinatonews.mx\"],\"url\":\"https:\\\/\\\/metropolitanonews.mx\\\/?author=12\"}]}<\/script>\n<!-- \/ Yoast SEO plugin. -->","yoast_head_json":{"title":"EN MATERIA DE SALUD, CANDIL DE LA CALLE Y OSCURIDAD DE SU CASA - Metropolitano News","robots":{"index":"index","follow":"follow","max-snippet":"max-snippet:-1","max-image-preview":"max-image-preview:large","max-video-preview":"max-video-preview:-1"},"canonical":"https:\/\/metropolitanonews.mx\/?p=2158","og_locale":"es_ES","og_type":"article","og_title":"EN MATERIA DE SALUD, CANDIL DE LA CALLE Y OSCURIDAD DE SU CASA - Metropolitano News","og_description":"Prosa aprisaArturo Reyes Isidoro El pasado 10 de agosto, Gonzalo Bobby L\u00f3pez Beltr\u00e1n fue captado junto con su esposa en el Centro M\u00e9dico ABC, Campus Sante Fe, de la Ciudad de M\u00e9xico, a donde llev\u00f3 a consulta a su beb\u00e9. Las im\u00e1genes, difundidas por el periodista Jorge Garc\u00eda Orozco, de la revista digital Eme Equis, [&hellip;]","og_url":"https:\/\/metropolitanonews.mx\/?p=2158","og_site_name":"Metropolitano News","article_published_time":"2026-09-01T14:13:02+00:00","article_modified_time":"2026-09-01T14:13:05+00:00","og_image":[{"width":794,"height":499,"url":"https:\/\/metropolitanonews.mx\/wp-content\/uploads\/2026\/09\/22393_8.jpg","type":"image\/jpeg"}],"author":"Redaccion","twitter_card":"summary_large_image","twitter_misc":{"Escrito por":"Redaccion","Tiempo de lectura":"8 minutos"},"schema":{"@context":"https:\/\/schema.org","@graph":[{"@type":"Article","@id":"https:\/\/metropolitanonews.mx\/?p=2158#article","isPartOf":{"@id":"https:\/\/metropolitanonews.mx\/?p=2158"},"author":{"name":"Redaccion","@id":"https:\/\/metropolitanonews.mx\/#\/schema\/person\/5e143d068737b9206cdcb60ea7761ffa"},"headline":"EN MATERIA DE SALUD, CANDIL DE LA CALLE Y OSCURIDAD DE SU CASA","datePublished":"2026-09-01T14:13:02+00:00","dateModified":"2026-09-01T14:13:05+00:00","mainEntityOfPage":{"@id":"https:\/\/metropolitanonews.mx\/?p=2158"},"wordCount":1647,"commentCount":0,"image":{"@id":"https:\/\/metropolitanonews.mx\/?p=2158#primaryimage"},"thumbnailUrl":"https:\/\/metropolitanonews.mx\/wp-content\/uploads\/2026\/09\/22393_8.jpg","keywords":["Arturo Reyes Isidoro","Veracruz"],"articleSection":["Columnas"],"inLanguage":"es","potentialAction":[{"@type":"CommentAction","name":"Comment","target":["https:\/\/metropolitanonews.mx\/?p=2158#respond"]}]},{"@type":"WebPage","@id":"https:\/\/metropolitanonews.mx\/?p=2158","url":"https:\/\/metropolitanonews.mx\/?p=2158","name":"EN MATERIA DE SALUD, CANDIL DE LA CALLE Y OSCURIDAD DE SU CASA - Metropolitano News","isPartOf":{"@id":"https:\/\/metropolitanonews.mx\/#website"},"primaryImageOfPage":{"@id":"https:\/\/metropolitanonews.mx\/?p=2158#primaryimage"},"image":{"@id":"https:\/\/metropolitanonews.mx\/?p=2158#primaryimage"},"thumbnailUrl":"https:\/\/metropolitanonews.mx\/wp-content\/uploads\/2026\/09\/22393_8.jpg","datePublished":"2026-09-01T14:13:02+00:00","dateModified":"2026-09-01T14:13:05+00:00","author":{"@id":"https:\/\/metropolitanonews.mx\/#\/schema\/person\/5e143d068737b9206cdcb60ea7761ffa"},"breadcrumb":{"@id":"https:\/\/metropolitanonews.mx\/?p=2158#breadcrumb"},"inLanguage":"es","potentialAction":[{"@type":"ReadAction","target":["https:\/\/metropolitanonews.mx\/?p=2158"]}]},{"@type":"ImageObject","inLanguage":"es","@id":"https:\/\/metropolitanonews.mx\/?p=2158#primaryimage","url":"https:\/\/metropolitanonews.mx\/wp-content\/uploads\/2026\/09\/22393_8.jpg","contentUrl":"https:\/\/metropolitanonews.mx\/wp-content\/uploads\/2026\/09\/22393_8.jpg","width":794,"height":499},{"@type":"BreadcrumbList","@id":"https:\/\/metropolitanonews.mx\/?p=2158#breadcrumb","itemListElement":[{"@type":"ListItem","position":1,"name":"Portada","item":"https:\/\/metropolitanonews.mx\/"},{"@type":"ListItem","position":2,"name":"EN MATERIA DE SALUD, CANDIL DE LA CALLE Y OSCURIDAD DE SU CASA"}]},{"@type":"WebSite","@id":"https:\/\/metropolitanonews.mx\/#website","url":"https:\/\/metropolitanonews.mx\/","name":"Metropolitano News","description":"","potentialAction":[{"@type":"SearchAction","target":{"@type":"EntryPoint","urlTemplate":"https:\/\/metropolitanonews.mx\/?s={search_term_string}"},"query-input":{"@type":"PropertyValueSpecification","valueRequired":true,"valueName":"search_term_string"}}],"inLanguage":"es"},{"@type":"Person","@id":"https:\/\/metropolitanonews.mx\/#\/schema\/person\/5e143d068737b9206cdcb60ea7761ffa","name":"Redaccion","image":{"@type":"ImageObject","inLanguage":"es","@id":"https:\/\/secure.gravatar.com\/avatar\/a121e7ba078b27046b6a11dd9ec39512b64e27b6dca4ff1e7d54167208093ba8?s=96&d=mm&r=ga2145a6ac8df3cd2db9e7e95baa980ec","url":"https:\/\/secure.gravatar.com\/avatar\/a121e7ba078b27046b6a11dd9ec39512b64e27b6dca4ff1e7d54167208093ba8?s=96&d=mm&r=g","contentUrl":"https:\/\/secure.gravatar.com\/avatar\/a121e7ba078b27046b6a11dd9ec39512b64e27b6dca4ff1e7d54167208093ba8?s=96&d=mm&r=g","caption":"Redaccion"},"sameAs":["http:\/\/metrpolinatonews.mx"],"url":"https:\/\/metropolitanonews.mx\/?author=12"}]}},"jetpack_sharing_enabled":true,"authors":[{"term_id":72,"user_id":12,"is_guest":0,"slug":"redaccion","display_name":"Redaccion","avatar_url":"https:\/\/secure.gravatar.com\/avatar\/a121e7ba078b27046b6a11dd9ec39512b64e27b6dca4ff1e7d54167208093ba8?s=96&d=mm&r=g","author_category":"","first_name":"Ra\u00fal","last_name":"Mart\u00ednez","user_url":"http:\/\/metrpolinatonews.mx","job_title":"","description":""}],"jetpack_featured_media_url":"https:\/\/metropolitanonews.mx\/wp-content\/uploads\/2026\/09\/22393_8.jpg","_links":{"self":[{"href":"https:\/\/metropolitanonews.mx\/index.php?rest_route=\/wp\/v2\/posts\/2158","targetHints":{"allow":["GET"]}}],"collection":[{"href":"https:\/\/metropolitanonews.mx\/index.php?rest_route=\/wp\/v2\/posts"}],"about":[{"href":"https:\/\/metropolitanonews.mx\/index.php?rest_route=\/wp\/v2\/types\/post"}],"author":[{"embeddable":true,"href":"https:\/\/metropolitanonews.mx\/index.php?rest_route=\/wp\/v2\/users\/12"}],"replies":[{"embeddable":true,"href":"https:\/\/metropolitanonews.mx\/index.php?rest_route=%2Fwp%2Fv2%2Fcomments&post=2158"}],"version-history":[{"count":1,"href":"https:\/\/metropolitanonews.mx\/index.php?rest_route=\/wp\/v2\/posts\/2158\/revisions"}],"predecessor-version":[{"id":2161,"href":"https:\/\/metropolitanonews.mx\/index.php?rest_route=\/wp\/v2\/posts\/2158\/revisions\/2161"}],"wp:featuredmedia":[{"embeddable":true,"href":"https:\/\/metropolitanonews.mx\/index.php?rest_route=\/wp\/v2\/media\/2159"}],"wp:attachment":[{"href":"https:\/\/metropolitanonews.mx\/index.php?rest_route=%2Fwp%2Fv2%2Fmedia&parent=2158"}],"wp:term":[{"taxonomy":"category","embeddable":true,"href":"https:\/\/metropolitanonews.mx\/index.php?rest_route=%2Fwp%2Fv2%2Fcategories&post=2158"},{"taxonomy":"post_tag","embeddable":true,"href":"https:\/\/metropolitanonews.mx\/index.php?rest_route=%2Fwp%2Fv2%2Ftags&post=2158"},{"taxonomy":"author","embeddable":true,"href":"https:\/\/metropolitanonews.mx\/index.php?rest_route=%2Fwp%2Fv2%2Fppma_author&post=2158"}],"curies":[{"name":"wp","href":"https:\/\/api.w.org\/{rel}","templated":true}]}}