{"id":2149,"date":"2026-08-31T12:26:06","date_gmt":"2026-08-31T18:26:06","guid":{"rendered":"https:\/\/metropolitanonews.mx\/?p=2149"},"modified":"2026-08-31T12:26:08","modified_gmt":"2026-08-31T18:26:08","slug":"somos-camina-firme-y-amplia-su-presencia-en-el-norte-de-veracruz","status":"publish","type":"post","link":"https:\/\/metropolitanonews.mx\/?p=2149","title":{"rendered":"SOMOS Camina firme y ampl\u00eda su presencia en el norte de Veracruz"},"content":{"rendered":"\n<p class=\"wp-block-paragraph\"><strong><em>*Juli\u00e1n Gonz\u00e1lez Su\u00e1rez encabez\u00f3 una intensa gira para presentar la nueva imagen del partido, fijar postura ante el TEPJF y tomar protesta a seis nuevas dirigencias municipales<br>*Intentaron borrar nuestra identidad; la ciudadan\u00eda respondi\u00f3 levantando seis nuevos comit\u00e9s en el norte de Veracruz<\/em><\/strong><\/p>\n\n\n\n<p class=\"wp-block-paragraph\">Xalapa, Ver., 31 de agosto de 2026.- El partido SOMOS concluy\u00f3 una intensa gira de tres d\u00edas por el norte de Veracruz, consolidando su estructura con la integraci\u00f3n de seis nuevos Comit\u00e9s Directivos Municipales en Poza Rica, Tantoyuca, Pueblo Viejo, Benito Ju\u00e1rez, Chicontepec y Chalma. El recorrido fue encabezado por el presidente estatal, Juli\u00e1n Gonz\u00e1lez Su\u00e1rez, quien reconoci\u00f3 la participaci\u00f3n de mujeres y hombres decididos a construir una opci\u00f3n pol\u00edtica diferente, aut\u00e9nticamente ciudadana y cercana a las comunidades.<\/p>\n\n\n\n<figure class=\"wp-block-image size-large\"><img loading=\"lazy\" decoding=\"async\" width=\"1024\" height=\"435\" src=\"https:\/\/metropolitanonews.mx\/wp-content\/uploads\/2026\/08\/Captura-de-pantalla-2026-08-31-a-las-12.17.43-p.m-1-1024x435.png\" alt=\"\" class=\"wp-image-2151\" srcset=\"https:\/\/metropolitanonews.mx\/wp-content\/uploads\/2026\/08\/Captura-de-pantalla-2026-08-31-a-las-12.17.43-p.m-1-1024x435.png 1024w, https:\/\/metropolitanonews.mx\/wp-content\/uploads\/2026\/08\/Captura-de-pantalla-2026-08-31-a-las-12.17.43-p.m-1-300x127.png 300w, https:\/\/metropolitanonews.mx\/wp-content\/uploads\/2026\/08\/Captura-de-pantalla-2026-08-31-a-las-12.17.43-p.m-1-767x326.png 767w, https:\/\/metropolitanonews.mx\/wp-content\/uploads\/2026\/08\/Captura-de-pantalla-2026-08-31-a-las-12.17.43-p.m-1-148x63.png 148w, https:\/\/metropolitanonews.mx\/wp-content\/uploads\/2026\/08\/Captura-de-pantalla-2026-08-31-a-las-12.17.43-p.m-1-299x127.png 299w, https:\/\/metropolitanonews.mx\/wp-content\/uploads\/2026\/08\/Captura-de-pantalla-2026-08-31-a-las-12.17.43-p.m-1-322x137.png 322w, https:\/\/metropolitanonews.mx\/wp-content\/uploads\/2026\/08\/Captura-de-pantalla-2026-08-31-a-las-12.17.43-p.m-1-1536x653.png 1536w, https:\/\/metropolitanonews.mx\/wp-content\/uploads\/2026\/08\/Captura-de-pantalla-2026-08-31-a-las-12.17.43-p.m-1-694x295.png 694w, https:\/\/metropolitanonews.mx\/wp-content\/uploads\/2026\/08\/Captura-de-pantalla-2026-08-31-a-las-12.17.43-p.m-1-1066x453.png 1066w, https:\/\/metropolitanonews.mx\/wp-content\/uploads\/2026\/08\/Captura-de-pantalla-2026-08-31-a-las-12.17.43-p.m-1.png 1572w\" sizes=\"auto, (max-width: 1024px) 100vw, 1024px\" \/><\/figure>\n\n\n\n<p class=\"wp-block-paragraph\">En Poza Rica, el dirigente estatal present\u00f3 la nueva identidad visual del partido y abord\u00f3 la resoluci\u00f3n del Tribunal Electoral del Poder Judicial de la Federaci\u00f3n (TEPJF), la cual oblig\u00f3 a modificar nombre, emblema y colores. Gonz\u00e1lez Su\u00e1rez calific\u00f3 esta medida como excesiva y desproporcionada, advirtiendo que ning\u00fan intento por frenar el proyecto pol\u00edtico lograr\u00e1 detener el esfuerzo sostenido durante m\u00e1s de dos a\u00f1os por miles de veracruzanos.<\/p>\n\n\n\n<figure class=\"wp-block-image size-large\"><img loading=\"lazy\" decoding=\"async\" width=\"1024\" height=\"491\" src=\"https:\/\/metropolitanonews.mx\/wp-content\/uploads\/2026\/08\/Captura-de-pantalla-2026-08-31-a-las-12.18.06-p.m-1-1024x491.png\" alt=\"\" class=\"wp-image-2152\" srcset=\"https:\/\/metropolitanonews.mx\/wp-content\/uploads\/2026\/08\/Captura-de-pantalla-2026-08-31-a-las-12.18.06-p.m-1-1024x491.png 1024w, https:\/\/metropolitanonews.mx\/wp-content\/uploads\/2026\/08\/Captura-de-pantalla-2026-08-31-a-las-12.18.06-p.m-1-300x144.png 300w, https:\/\/metropolitanonews.mx\/wp-content\/uploads\/2026\/08\/Captura-de-pantalla-2026-08-31-a-las-12.18.06-p.m-1-148x71.png 148w, https:\/\/metropolitanonews.mx\/wp-content\/uploads\/2026\/08\/Captura-de-pantalla-2026-08-31-a-las-12.18.06-p.m-1-768x368.png 768w, https:\/\/metropolitanonews.mx\/wp-content\/uploads\/2026\/08\/Captura-de-pantalla-2026-08-31-a-las-12.18.06-p.m-1-298x143.png 298w, https:\/\/metropolitanonews.mx\/wp-content\/uploads\/2026\/08\/Captura-de-pantalla-2026-08-31-a-las-12.18.06-p.m-1-323x155.png 323w, https:\/\/metropolitanonews.mx\/wp-content\/uploads\/2026\/08\/Captura-de-pantalla-2026-08-31-a-las-12.18.06-p.m-1-1536x736.png 1536w, https:\/\/metropolitanonews.mx\/wp-content\/uploads\/2026\/08\/Captura-de-pantalla-2026-08-31-a-las-12.18.06-p.m-1-695x333.png 695w, https:\/\/metropolitanonews.mx\/wp-content\/uploads\/2026\/08\/Captura-de-pantalla-2026-08-31-a-las-12.18.06-p.m-1-1066x511.png 1066w, https:\/\/metropolitanonews.mx\/wp-content\/uploads\/2026\/08\/Captura-de-pantalla-2026-08-31-a-las-12.18.06-p.m-1.png 1540w\" sizes=\"auto, (max-width: 1024px) 100vw, 1024px\" \/><\/figure>\n\n\n\n<p class=\"wp-block-paragraph\">Durante la gira rindieron protesta los nuevos liderazgos locales:<\/p>\n\n\n\n<p class=\"wp-block-paragraph\">Poza Rica: Noel Bello Herrera (Presidente) y Maribel Vera G\u00f3mez (Secretaria).<br>Tantoyuca: M\u00f3nica Hern\u00e1ndez Flores (Presidenta) y Jaime del \u00c1ngel Z. (Secretario).<br>Pueblo Viejo: N\u00e9lida Meza Medina (Presidenta) y Miguel Pineda Vel\u00e1zquez (Secretario).<br>Benito Ju\u00e1rez: Delfino Hern\u00e1ndez Hern\u00e1ndez (Presidente) y Francisco Hern\u00e1ndez Hern\u00e1ndez (Secretario).<br>Chicontepec: Obed Escudero Zuvirie (Presidente) y Rosaura Hern\u00e1ndez Mart\u00ednez (Secretaria General).<br>Chalma: Emilio Bautista Hern\u00e1ndez (Presidente) y Bertha Cruz Vera (Secretaria).<\/p>\n\n\n\n<figure class=\"wp-block-image size-large\"><img loading=\"lazy\" decoding=\"async\" width=\"1024\" height=\"528\" src=\"https:\/\/metropolitanonews.mx\/wp-content\/uploads\/2026\/08\/Captura-de-pantalla-2026-08-31-a-las-12.18.17-p.m-1-1024x528.png\" alt=\"\" class=\"wp-image-2153\" srcset=\"https:\/\/metropolitanonews.mx\/wp-content\/uploads\/2026\/08\/Captura-de-pantalla-2026-08-31-a-las-12.18.17-p.m-1-1024x528.png 1024w, https:\/\/metropolitanonews.mx\/wp-content\/uploads\/2026\/08\/Captura-de-pantalla-2026-08-31-a-las-12.18.17-p.m-1-300x155.png 300w, https:\/\/metropolitanonews.mx\/wp-content\/uploads\/2026\/08\/Captura-de-pantalla-2026-08-31-a-las-12.18.17-p.m-1-767x395.png 767w, https:\/\/metropolitanonews.mx\/wp-content\/uploads\/2026\/08\/Captura-de-pantalla-2026-08-31-a-las-12.18.17-p.m-1-149x77.png 149w, https:\/\/metropolitanonews.mx\/wp-content\/uploads\/2026\/08\/Captura-de-pantalla-2026-08-31-a-las-12.18.17-p.m-1-299x154.png 299w, https:\/\/metropolitanonews.mx\/wp-content\/uploads\/2026\/08\/Captura-de-pantalla-2026-08-31-a-las-12.18.17-p.m-1-322x166.png 322w, https:\/\/metropolitanonews.mx\/wp-content\/uploads\/2026\/08\/Captura-de-pantalla-2026-08-31-a-las-12.18.17-p.m-1-695x358.png 695w, https:\/\/metropolitanonews.mx\/wp-content\/uploads\/2026\/08\/Captura-de-pantalla-2026-08-31-a-las-12.18.17-p.m-1-1068x550.png 1068w, https:\/\/metropolitanonews.mx\/wp-content\/uploads\/2026\/08\/Captura-de-pantalla-2026-08-31-a-las-12.18.17-p.m-1.png 1518w\" sizes=\"auto, (max-width: 1024px) 100vw, 1024px\" \/><\/figure>\n\n\n\n<p class=\"wp-block-paragraph\">Juli\u00e1n Gonz\u00e1lez enfatiz\u00f3 que el crecimiento de SOMOS se cimenta municipio por municipio, apostando por dirigencias honestas que escuchen, dialoguen y trabajen en equipo con la convicci\u00f3n de servir a la comunidad y no de servirse del cargo. Afirm\u00f3 que la respuesta ciudadana obtenida en esta regi\u00f3n del estado ratifica el \u00e1nimo colectivo por impulsar un Veracruz con mayores oportunidades, seguridad y bienestar.<\/p>\n","protected":false},"excerpt":{"rendered":"<p>*Juli\u00e1n Gonz\u00e1lez Su\u00e1rez encabez\u00f3 una intensa gira para presentar la nueva imagen del partido, fijar postura ante el TEPJF y tomar protesta a seis nuevas dirigencias municipales*Intentaron borrar nuestra identidad; la ciudadan\u00eda respondi\u00f3 levantando seis nuevos comit\u00e9s en el norte de Veracruz Xalapa, Ver., 31 de agosto de 2026.- El partido SOMOS concluy\u00f3 una intensa [&hellip;]<\/p>\n","protected":false},"author":12,"featured_media":2150,"comment_status":"open","ping_status":"open","sticky":false,"template":"","format":"standard","meta":{"_jetpack_newsletter_access":"","_jetpack_dont_email_post_to_subs":false,"_jetpack_newsletter_tier_id":0,"_jetpack_memberships_contains_paywalled_content":false,"_jetpack_memberships_contains_paid_content":false,"footnotes":""},"categories":[18,8],"tags":[164,149,40],"ppma_author":[72],"class_list":["post-2149","post","type-post","status-publish","format-standard","has-post-thumbnail","category-estatal","category-municipios","tag-somos","tag-somosmx","tag-veracruz"],"yoast_head":"<!-- This site is optimized with the Yoast SEO plugin v28.3 - https:\/\/yoast.com\/product\/yoast-seo-wordpress\/ -->\n<title>SOMOS Camina firme y ampl\u00eda su presencia en el norte de Veracruz - Metropolitano News<\/title>\n<meta name=\"robots\" content=\"index, follow, max-snippet:-1, max-image-preview:large, max-video-preview:-1\" \/>\n<link rel=\"canonical\" href=\"https:\/\/metropolitanonews.mx\/?p=2149\" \/>\n<meta property=\"og:locale\" content=\"es_ES\" \/>\n<meta property=\"og:type\" content=\"article\" \/>\n<meta property=\"og:title\" content=\"SOMOS Camina firme y ampl\u00eda su presencia en el norte de Veracruz - Metropolitano News\" \/>\n<meta property=\"og:description\" content=\"*Juli\u00e1n Gonz\u00e1lez Su\u00e1rez encabez\u00f3 una intensa gira para presentar la nueva imagen del partido, fijar postura ante el TEPJF y tomar protesta a seis nuevas dirigencias municipales*Intentaron borrar nuestra identidad; la ciudadan\u00eda respondi\u00f3 levantando seis nuevos comit\u00e9s en el norte de Veracruz Xalapa, Ver., 31 de agosto de 2026.- El partido SOMOS concluy\u00f3 una intensa [&hellip;]\" \/>\n<meta property=\"og:url\" content=\"https:\/\/metropolitanonews.mx\/?p=2149\" \/>\n<meta property=\"og:site_name\" content=\"Metropolitano News\" \/>\n<meta property=\"article:published_time\" content=\"2026-08-31T18:26:06+00:00\" \/>\n<meta property=\"article:modified_time\" content=\"2026-08-31T18:26:08+00:00\" \/>\n<meta property=\"og:image\" content=\"https:\/\/metropolitanonews.mx\/wp-content\/uploads\/2026\/08\/Captura-de-pantalla-2026-08-31-a-las-12.17.56-p.m-1.png\" \/>\n\t<meta property=\"og:image:width\" content=\"1548\" \/>\n\t<meta property=\"og:image:height\" content=\"672\" \/>\n\t<meta property=\"og:image:type\" content=\"image\/png\" \/>\n<meta name=\"author\" content=\"Redaccion\" \/>\n<meta name=\"twitter:card\" content=\"summary_large_image\" \/>\n<meta name=\"twitter:label1\" content=\"Escrito por\" \/>\n\t<meta name=\"twitter:data1\" content=\"Redaccion\" \/>\n\t<meta name=\"twitter:label2\" content=\"Tiempo de lectura\" \/>\n\t<meta name=\"twitter:data2\" content=\"3 minutos\" \/>\n<script type=\"application\/ld+json\" class=\"yoast-schema-graph\">{\"@context\":\"https:\\\/\\\/schema.org\",\"@graph\":[{\"@type\":\"Article\",\"@id\":\"https:\\\/\\\/metropolitanonews.mx\\\/?p=2149#article\",\"isPartOf\":{\"@id\":\"https:\\\/\\\/metropolitanonews.mx\\\/?p=2149\"},\"author\":{\"name\":\"Redaccion\",\"@id\":\"https:\\\/\\\/metropolitanonews.mx\\\/#\\\/schema\\\/person\\\/5e143d068737b9206cdcb60ea7761ffa\"},\"headline\":\"SOMOS Camina firme y ampl\u00eda su presencia en el norte de Veracruz\",\"datePublished\":\"2026-08-31T18:26:06+00:00\",\"dateModified\":\"2026-08-31T18:26:08+00:00\",\"mainEntityOfPage\":{\"@id\":\"https:\\\/\\\/metropolitanonews.mx\\\/?p=2149\"},\"wordCount\":379,\"commentCount\":0,\"image\":{\"@id\":\"https:\\\/\\\/metropolitanonews.mx\\\/?p=2149#primaryimage\"},\"thumbnailUrl\":\"https:\\\/\\\/metropolitanonews.mx\\\/wp-content\\\/uploads\\\/2026\\\/08\\\/Captura-de-pantalla-2026-08-31-a-las-12.17.56-p.m-1.png\",\"keywords\":[\"SOMOS\",\"SomosMx\",\"Veracruz\"],\"articleSection\":[\"Estatal\",\"Municipios\"],\"inLanguage\":\"es\",\"potentialAction\":[{\"@type\":\"CommentAction\",\"name\":\"Comment\",\"target\":[\"https:\\\/\\\/metropolitanonews.mx\\\/?p=2149#respond\"]}]},{\"@type\":\"WebPage\",\"@id\":\"https:\\\/\\\/metropolitanonews.mx\\\/?p=2149\",\"url\":\"https:\\\/\\\/metropolitanonews.mx\\\/?p=2149\",\"name\":\"SOMOS Camina firme y ampl\u00eda su presencia en el norte de Veracruz - Metropolitano News\",\"isPartOf\":{\"@id\":\"https:\\\/\\\/metropolitanonews.mx\\\/#website\"},\"primaryImageOfPage\":{\"@id\":\"https:\\\/\\\/metropolitanonews.mx\\\/?p=2149#primaryimage\"},\"image\":{\"@id\":\"https:\\\/\\\/metropolitanonews.mx\\\/?p=2149#primaryimage\"},\"thumbnailUrl\":\"https:\\\/\\\/metropolitanonews.mx\\\/wp-content\\\/uploads\\\/2026\\\/08\\\/Captura-de-pantalla-2026-08-31-a-las-12.17.56-p.m-1.png\",\"datePublished\":\"2026-08-31T18:26:06+00:00\",\"dateModified\":\"2026-08-31T18:26:08+00:00\",\"author\":{\"@id\":\"https:\\\/\\\/metropolitanonews.mx\\\/#\\\/schema\\\/person\\\/5e143d068737b9206cdcb60ea7761ffa\"},\"breadcrumb\":{\"@id\":\"https:\\\/\\\/metropolitanonews.mx\\\/?p=2149#breadcrumb\"},\"inLanguage\":\"es\",\"potentialAction\":[{\"@type\":\"ReadAction\",\"target\":[\"https:\\\/\\\/metropolitanonews.mx\\\/?p=2149\"]}]},{\"@type\":\"ImageObject\",\"inLanguage\":\"es\",\"@id\":\"https:\\\/\\\/metropolitanonews.mx\\\/?p=2149#primaryimage\",\"url\":\"https:\\\/\\\/metropolitanonews.mx\\\/wp-content\\\/uploads\\\/2026\\\/08\\\/Captura-de-pantalla-2026-08-31-a-las-12.17.56-p.m-1.png\",\"contentUrl\":\"https:\\\/\\\/metropolitanonews.mx\\\/wp-content\\\/uploads\\\/2026\\\/08\\\/Captura-de-pantalla-2026-08-31-a-las-12.17.56-p.m-1.png\",\"width\":1548,\"height\":672},{\"@type\":\"BreadcrumbList\",\"@id\":\"https:\\\/\\\/metropolitanonews.mx\\\/?p=2149#breadcrumb\",\"itemListElement\":[{\"@type\":\"ListItem\",\"position\":1,\"name\":\"Portada\",\"item\":\"https:\\\/\\\/metropolitanonews.mx\\\/\"},{\"@type\":\"ListItem\",\"position\":2,\"name\":\"SOMOS Camina firme y ampl\u00eda su presencia en el norte de Veracruz\"}]},{\"@type\":\"WebSite\",\"@id\":\"https:\\\/\\\/metropolitanonews.mx\\\/#website\",\"url\":\"https:\\\/\\\/metropolitanonews.mx\\\/\",\"name\":\"Metropolitano News\",\"description\":\"\",\"potentialAction\":[{\"@type\":\"SearchAction\",\"target\":{\"@type\":\"EntryPoint\",\"urlTemplate\":\"https:\\\/\\\/metropolitanonews.mx\\\/?s={search_term_string}\"},\"query-input\":{\"@type\":\"PropertyValueSpecification\",\"valueRequired\":true,\"valueName\":\"search_term_string\"}}],\"inLanguage\":\"es\"},{\"@type\":\"Person\",\"@id\":\"https:\\\/\\\/metropolitanonews.mx\\\/#\\\/schema\\\/person\\\/5e143d068737b9206cdcb60ea7761ffa\",\"name\":\"Redaccion\",\"image\":{\"@type\":\"ImageObject\",\"inLanguage\":\"es\",\"@id\":\"https:\\\/\\\/secure.gravatar.com\\\/avatar\\\/a121e7ba078b27046b6a11dd9ec39512b64e27b6dca4ff1e7d54167208093ba8?s=96&d=mm&r=ga2145a6ac8df3cd2db9e7e95baa980ec\",\"url\":\"https:\\\/\\\/secure.gravatar.com\\\/avatar\\\/a121e7ba078b27046b6a11dd9ec39512b64e27b6dca4ff1e7d54167208093ba8?s=96&d=mm&r=g\",\"contentUrl\":\"https:\\\/\\\/secure.gravatar.com\\\/avatar\\\/a121e7ba078b27046b6a11dd9ec39512b64e27b6dca4ff1e7d54167208093ba8?s=96&d=mm&r=g\",\"caption\":\"Redaccion\"},\"sameAs\":[\"http:\\\/\\\/metrpolinatonews.mx\"],\"url\":\"https:\\\/\\\/metropolitanonews.mx\\\/?author=12\"}]}<\/script>\n<!-- \/ Yoast SEO plugin. -->","yoast_head_json":{"title":"SOMOS Camina firme y ampl\u00eda su presencia en el norte de Veracruz - Metropolitano News","robots":{"index":"index","follow":"follow","max-snippet":"max-snippet:-1","max-image-preview":"max-image-preview:large","max-video-preview":"max-video-preview:-1"},"canonical":"https:\/\/metropolitanonews.mx\/?p=2149","og_locale":"es_ES","og_type":"article","og_title":"SOMOS Camina firme y ampl\u00eda su presencia en el norte de Veracruz - Metropolitano News","og_description":"*Juli\u00e1n Gonz\u00e1lez Su\u00e1rez encabez\u00f3 una intensa gira para presentar la nueva imagen del partido, fijar postura ante el TEPJF y tomar protesta a seis nuevas dirigencias municipales*Intentaron borrar nuestra identidad; la ciudadan\u00eda respondi\u00f3 levantando seis nuevos comit\u00e9s en el norte de Veracruz Xalapa, Ver., 31 de agosto de 2026.- El partido SOMOS concluy\u00f3 una intensa [&hellip;]","og_url":"https:\/\/metropolitanonews.mx\/?p=2149","og_site_name":"Metropolitano News","article_published_time":"2026-08-31T18:26:06+00:00","article_modified_time":"2026-08-31T18:26:08+00:00","og_image":[{"width":1548,"height":672,"url":"https:\/\/metropolitanonews.mx\/wp-content\/uploads\/2026\/08\/Captura-de-pantalla-2026-08-31-a-las-12.17.56-p.m-1.png","type":"image\/png"}],"author":"Redaccion","twitter_card":"summary_large_image","twitter_misc":{"Escrito por":"Redaccion","Tiempo de lectura":"3 minutos"},"schema":{"@context":"https:\/\/schema.org","@graph":[{"@type":"Article","@id":"https:\/\/metropolitanonews.mx\/?p=2149#article","isPartOf":{"@id":"https:\/\/metropolitanonews.mx\/?p=2149"},"author":{"name":"Redaccion","@id":"https:\/\/metropolitanonews.mx\/#\/schema\/person\/5e143d068737b9206cdcb60ea7761ffa"},"headline":"SOMOS Camina firme y ampl\u00eda su presencia en el norte de Veracruz","datePublished":"2026-08-31T18:26:06+00:00","dateModified":"2026-08-31T18:26:08+00:00","mainEntityOfPage":{"@id":"https:\/\/metropolitanonews.mx\/?p=2149"},"wordCount":379,"commentCount":0,"image":{"@id":"https:\/\/metropolitanonews.mx\/?p=2149#primaryimage"},"thumbnailUrl":"https:\/\/metropolitanonews.mx\/wp-content\/uploads\/2026\/08\/Captura-de-pantalla-2026-08-31-a-las-12.17.56-p.m-1.png","keywords":["SOMOS","SomosMx","Veracruz"],"articleSection":["Estatal","Municipios"],"inLanguage":"es","potentialAction":[{"@type":"CommentAction","name":"Comment","target":["https:\/\/metropolitanonews.mx\/?p=2149#respond"]}]},{"@type":"WebPage","@id":"https:\/\/metropolitanonews.mx\/?p=2149","url":"https:\/\/metropolitanonews.mx\/?p=2149","name":"SOMOS Camina firme y ampl\u00eda su presencia en el norte de Veracruz - Metropolitano News","isPartOf":{"@id":"https:\/\/metropolitanonews.mx\/#website"},"primaryImageOfPage":{"@id":"https:\/\/metropolitanonews.mx\/?p=2149#primaryimage"},"image":{"@id":"https:\/\/metropolitanonews.mx\/?p=2149#primaryimage"},"thumbnailUrl":"https:\/\/metropolitanonews.mx\/wp-content\/uploads\/2026\/08\/Captura-de-pantalla-2026-08-31-a-las-12.17.56-p.m-1.png","datePublished":"2026-08-31T18:26:06+00:00","dateModified":"2026-08-31T18:26:08+00:00","author":{"@id":"https:\/\/metropolitanonews.mx\/#\/schema\/person\/5e143d068737b9206cdcb60ea7761ffa"},"breadcrumb":{"@id":"https:\/\/metropolitanonews.mx\/?p=2149#breadcrumb"},"inLanguage":"es","potentialAction":[{"@type":"ReadAction","target":["https:\/\/metropolitanonews.mx\/?p=2149"]}]},{"@type":"ImageObject","inLanguage":"es","@id":"https:\/\/metropolitanonews.mx\/?p=2149#primaryimage","url":"https:\/\/metropolitanonews.mx\/wp-content\/uploads\/2026\/08\/Captura-de-pantalla-2026-08-31-a-las-12.17.56-p.m-1.png","contentUrl":"https:\/\/metropolitanonews.mx\/wp-content\/uploads\/2026\/08\/Captura-de-pantalla-2026-08-31-a-las-12.17.56-p.m-1.png","width":1548,"height":672},{"@type":"BreadcrumbList","@id":"https:\/\/metropolitanonews.mx\/?p=2149#breadcrumb","itemListElement":[{"@type":"ListItem","position":1,"name":"Portada","item":"https:\/\/metropolitanonews.mx\/"},{"@type":"ListItem","position":2,"name":"SOMOS Camina firme y ampl\u00eda su presencia en el norte de Veracruz"}]},{"@type":"WebSite","@id":"https:\/\/metropolitanonews.mx\/#website","url":"https:\/\/metropolitanonews.mx\/","name":"Metropolitano News","description":"","potentialAction":[{"@type":"SearchAction","target":{"@type":"EntryPoint","urlTemplate":"https:\/\/metropolitanonews.mx\/?s={search_term_string}"},"query-input":{"@type":"PropertyValueSpecification","valueRequired":true,"valueName":"search_term_string"}}],"inLanguage":"es"},{"@type":"Person","@id":"https:\/\/metropolitanonews.mx\/#\/schema\/person\/5e143d068737b9206cdcb60ea7761ffa","name":"Redaccion","image":{"@type":"ImageObject","inLanguage":"es","@id":"https:\/\/secure.gravatar.com\/avatar\/a121e7ba078b27046b6a11dd9ec39512b64e27b6dca4ff1e7d54167208093ba8?s=96&d=mm&r=ga2145a6ac8df3cd2db9e7e95baa980ec","url":"https:\/\/secure.gravatar.com\/avatar\/a121e7ba078b27046b6a11dd9ec39512b64e27b6dca4ff1e7d54167208093ba8?s=96&d=mm&r=g","contentUrl":"https:\/\/secure.gravatar.com\/avatar\/a121e7ba078b27046b6a11dd9ec39512b64e27b6dca4ff1e7d54167208093ba8?s=96&d=mm&r=g","caption":"Redaccion"},"sameAs":["http:\/\/metrpolinatonews.mx"],"url":"https:\/\/metropolitanonews.mx\/?author=12"}]}},"jetpack_sharing_enabled":true,"authors":[{"term_id":72,"user_id":12,"is_guest":0,"slug":"redaccion","display_name":"Redaccion","avatar_url":"https:\/\/secure.gravatar.com\/avatar\/a121e7ba078b27046b6a11dd9ec39512b64e27b6dca4ff1e7d54167208093ba8?s=96&d=mm&r=g","author_category":"","first_name":"Ra\u00fal","last_name":"Mart\u00ednez","user_url":"http:\/\/metrpolinatonews.mx","job_title":"","description":""}],"jetpack_featured_media_url":"https:\/\/metropolitanonews.mx\/wp-content\/uploads\/2026\/08\/Captura-de-pantalla-2026-08-31-a-las-12.17.56-p.m-1.png","_links":{"self":[{"href":"https:\/\/metropolitanonews.mx\/index.php?rest_route=\/wp\/v2\/posts\/2149","targetHints":{"allow":["GET"]}}],"collection":[{"href":"https:\/\/metropolitanonews.mx\/index.php?rest_route=\/wp\/v2\/posts"}],"about":[{"href":"https:\/\/metropolitanonews.mx\/index.php?rest_route=\/wp\/v2\/types\/post"}],"author":[{"embeddable":true,"href":"https:\/\/metropolitanonews.mx\/index.php?rest_route=\/wp\/v2\/users\/12"}],"replies":[{"embeddable":true,"href":"https:\/\/metropolitanonews.mx\/index.php?rest_route=%2Fwp%2Fv2%2Fcomments&post=2149"}],"version-history":[{"count":1,"href":"https:\/\/metropolitanonews.mx\/index.php?rest_route=\/wp\/v2\/posts\/2149\/revisions"}],"predecessor-version":[{"id":2154,"href":"https:\/\/metropolitanonews.mx\/index.php?rest_route=\/wp\/v2\/posts\/2149\/revisions\/2154"}],"wp:featuredmedia":[{"embeddable":true,"href":"https:\/\/metropolitanonews.mx\/index.php?rest_route=\/wp\/v2\/media\/2150"}],"wp:attachment":[{"href":"https:\/\/metropolitanonews.mx\/index.php?rest_route=%2Fwp%2Fv2%2Fmedia&parent=2149"}],"wp:term":[{"taxonomy":"category","embeddable":true,"href":"https:\/\/metropolitanonews.mx\/index.php?rest_route=%2Fwp%2Fv2%2Fcategories&post=2149"},{"taxonomy":"post_tag","embeddable":true,"href":"https:\/\/metropolitanonews.mx\/index.php?rest_route=%2Fwp%2Fv2%2Ftags&post=2149"},{"taxonomy":"author","embeddable":true,"href":"https:\/\/metropolitanonews.mx\/index.php?rest_route=%2Fwp%2Fv2%2Fppma_author&post=2149"}],"curies":[{"name":"wp","href":"https:\/\/api.w.org\/{rel}","templated":true}]}}