{"id":2130,"date":"2026-08-31T11:55:28","date_gmt":"2026-08-31T17:55:28","guid":{"rendered":"https:\/\/metropolitanonews.mx\/?p=2130"},"modified":"2026-08-31T11:55:30","modified_gmt":"2026-08-31T17:55:30","slug":"dante-regresa-sera-el-lider-de-un-gran-frente-opositor","status":"publish","type":"post","link":"https:\/\/metropolitanonews.mx\/?p=2130","title":{"rendered":"DANTE REGRESA: SER\u00c1 EL L\u00cdDER DE UN GRAN FRENTE OPOSITOR"},"content":{"rendered":"\n<p class=\"wp-block-paragraph\">Prosa aprisa<br>Arturo Reyes Isidoro<\/p>\n\n\n\n<p class=\"wp-block-paragraph\">M\u00e1s que el hecho, la significaci\u00f3n del hecho.<\/p>\n\n\n\n<p class=\"wp-block-paragraph\">Esto se me qued\u00f3 grabado cuando, muy joven, hace 56 a\u00f1os, le\u00ed el primer libro sobre periodismo: Periodismo trascendente, de Salvador Borrego, de hecho, mi primer maestro de periodismo a distancia, aunque nunca lo conoc\u00ed en persona.<\/p>\n\n\n\n<p class=\"wp-block-paragraph\">Entend\u00ed que el maestro Borrego (despu\u00e9s supe que impart\u00eda clases en la escuela de periodismo Carlos Septi\u00e9n Garc\u00eda, en la Ciudad de M\u00e9xico) ped\u00eda ver m\u00e1s all\u00e1 del hecho, no quedarse solo en \u00e9l, ver su trascendencia. Hasta la fecha sigo su recomendaci\u00f3n.<\/p>\n\n\n\n<p class=\"wp-block-paragraph\">Aparte lo que dijo en su conferencia de prensa en el hotel Camino Real Veracruz (luego estuvo en el Consejo Estatal de su partido, en el Gran Fiesta Americana Veracruz), lo significativo de Dante Delgado padre, el s\u00e1bado en Boca del R\u00edo, es que, de hecho, por fin, 34 a\u00f1os despu\u00e9s, decidi\u00f3 volver a la vida p\u00fablica del estado.<\/p>\n\n\n\n<p class=\"wp-block-paragraph\">Con su grito de guerra contra la gobernadora Roc\u00edo Nahle, su candidata (de MC) en 2012 a diputada federal por Coatzacoalcos (apoyada tambi\u00e9n por el PRD y el PT), sin mencionarlo, igual dijo aqu\u00ed estoy. Exgobernador (1988-1992) y fundador, exdirigente y l\u00edder moral de Movimiento Ciudadano (MC) regresa a operar pol\u00edticamente a la entidad.<\/p>\n\n\n\n<p class=\"wp-block-paragraph\"><strong>El motivo por el que no regresaba<\/strong><\/p>\n\n\n\n<p class=\"wp-block-paragraph\">Hace siete a\u00f1os le pregunt\u00e9 por qu\u00e9 no regresaba, cuando se manten\u00eda activo en la vida p\u00fablica y pol\u00edtica del pa\u00eds. Para entonces Movimiento Ciudadano (a partir de 2011), inicialmente Convergencia por la Democracia (1999), luego Convergencia (2002), era un partido nacional que comenzaba a consolidarse.<\/p>\n\n\n\n<p class=\"wp-block-paragraph\">Fue el 9 de marzo de 2019 cuando coincidimos en un evento social en un hotel a las afueras Xico. No lo ve\u00eda desde que hab\u00eda dejado la gubernatura en 1992. En ese lapso de 27 a\u00f1os hab\u00eda dejado de venir, lo que a todos nos extra\u00f1aba, nos pregunt\u00e1bamos por qu\u00e9 impulsaba su partido en otros estados y no en el que hab\u00eda gobernado, por qu\u00e9 no ven\u00eda.<\/p>\n\n\n\n<p class=\"wp-block-paragraph\">Aquella noche de aquel s\u00e1bado le pregunt\u00e9 por qu\u00e9. Me dijo que no participaba pol\u00edticamente en el estado porque a los actores pol\u00edticos locales les faltaban \u201chuevos\u201d, coraje, entend\u00ed que como los que \u00e9l hab\u00eda mostrado cuando se enfrent\u00f3 al poder presidencial de Ernesto Zedillo, quien en represalia lo envi\u00f3 a prisi\u00f3n.<\/p>\n\n\n\n<p class=\"wp-block-paragraph\"><strong>En 2022 acus\u00f3 de criminal a Cuitl\u00e1huac Garc\u00eda<\/strong><\/p>\n\n\n\n<p class=\"wp-block-paragraph\">Luego, solo regres\u00f3 en febrero de 2022 cuando desde la escalinata de la Catedral de Xalapa vino a protestar por el encarcelamiento de su correligionario y amigo, cofundador con \u00e9l de MC, Jos\u00e9 Manuel del R\u00edo Virgen. Previamente, en la C\u00e1mara de Senadores hab\u00eda acusado al entonces gobernador Cuitl\u00e1huac Garc\u00eda Jim\u00e9nez de criminal.<\/p>\n\n\n\n<p class=\"wp-block-paragraph\">\u201cSi Morena utiliza su mayor\u00eda para acallar las voces disidentes, para impedir que la justicia se haga valer, y proteger a un gobernador criminal, nosotros vamos a convocar a los ciudadanos para impedir que en Veracruz siga prevaleciendo el abuso de poder y la impunidad\u201d.<\/p>\n\n\n\n<p class=\"wp-block-paragraph\">\u201cEntiendo que por ser leales al presidente L\u00f3pez Obrador obedecen instrucciones del Ejecutivo y prefieren proteger a un gobernador autoritario e incompetente antes de hacer prevalecer la justicia y defender a ciudadanos inocentes\u201d.<\/p>\n\n\n\n<p class=\"wp-block-paragraph\">Como gobernador sustituto, nunca me expliqu\u00e9 por qu\u00e9 quiso que lo acompa\u00f1ara en sus actividades durante todo su cuatrienio ni por qu\u00e9 me deposit\u00f3 tanta confianza, lo que me permiti\u00f3 el acceso a lo m\u00e1s interno del centro del poder. Creo conocerlo, entonces, un poco y s\u00e9 que no improvisa. El paso que acaba de dar lo hizo bien calculado y para largo plazo.<\/p>\n\n\n\n<p class=\"wp-block-paragraph\"><strong>En 2024 quiso que Pepe fuera candidato a gobernador de MC<\/strong><\/p>\n\n\n\n<p class=\"wp-block-paragraph\">Me llam\u00f3 la atenci\u00f3n que a algunos les sorprendi\u00f3 que a su conferencia de prensa en Boca del R\u00edo asistieran Pepe y H\u00e9ctor Yunes, aunque no tuvo nada de extraordinario, pues a finales de 2023 y principios de 2024 quiso convencer a Pepe que fuera candidato de MC a la gubernatura, y con H\u00e9ctor mantiene relaci\u00f3n permanente.<\/p>\n\n\n\n<p class=\"wp-block-paragraph\">Con otra. El 5 de febrero de 2022, cuando naci\u00f3 el Movimiento por la Justicia, que buscaba la libertad de presos pol\u00edticos, Jos\u00e9 Manuel del R\u00edo uno de ellos, al hablar en la escalinata de la Catedral en Xalapa, ah\u00ed estuvieron Pepe y H\u00e9ctor, pero tambi\u00e9n Julen Rementer\u00eda e Indira Rosales, del PAN, entonces senadores, y Jazm\u00edn Copete, en aquella fecha del PRD, as\u00ed como Manuel Bernal, Rosa Hilda Rojas, acad\u00e9micos y muchos representantes de la sociedad civil, lo que demostr\u00f3 su poder de convocatoria.<\/p>\n\n\n\n<p class=\"wp-block-paragraph\">\u201cPero lo que en ninguna nota se ley\u00f3, en ninguna foto, audio o videograbaci\u00f3n se evidenci\u00f3, de lo que nadie se enter\u00f3 ni habl\u00f3, fue de las madres de familia que acudieron para abordar en la calle al senador Dante Delgado. Con mucha angustia y l\u00e1grimas le entregaban folders con datos de los casos de sus hijos (presos pol\u00edticos del gobierno de Cuitl\u00e1huac) suplic\u00e1ndole que no las olvidara, que las ayudara, que a sus hijos, los recluidos, no solo les lloraban sino que tambi\u00e9n ya no hab\u00eda sustento para ellos y que la depresi\u00f3n se hab\u00eda apoderado de sus hogares\u201d, registr\u00f3 entonces Antonio To\u00f1o Reyes para el portal referentemx.com.<\/p>\n\n\n\n<p class=\"wp-block-paragraph\"><strong>Conserva un gran capital pol\u00edtico en el estado<\/strong><\/p>\n\n\n\n<p class=\"wp-block-paragraph\">Tiene poder de convocatoria, pues, y conserva un gran capital pol\u00edtico, adem\u00e1s de que \u00e9l s\u00ed es veracruzano nativo, conoce hasta el \u00faltimo rinc\u00f3n del estado, a los actores pol\u00edticos, los grupos, los intereses que se mueven, y lo conocen y muchos guardan buenos recuerdos de \u00e9l porque los trat\u00f3 bien, lo mismo cuando fue secretario de Gobierno que de Educaci\u00f3n en el estado.<\/p>\n\n\n\n<figure class=\"wp-block-image size-large\"><img loading=\"lazy\" decoding=\"async\" width=\"1024\" height=\"576\" src=\"https:\/\/metropolitanonews.mx\/wp-content\/uploads\/2026\/08\/pepe-y-hector-con-la-dirigencia-1024x576.jpg\" alt=\"\" class=\"wp-image-2133\" srcset=\"https:\/\/metropolitanonews.mx\/wp-content\/uploads\/2026\/08\/pepe-y-hector-con-la-dirigencia-1024x576.jpg 1024w, https:\/\/metropolitanonews.mx\/wp-content\/uploads\/2026\/08\/pepe-y-hector-con-la-dirigencia-300x169.jpg 300w, https:\/\/metropolitanonews.mx\/wp-content\/uploads\/2026\/08\/pepe-y-hector-con-la-dirigencia-1536x864.jpg 1536w, https:\/\/metropolitanonews.mx\/wp-content\/uploads\/2026\/08\/pepe-y-hector-con-la-dirigencia-768x432.jpg 768w, https:\/\/metropolitanonews.mx\/wp-content\/uploads\/2026\/08\/pepe-y-hector-con-la-dirigencia-149x84.jpg 149w, https:\/\/metropolitanonews.mx\/wp-content\/uploads\/2026\/08\/pepe-y-hector-con-la-dirigencia-299x168.jpg 299w, https:\/\/metropolitanonews.mx\/wp-content\/uploads\/2026\/08\/pepe-y-hector-con-la-dirigencia-324x182.jpg 324w, https:\/\/metropolitanonews.mx\/wp-content\/uploads\/2026\/08\/pepe-y-hector-con-la-dirigencia-695x391.jpg 695w, https:\/\/metropolitanonews.mx\/wp-content\/uploads\/2026\/08\/pepe-y-hector-con-la-dirigencia-1067x600.jpg 1067w, https:\/\/metropolitanonews.mx\/wp-content\/uploads\/2026\/08\/pepe-y-hector-con-la-dirigencia.jpg 1600w\" sizes=\"auto, (max-width: 1024px) 100vw, 1024px\" \/><\/figure>\n\n\n\n<p class=\"wp-block-paragraph\">No est\u00e1 por dem\u00e1s recordar que con \u00e9l fundaron lo que hoy es MC Sergio Guti\u00e9rrez Luna (hoy encumbrado en Morena), Jos\u00e9 Roberto Ruiz Salda\u00f1a (fue consejero electoral en el INE), Gilberto Constituyente Salazar (actualmente presidente del TEV), Francisco Garrido S\u00e1nchez (exdelegado del CEN del PVEM en el estado, fundador y dirigente de los partidos Alternativa Veracruzana y Podemos), Rafael y Sergio Hern\u00e1ndez Villalpando, Cinthya Lobato, Bernardo Dom\u00ednguez, Ricardo Diz Herlindo, V\u00edctor Galv\u00e1n, Filiberto Medina, Guillermo Herrera y muchos otros, quienes, en su mayor\u00eda, me atrevo a pensar, si los convoca se sumar\u00e1n y le sumar\u00e1n.<\/p>\n\n\n\n<p class=\"wp-block-paragraph\">Creo que con la intempestiva irrupci\u00f3n de Dante, si Morena ya tiene un panorama nublado para 2027, ahora se le va a complicar m\u00e1s. Los opositores hab\u00edan andado sueltos, pero a partir del s\u00e1bado ya tienen l\u00edder. No tengo duda que va a sumar, a reagrupar y a aglutinar respetando las militancias en otros partidos, todo con tal de formar un fuerte y unificado frente opositor.<\/p>\n\n\n\n<figure class=\"wp-block-image size-large\"><img loading=\"lazy\" decoding=\"async\" width=\"1024\" height=\"683\" src=\"https:\/\/metropolitanonews.mx\/wp-content\/uploads\/2026\/08\/dante-con-pepe-y-hector-1024x683.jpg\" alt=\"\" class=\"wp-image-2134\" srcset=\"https:\/\/metropolitanonews.mx\/wp-content\/uploads\/2026\/08\/dante-con-pepe-y-hector-1024x683.jpg 1024w, https:\/\/metropolitanonews.mx\/wp-content\/uploads\/2026\/08\/dante-con-pepe-y-hector-768x512.jpg 768w, https:\/\/metropolitanonews.mx\/wp-content\/uploads\/2026\/08\/dante-con-pepe-y-hector-300x200-1.jpg 300w, https:\/\/metropolitanonews.mx\/wp-content\/uploads\/2026\/08\/dante-con-pepe-y-hector-1536x1024.jpg 1536w, https:\/\/metropolitanonews.mx\/wp-content\/uploads\/2026\/08\/dante-con-pepe-y-hector-150x100.jpg 150w, https:\/\/metropolitanonews.mx\/wp-content\/uploads\/2026\/08\/dante-con-pepe-y-hector-2048x1365.jpg 2048w, https:\/\/metropolitanonews.mx\/wp-content\/uploads\/2026\/08\/dante-con-pepe-y-hector-324x216.jpg 324w, https:\/\/metropolitanonews.mx\/wp-content\/uploads\/2026\/08\/dante-con-pepe-y-hector-1068x712.jpg 1068w, https:\/\/metropolitanonews.mx\/wp-content\/uploads\/2026\/08\/dante-con-pepe-y-hector-696x464.jpg 696w, https:\/\/metropolitanonews.mx\/wp-content\/uploads\/2026\/08\/dante-con-pepe-y-hector-1920x1280.jpg 1920w\" sizes=\"auto, (max-width: 1024px) 100vw, 1024px\" \/><\/figure>\n\n\n\n<p class=\"wp-block-paragraph\">Desde mi punto de vista, el panorama pol\u00edtico cambia y s\u00ed, hay que rellenar las palomitas porque la competencia est\u00e1 garantizada\u2026 y con ello el espect\u00e1culo.<\/p>\n\n\n\n<p class=\"wp-block-paragraph\"><strong>Roc\u00edo, golpista, intimidante, peor que Cuitl\u00e1huac, acusa<\/strong><\/p>\n\n\n\n<p class=\"wp-block-paragraph\">El s\u00e1bado, Dante record\u00f3 el atropello del que fue objeto Jos\u00e9 Manuel del R\u00edo Virgen durante el gobierno de Cuitl\u00e1huac Garc\u00eda Jim\u00e9nez. Calific\u00f3 a su correligionario como \u201cun veracruzano de bien\u201d, que, dijo, fue un preso pol\u00edtico y sali\u00f3 de prisi\u00f3n como entr\u00f3, siendo inocente.<\/p>\n\n\n\n<p class=\"wp-block-paragraph\">\u201cAquel atropello debi\u00f3 marcar el final de una \u00e9poca, no convertirse en antecedente de nuevos abusos\u2026 Hasta ahora, la gobernadora ha actuado de la misma forma intimidante y golpista que su antecesor\u2026 Una acusaci\u00f3n de la gobernadora \u2013que suena m\u00e1s a amenaza\u2013 no sustituye una sentencia, y un desacuerdo pol\u00edtico no debe convertirse en una carpeta penal\u201d.<\/p>\n\n\n\n<p class=\"wp-block-paragraph\">Dijo que: \u201cLa gobernadora ha utilizado su voz y su cargo para construir una condena pol\u00edtica previa a cualquier procedimiento institucional. No solo ataca a sus adversarios: degrada la dignidad del cargo que representa\u201d, y pregunt\u00f3 y respondi\u00f3: \u201c\u00bfQu\u00e9 diferencia hay entre el gobierno anterior y el actual? Que en menos tiempo la gobernadora lo ha hecho peor\u201d. Fue contundente.<\/p>\n\n\n\n<p class=\"wp-block-paragraph\"><strong>En diciembre de 2024 parec\u00eda que hab\u00eda amor eterno<\/strong><\/p>\n\n\n\n<p class=\"wp-block-paragraph\">Lejos qued\u00f3 aquel 1 de diciembre de 2024 cuando Dante y Samuel Garc\u00eda acudieron a la rendici\u00f3n de protesta de Roc\u00edo como gobernadora. En esa ocasi\u00f3n, Nahle tuvo un gran detalle con Dante (lo sentaron entonces en la primera fila): destac\u00f3 su presencia casi de entrada al iniciar su mensaje. Luego de cumplir el protocolo, expres\u00f3: \u201cTambi\u00e9n, es un gusto tener aqu\u00ed al exgobernador de Veracruz, licenciado Dante Delgado. Bienvenido licenciado\u201d.<\/p>\n\n\n\n<p class=\"wp-block-paragraph\"><strong>Luis Carbonell ya ol\u00eda que no iba a funcionar bien<\/strong><\/p>\n\n\n\n<p class=\"wp-block-paragraph\">La reacci\u00f3n del dirigente estatal de MC, Luis Carbonell de la Hoz, se tom\u00f3 como respuesta a la cortes\u00eda de la gobernadora. Public\u00f3 en las redes sociales:<br>\u201cMovimiento Ciudadano desea que le vaya bien a Roc\u00edo Nahle porque eso significar\u00eda que le vaya bien a Veracruz\u201d.<\/p>\n\n\n\n<p class=\"wp-block-paragraph\">Agreg\u00f3: \u201cVeracruz no puede esperar otros seis a\u00f1os, necesita urgentemente ser atendido en todos sus \u00f3rdenes. Un Veracruz con infancias sanas, con educaci\u00f3n de calidad, con justicia ambiental, con desarrollo econ\u00f3mico. Desde nuestro instituto pol\u00edtico seremos part\u00edcipes de lo que sea bueno para Veracruz\u201d, aunque, pitoniso, se adelant\u00f3 y advirti\u00f3: \u201cpero abiertamente se\u00f1alaremos lo que se haga mal\u201d.<\/p>\n\n\n\n<p class=\"wp-block-paragraph\"><strong>Zepeta reaccion\u00f3 con muy pobre respuesta<\/strong><\/p>\n\n\n\n<p class=\"wp-block-paragraph\">Como reacci\u00f3n al posicionamiento de Dante el s\u00e1bado, el cuatrote\u00edsta m\u00e1s significativo, Esteban Ram\u00edrez Zepeta, dirigente estatal de Morena, tuvo muy pobre respuesta. Public\u00f3 en X: \u201cEs lamentable que Dante Delgado a estas alturas de su vida deje pedazos de dignidad tirados en el suelo. Ah\u00ed muy juntito con los Yunes, esos que lo encarcelaron y que le quitaron sus negocios que hab\u00eda construido durante su gobierno. En lugar de que se queje, que acuda a la fiscal\u00eda a revisar las carpetas de investigaci\u00f3n de sus alcaldes que cometieron atrocidades en los municipios que deber\u00edan haber bien gobernado\u201d.<\/p>\n\n\n\n<p class=\"wp-block-paragraph\">Ignorante de la historia pol\u00edtica de Veracruz, desinformado, no sabe que fue Miguel \u00c1ngel Yunes Linares (hoy identificado as\u00ed como su hijo con Morena), entonces secretario general de Gobierno, quien cumpliment\u00f3 una instrucci\u00f3n del entonces presidente Ernesto Zedillo, acci\u00f3n en la que ni Pepe ni H\u00e9ctor tuvieron nada que ver. Pero, adem\u00e1s, Ram\u00edrez Zepeta no hizo ninguna defensa de la gobernadora Nahle, la lideresa natural de su partido, la dej\u00f3 sola, en una evidencia m\u00e1s de que \u00e9l responde solo por y a los intereses del exgobernador Cuitl\u00e1huac Garc\u00eda Jim\u00e9nez.<\/p>\n\n\n\n<p class=\"wp-block-paragraph\">O bien, si es que es cierta la versi\u00f3n, porque est\u00e1 molesto con ella porque se comenta adentro que hace dos meses lo mand\u00f3 sacar de un lugar en Poza Rica en el que estaba bebiendo m\u00e1s de la cuenta, advirti\u00e9ndole que era la \u00faltima vez que se la pasaba, o que lo iba a destituir del cargo.<\/p>\n\n\n\n<p class=\"wp-block-paragraph\">Dante, pues, regres\u00f3 y ya los puso nerviosos.<\/p>\n\n\n\n<p class=\"wp-block-paragraph\"><strong>\u00a1Y Roc\u00edo se equipara con una \u201cAdelita\u201d de la Revoluci\u00f3n!<\/strong><\/p>\n\n\n\n<p class=\"wp-block-paragraph\">\u00a1Ufffff! El s\u00e1bado, a temprana hora, la gobernadora Nahle poste\u00f3 dos im\u00e1genes en las que, en una se le ve con la presidenta Claudia Sheinbaum asom\u00e1ndose en la puerta de un vag\u00f3n de ferrocarril y en la otra se ve a una \u201cAdelita\u201d, igual, asom\u00e1ndose en la puerta de un vag\u00f3n de un tren durante la Revoluci\u00f3n, \u201cRecordando que las mujeres en M\u00e9xico hemos estado haciendo historia en todas las transformaciones de nuestra patria\u201d, dijo.<\/p>\n\n\n\n<figure class=\"wp-block-image size-large\"><img loading=\"lazy\" decoding=\"async\" width=\"1024\" height=\"1024\" src=\"https:\/\/metropolitanonews.mx\/wp-content\/uploads\/2026\/08\/Nahle-Adelita-2-1024x1024.jpg\" alt=\"\" class=\"wp-image-2132\" srcset=\"https:\/\/metropolitanonews.mx\/wp-content\/uploads\/2026\/08\/Nahle-Adelita-2-1024x1024.jpg 1024w, https:\/\/metropolitanonews.mx\/wp-content\/uploads\/2026\/08\/Nahle-Adelita-2-150x150-2.jpg 150w, https:\/\/metropolitanonews.mx\/wp-content\/uploads\/2026\/08\/Nahle-Adelita-2-300x300-1.jpg 300w, https:\/\/metropolitanonews.mx\/wp-content\/uploads\/2026\/08\/Nahle-Adelita-2-768x768.jpg 768w, https:\/\/metropolitanonews.mx\/wp-content\/uploads\/2026\/08\/Nahle-Adelita-2-60x60.jpg 60w, https:\/\/metropolitanonews.mx\/wp-content\/uploads\/2026\/08\/Nahle-Adelita-2-696x696.jpg 696w, https:\/\/metropolitanonews.mx\/wp-content\/uploads\/2026\/08\/Nahle-Adelita-2-324x324.jpg 324w, https:\/\/metropolitanonews.mx\/wp-content\/uploads\/2026\/08\/Nahle-Adelita-2-360x360.jpg 360w, https:\/\/metropolitanonews.mx\/wp-content\/uploads\/2026\/08\/Nahle-Adelita-2-1068x1068.jpg 1068w, https:\/\/metropolitanonews.mx\/wp-content\/uploads\/2026\/08\/Nahle-Adelita-2.jpg 1080w\" sizes=\"auto, (max-width: 1024px) 100vw, 1024px\" \/><\/figure>\n\n\n\n<p class=\"wp-block-paragraph\">No po\u2019s la se\u00f1ora tiene muy alta su autoestima, qu\u00e9 duda cabe. \u00a1Se compara con una \u201cAdelita\u201d! No hab\u00eda fecha hist\u00f3rica o motivo especial para equipararse con aquellas valientes y sacrificadas mujeres que dejaron todo para seguir a sus carranclanes, que no tuvieron las comodidades y privilegios de las que gobiernan hoy, y muchas de ellas perdieron la vida para que las actuales vivan mejor que como Dios manda.<\/p>\n\n\n\n<p class=\"wp-block-paragraph\">\u00bfY si Adelita se fuera con otro?<\/p>\n\n\n\n<p class=\"wp-block-paragraph\"><strong>\u201c\u00a1Fuera Morena\u201d gritan a Arturo L\u00f3pez Obrador en restaurante de Coatepec<\/strong><\/p>\n\n\n\n<p class=\"wp-block-paragraph\">Como si no fuera suficiente, comensales encararon este domingo en el restaurante Mes\u00f3n de Guadalupe en Coatepec, al grito de \u201c\u00a1Fuera Morena! \u00a1Fuera Morena!\u201d, a Arturo L\u00f3pez Obrador, quien iba acompa\u00f1ado de su esposa y sus suegros. Les dijeron que destruyeron el pa\u00eds y que lo dejaron en ruinas. El restaurante estaba lleno. El verano est\u00e1 terminando muy caliente.<br><\/p>\n\n\n\n<figure class=\"wp-block-image size-full\"><img loading=\"lazy\" decoding=\"async\" width=\"353\" height=\"533\" src=\"https:\/\/metropolitanonews.mx\/wp-content\/uploads\/2026\/08\/Captura-de-Pantalla-2026-08-30-a-las-19.11.05.png\" alt=\"\" class=\"wp-image-2131\" srcset=\"https:\/\/metropolitanonews.mx\/wp-content\/uploads\/2026\/08\/Captura-de-Pantalla-2026-08-30-a-las-19.11.05.png 353w, https:\/\/metropolitanonews.mx\/wp-content\/uploads\/2026\/08\/Captura-de-Pantalla-2026-08-30-a-las-19.11.05-199x300.png 199w, https:\/\/metropolitanonews.mx\/wp-content\/uploads\/2026\/08\/Captura-de-Pantalla-2026-08-30-a-las-19.11.05-150x226.png 150w, https:\/\/metropolitanonews.mx\/wp-content\/uploads\/2026\/08\/Captura-de-Pantalla-2026-08-30-a-las-19.11.05-264x399.png 264w, https:\/\/metropolitanonews.mx\/wp-content\/uploads\/2026\/08\/Captura-de-Pantalla-2026-08-30-a-las-19.11.05-299x452.png 299w\" sizes=\"auto, (max-width: 353px) 100vw, 353px\" \/><\/figure>\n\n\n\n<p class=\"wp-block-paragraph\"><strong>Alito dar\u00e1 conferencia de prensa este lunes en Xalapa<\/strong><\/p>\n\n\n\n<p class=\"wp-block-paragraph\">La tarde de este lunes estar\u00e1 en Xalapa el dirigente nacional de Morena, Alejandro Alito Moreno C\u00e1rdenas, quien dar\u00e1 conferencia de prensa en la sede del Comit\u00e9 Directivo Estatal. En abierta confrontaci\u00f3n con Morena, lo que diga har\u00e1 ruido (\u00a1oootro m\u00e1s!). Un tema que seguramente abordar\u00e1 ser\u00e1 el de conformar una alianza opositora para enfrentar a los guindas en el proceso electoral de junio venidero.<\/p>\n\n\n\n<p class=\"wp-block-paragraph\"><\/p>\n","protected":false},"excerpt":{"rendered":"<p>Prosa aprisaArturo Reyes Isidoro M\u00e1s que el hecho, la significaci\u00f3n del hecho. Esto se me qued\u00f3 grabado cuando, muy joven, hace 56 a\u00f1os, le\u00ed el primer libro sobre periodismo: Periodismo trascendente, de Salvador Borrego, de hecho, mi primer maestro de periodismo a distancia, aunque nunca lo conoc\u00ed en persona. Entend\u00ed que el maestro Borrego (despu\u00e9s [&hellip;]<\/p>\n","protected":false},"author":12,"featured_media":2135,"comment_status":"open","ping_status":"open","sticky":false,"template":"","format":"standard","meta":{"_jetpack_newsletter_access":"","_jetpack_dont_email_post_to_subs":false,"_jetpack_newsletter_tier_id":0,"_jetpack_memberships_contains_paywalled_content":false,"_jetpack_memberships_contains_paid_content":false,"footnotes":""},"categories":[17],"tags":[91,40],"ppma_author":[72],"class_list":["post-2130","post","type-post","status-publish","format-standard","has-post-thumbnail","category-columnas","tag-arturo-reyes-isidoro","tag-veracruz"],"yoast_head":"<!-- This site is optimized with the Yoast SEO plugin v28.3 - https:\/\/yoast.com\/product\/yoast-seo-wordpress\/ -->\n<title>DANTE REGRESA: SER\u00c1 EL L\u00cdDER DE UN GRAN FRENTE OPOSITOR - Metropolitano News<\/title>\n<meta name=\"robots\" content=\"index, follow, max-snippet:-1, max-image-preview:large, max-video-preview:-1\" \/>\n<link rel=\"canonical\" href=\"https:\/\/metropolitanonews.mx\/?p=2130\" \/>\n<meta property=\"og:locale\" content=\"es_ES\" \/>\n<meta property=\"og:type\" content=\"article\" \/>\n<meta property=\"og:title\" content=\"DANTE REGRESA: SER\u00c1 EL L\u00cdDER DE UN GRAN FRENTE OPOSITOR - Metropolitano News\" \/>\n<meta property=\"og:description\" content=\"Prosa aprisaArturo Reyes Isidoro M\u00e1s que el hecho, la significaci\u00f3n del hecho. Esto se me qued\u00f3 grabado cuando, muy joven, hace 56 a\u00f1os, le\u00ed el primer libro sobre periodismo: Periodismo trascendente, de Salvador Borrego, de hecho, mi primer maestro de periodismo a distancia, aunque nunca lo conoc\u00ed en persona. Entend\u00ed que el maestro Borrego (despu\u00e9s [&hellip;]\" \/>\n<meta property=\"og:url\" content=\"https:\/\/metropolitanonews.mx\/?p=2130\" \/>\n<meta property=\"og:site_name\" content=\"Metropolitano News\" \/>\n<meta property=\"article:published_time\" content=\"2026-08-31T17:55:28+00:00\" \/>\n<meta property=\"article:modified_time\" content=\"2026-08-31T17:55:30+00:00\" \/>\n<meta property=\"og:image\" content=\"https:\/\/metropolitanonews.mx\/wp-content\/uploads\/2026\/08\/22374_8.jpg\" \/>\n\t<meta property=\"og:image:width\" content=\"800\" \/>\n\t<meta property=\"og:image:height\" content=\"533\" \/>\n\t<meta property=\"og:image:type\" content=\"image\/jpeg\" \/>\n<meta name=\"author\" content=\"Redaccion\" \/>\n<meta name=\"twitter:card\" content=\"summary_large_image\" \/>\n<meta name=\"twitter:label1\" content=\"Escrito por\" \/>\n\t<meta name=\"twitter:data1\" content=\"Redaccion\" \/>\n\t<meta name=\"twitter:label2\" content=\"Tiempo de lectura\" \/>\n\t<meta name=\"twitter:data2\" content=\"11 minutos\" \/>\n<script type=\"application\/ld+json\" class=\"yoast-schema-graph\">{\"@context\":\"https:\\\/\\\/schema.org\",\"@graph\":[{\"@type\":\"Article\",\"@id\":\"https:\\\/\\\/metropolitanonews.mx\\\/?p=2130#article\",\"isPartOf\":{\"@id\":\"https:\\\/\\\/metropolitanonews.mx\\\/?p=2130\"},\"author\":{\"name\":\"Redaccion\",\"@id\":\"https:\\\/\\\/metropolitanonews.mx\\\/#\\\/schema\\\/person\\\/5e143d068737b9206cdcb60ea7761ffa\"},\"headline\":\"DANTE REGRESA: SER\u00c1 EL L\u00cdDER DE UN GRAN FRENTE OPOSITOR\",\"datePublished\":\"2026-08-31T17:55:28+00:00\",\"dateModified\":\"2026-08-31T17:55:30+00:00\",\"mainEntityOfPage\":{\"@id\":\"https:\\\/\\\/metropolitanonews.mx\\\/?p=2130\"},\"wordCount\":2193,\"commentCount\":0,\"image\":{\"@id\":\"https:\\\/\\\/metropolitanonews.mx\\\/?p=2130#primaryimage\"},\"thumbnailUrl\":\"https:\\\/\\\/metropolitanonews.mx\\\/wp-content\\\/uploads\\\/2026\\\/08\\\/22374_8.jpg\",\"keywords\":[\"Arturo Reyes Isidoro\",\"Veracruz\"],\"articleSection\":[\"Columnas\"],\"inLanguage\":\"es\",\"potentialAction\":[{\"@type\":\"CommentAction\",\"name\":\"Comment\",\"target\":[\"https:\\\/\\\/metropolitanonews.mx\\\/?p=2130#respond\"]}]},{\"@type\":\"WebPage\",\"@id\":\"https:\\\/\\\/metropolitanonews.mx\\\/?p=2130\",\"url\":\"https:\\\/\\\/metropolitanonews.mx\\\/?p=2130\",\"name\":\"DANTE REGRESA: SER\u00c1 EL L\u00cdDER DE UN GRAN FRENTE OPOSITOR - Metropolitano News\",\"isPartOf\":{\"@id\":\"https:\\\/\\\/metropolitanonews.mx\\\/#website\"},\"primaryImageOfPage\":{\"@id\":\"https:\\\/\\\/metropolitanonews.mx\\\/?p=2130#primaryimage\"},\"image\":{\"@id\":\"https:\\\/\\\/metropolitanonews.mx\\\/?p=2130#primaryimage\"},\"thumbnailUrl\":\"https:\\\/\\\/metropolitanonews.mx\\\/wp-content\\\/uploads\\\/2026\\\/08\\\/22374_8.jpg\",\"datePublished\":\"2026-08-31T17:55:28+00:00\",\"dateModified\":\"2026-08-31T17:55:30+00:00\",\"author\":{\"@id\":\"https:\\\/\\\/metropolitanonews.mx\\\/#\\\/schema\\\/person\\\/5e143d068737b9206cdcb60ea7761ffa\"},\"breadcrumb\":{\"@id\":\"https:\\\/\\\/metropolitanonews.mx\\\/?p=2130#breadcrumb\"},\"inLanguage\":\"es\",\"potentialAction\":[{\"@type\":\"ReadAction\",\"target\":[\"https:\\\/\\\/metropolitanonews.mx\\\/?p=2130\"]}]},{\"@type\":\"ImageObject\",\"inLanguage\":\"es\",\"@id\":\"https:\\\/\\\/metropolitanonews.mx\\\/?p=2130#primaryimage\",\"url\":\"https:\\\/\\\/metropolitanonews.mx\\\/wp-content\\\/uploads\\\/2026\\\/08\\\/22374_8.jpg\",\"contentUrl\":\"https:\\\/\\\/metropolitanonews.mx\\\/wp-content\\\/uploads\\\/2026\\\/08\\\/22374_8.jpg\",\"width\":800,\"height\":533},{\"@type\":\"BreadcrumbList\",\"@id\":\"https:\\\/\\\/metropolitanonews.mx\\\/?p=2130#breadcrumb\",\"itemListElement\":[{\"@type\":\"ListItem\",\"position\":1,\"name\":\"Portada\",\"item\":\"https:\\\/\\\/metropolitanonews.mx\\\/\"},{\"@type\":\"ListItem\",\"position\":2,\"name\":\"DANTE REGRESA: SER\u00c1 EL L\u00cdDER DE UN GRAN FRENTE OPOSITOR\"}]},{\"@type\":\"WebSite\",\"@id\":\"https:\\\/\\\/metropolitanonews.mx\\\/#website\",\"url\":\"https:\\\/\\\/metropolitanonews.mx\\\/\",\"name\":\"Metropolitano News\",\"description\":\"\",\"potentialAction\":[{\"@type\":\"SearchAction\",\"target\":{\"@type\":\"EntryPoint\",\"urlTemplate\":\"https:\\\/\\\/metropolitanonews.mx\\\/?s={search_term_string}\"},\"query-input\":{\"@type\":\"PropertyValueSpecification\",\"valueRequired\":true,\"valueName\":\"search_term_string\"}}],\"inLanguage\":\"es\"},{\"@type\":\"Person\",\"@id\":\"https:\\\/\\\/metropolitanonews.mx\\\/#\\\/schema\\\/person\\\/5e143d068737b9206cdcb60ea7761ffa\",\"name\":\"Redaccion\",\"image\":{\"@type\":\"ImageObject\",\"inLanguage\":\"es\",\"@id\":\"https:\\\/\\\/secure.gravatar.com\\\/avatar\\\/a121e7ba078b27046b6a11dd9ec39512b64e27b6dca4ff1e7d54167208093ba8?s=96&d=mm&r=ga2145a6ac8df3cd2db9e7e95baa980ec\",\"url\":\"https:\\\/\\\/secure.gravatar.com\\\/avatar\\\/a121e7ba078b27046b6a11dd9ec39512b64e27b6dca4ff1e7d54167208093ba8?s=96&d=mm&r=g\",\"contentUrl\":\"https:\\\/\\\/secure.gravatar.com\\\/avatar\\\/a121e7ba078b27046b6a11dd9ec39512b64e27b6dca4ff1e7d54167208093ba8?s=96&d=mm&r=g\",\"caption\":\"Redaccion\"},\"sameAs\":[\"http:\\\/\\\/metrpolinatonews.mx\"],\"url\":\"https:\\\/\\\/metropolitanonews.mx\\\/?author=12\"}]}<\/script>\n<!-- \/ Yoast SEO plugin. -->","yoast_head_json":{"title":"DANTE REGRESA: SER\u00c1 EL L\u00cdDER DE UN GRAN FRENTE OPOSITOR - Metropolitano News","robots":{"index":"index","follow":"follow","max-snippet":"max-snippet:-1","max-image-preview":"max-image-preview:large","max-video-preview":"max-video-preview:-1"},"canonical":"https:\/\/metropolitanonews.mx\/?p=2130","og_locale":"es_ES","og_type":"article","og_title":"DANTE REGRESA: SER\u00c1 EL L\u00cdDER DE UN GRAN FRENTE OPOSITOR - Metropolitano News","og_description":"Prosa aprisaArturo Reyes Isidoro M\u00e1s que el hecho, la significaci\u00f3n del hecho. Esto se me qued\u00f3 grabado cuando, muy joven, hace 56 a\u00f1os, le\u00ed el primer libro sobre periodismo: Periodismo trascendente, de Salvador Borrego, de hecho, mi primer maestro de periodismo a distancia, aunque nunca lo conoc\u00ed en persona. Entend\u00ed que el maestro Borrego (despu\u00e9s [&hellip;]","og_url":"https:\/\/metropolitanonews.mx\/?p=2130","og_site_name":"Metropolitano News","article_published_time":"2026-08-31T17:55:28+00:00","article_modified_time":"2026-08-31T17:55:30+00:00","og_image":[{"width":800,"height":533,"url":"https:\/\/metropolitanonews.mx\/wp-content\/uploads\/2026\/08\/22374_8.jpg","type":"image\/jpeg"}],"author":"Redaccion","twitter_card":"summary_large_image","twitter_misc":{"Escrito por":"Redaccion","Tiempo de lectura":"11 minutos"},"schema":{"@context":"https:\/\/schema.org","@graph":[{"@type":"Article","@id":"https:\/\/metropolitanonews.mx\/?p=2130#article","isPartOf":{"@id":"https:\/\/metropolitanonews.mx\/?p=2130"},"author":{"name":"Redaccion","@id":"https:\/\/metropolitanonews.mx\/#\/schema\/person\/5e143d068737b9206cdcb60ea7761ffa"},"headline":"DANTE REGRESA: SER\u00c1 EL L\u00cdDER DE UN GRAN FRENTE OPOSITOR","datePublished":"2026-08-31T17:55:28+00:00","dateModified":"2026-08-31T17:55:30+00:00","mainEntityOfPage":{"@id":"https:\/\/metropolitanonews.mx\/?p=2130"},"wordCount":2193,"commentCount":0,"image":{"@id":"https:\/\/metropolitanonews.mx\/?p=2130#primaryimage"},"thumbnailUrl":"https:\/\/metropolitanonews.mx\/wp-content\/uploads\/2026\/08\/22374_8.jpg","keywords":["Arturo Reyes Isidoro","Veracruz"],"articleSection":["Columnas"],"inLanguage":"es","potentialAction":[{"@type":"CommentAction","name":"Comment","target":["https:\/\/metropolitanonews.mx\/?p=2130#respond"]}]},{"@type":"WebPage","@id":"https:\/\/metropolitanonews.mx\/?p=2130","url":"https:\/\/metropolitanonews.mx\/?p=2130","name":"DANTE REGRESA: SER\u00c1 EL L\u00cdDER DE UN GRAN FRENTE OPOSITOR - Metropolitano News","isPartOf":{"@id":"https:\/\/metropolitanonews.mx\/#website"},"primaryImageOfPage":{"@id":"https:\/\/metropolitanonews.mx\/?p=2130#primaryimage"},"image":{"@id":"https:\/\/metropolitanonews.mx\/?p=2130#primaryimage"},"thumbnailUrl":"https:\/\/metropolitanonews.mx\/wp-content\/uploads\/2026\/08\/22374_8.jpg","datePublished":"2026-08-31T17:55:28+00:00","dateModified":"2026-08-31T17:55:30+00:00","author":{"@id":"https:\/\/metropolitanonews.mx\/#\/schema\/person\/5e143d068737b9206cdcb60ea7761ffa"},"breadcrumb":{"@id":"https:\/\/metropolitanonews.mx\/?p=2130#breadcrumb"},"inLanguage":"es","potentialAction":[{"@type":"ReadAction","target":["https:\/\/metropolitanonews.mx\/?p=2130"]}]},{"@type":"ImageObject","inLanguage":"es","@id":"https:\/\/metropolitanonews.mx\/?p=2130#primaryimage","url":"https:\/\/metropolitanonews.mx\/wp-content\/uploads\/2026\/08\/22374_8.jpg","contentUrl":"https:\/\/metropolitanonews.mx\/wp-content\/uploads\/2026\/08\/22374_8.jpg","width":800,"height":533},{"@type":"BreadcrumbList","@id":"https:\/\/metropolitanonews.mx\/?p=2130#breadcrumb","itemListElement":[{"@type":"ListItem","position":1,"name":"Portada","item":"https:\/\/metropolitanonews.mx\/"},{"@type":"ListItem","position":2,"name":"DANTE REGRESA: SER\u00c1 EL L\u00cdDER DE UN GRAN FRENTE OPOSITOR"}]},{"@type":"WebSite","@id":"https:\/\/metropolitanonews.mx\/#website","url":"https:\/\/metropolitanonews.mx\/","name":"Metropolitano News","description":"","potentialAction":[{"@type":"SearchAction","target":{"@type":"EntryPoint","urlTemplate":"https:\/\/metropolitanonews.mx\/?s={search_term_string}"},"query-input":{"@type":"PropertyValueSpecification","valueRequired":true,"valueName":"search_term_string"}}],"inLanguage":"es"},{"@type":"Person","@id":"https:\/\/metropolitanonews.mx\/#\/schema\/person\/5e143d068737b9206cdcb60ea7761ffa","name":"Redaccion","image":{"@type":"ImageObject","inLanguage":"es","@id":"https:\/\/secure.gravatar.com\/avatar\/a121e7ba078b27046b6a11dd9ec39512b64e27b6dca4ff1e7d54167208093ba8?s=96&d=mm&r=ga2145a6ac8df3cd2db9e7e95baa980ec","url":"https:\/\/secure.gravatar.com\/avatar\/a121e7ba078b27046b6a11dd9ec39512b64e27b6dca4ff1e7d54167208093ba8?s=96&d=mm&r=g","contentUrl":"https:\/\/secure.gravatar.com\/avatar\/a121e7ba078b27046b6a11dd9ec39512b64e27b6dca4ff1e7d54167208093ba8?s=96&d=mm&r=g","caption":"Redaccion"},"sameAs":["http:\/\/metrpolinatonews.mx"],"url":"https:\/\/metropolitanonews.mx\/?author=12"}]}},"jetpack_sharing_enabled":true,"authors":[{"term_id":72,"user_id":12,"is_guest":0,"slug":"redaccion","display_name":"Redaccion","avatar_url":"https:\/\/secure.gravatar.com\/avatar\/a121e7ba078b27046b6a11dd9ec39512b64e27b6dca4ff1e7d54167208093ba8?s=96&d=mm&r=g","author_category":"","first_name":"Ra\u00fal","last_name":"Mart\u00ednez","user_url":"http:\/\/metrpolinatonews.mx","job_title":"","description":""}],"jetpack_featured_media_url":"https:\/\/metropolitanonews.mx\/wp-content\/uploads\/2026\/08\/22374_8.jpg","_links":{"self":[{"href":"https:\/\/metropolitanonews.mx\/index.php?rest_route=\/wp\/v2\/posts\/2130","targetHints":{"allow":["GET"]}}],"collection":[{"href":"https:\/\/metropolitanonews.mx\/index.php?rest_route=\/wp\/v2\/posts"}],"about":[{"href":"https:\/\/metropolitanonews.mx\/index.php?rest_route=\/wp\/v2\/types\/post"}],"author":[{"embeddable":true,"href":"https:\/\/metropolitanonews.mx\/index.php?rest_route=\/wp\/v2\/users\/12"}],"replies":[{"embeddable":true,"href":"https:\/\/metropolitanonews.mx\/index.php?rest_route=%2Fwp%2Fv2%2Fcomments&post=2130"}],"version-history":[{"count":1,"href":"https:\/\/metropolitanonews.mx\/index.php?rest_route=\/wp\/v2\/posts\/2130\/revisions"}],"predecessor-version":[{"id":2136,"href":"https:\/\/metropolitanonews.mx\/index.php?rest_route=\/wp\/v2\/posts\/2130\/revisions\/2136"}],"wp:featuredmedia":[{"embeddable":true,"href":"https:\/\/metropolitanonews.mx\/index.php?rest_route=\/wp\/v2\/media\/2135"}],"wp:attachment":[{"href":"https:\/\/metropolitanonews.mx\/index.php?rest_route=%2Fwp%2Fv2%2Fmedia&parent=2130"}],"wp:term":[{"taxonomy":"category","embeddable":true,"href":"https:\/\/metropolitanonews.mx\/index.php?rest_route=%2Fwp%2Fv2%2Fcategories&post=2130"},{"taxonomy":"post_tag","embeddable":true,"href":"https:\/\/metropolitanonews.mx\/index.php?rest_route=%2Fwp%2Fv2%2Ftags&post=2130"},{"taxonomy":"author","embeddable":true,"href":"https:\/\/metropolitanonews.mx\/index.php?rest_route=%2Fwp%2Fv2%2Fppma_author&post=2130"}],"curies":[{"name":"wp","href":"https:\/\/api.w.org\/{rel}","templated":true}]}}