{"id":1112,"date":"2026-05-02T13:10:18","date_gmt":"2026-05-02T19:10:18","guid":{"rendered":"https:\/\/metropolitanonews.mx\/?p=1112"},"modified":"2026-05-02T13:10:22","modified_gmt":"2026-05-02T19:10:22","slug":"primer-manotazo","status":"publish","type":"post","link":"https:\/\/metropolitanonews.mx\/?p=1112","title":{"rendered":"PRIMER MANOTAZO"},"content":{"rendered":"\n<p><strong>Secas Mecas<br>Oved Contreras<\/strong><\/p>\n\n\n\n<p><strong>PRIMER MANOTAZO\u2026<\/strong>algunos analistas del caf\u00e9 reconoc\u00edan la madurez pol\u00edtica con que la gobernadora Roc\u00edo Nahle hab\u00eda respondido a las cr\u00edticas de Tatanacho, padre del ex gobernador Cuitl\u00e1huac Garc\u00eda, quien cuestion\u00f3 su origen zacatecano y su falta de visi\u00f3n para identificar y resolver los grandes problemas del estado\u2026la mandataria aparentemente no habr\u00eda reaccionado al profesor Atanacio Garc\u00eda y se ocupaba de su propia agenda de trabajo.<\/p>\n\n\n\n<p>Sin embargo, el pasado jueves nos enteramos que el mi\u00e9rcoles le fueron retirados los escoltas a los pap\u00e1s de Cui, tambi\u00e9n a los que cuidaban la casa. Se acab\u00f3 la comisi\u00f3n y los uniformados tuvieron que reportar a las oficinas centrales de la Secretar\u00eda de Seguridad P\u00fablica para unirse a la tropa. Ac\u00e1 la duda es si la orden vino de la t\u00eda Ch\u00edo o fue iniciativa del secretario Alfonso Reyes Garc\u00e9s.<\/p>\n\n\n\n<p>Sea cual sea el origen del retiro de los guaruras de la familia Garc\u00eda Jim\u00e9nez, la cosa es que las recientes declaraciones del exdiputado izquierdista Atanasio Garc\u00eda Dur\u00e1n, tuvieron consecuencias, ya no tienen vigilancia. Dijera la periodista Lul\u00fa L\u00f3pez: \u201cGran revelaci\u00f3n, los veracruzanos tampoco tenemos escoltas ni qui\u00e9n nos cuide la casa\u201d.<\/p>\n\n\n\n<p>Toda la andanada de descalificaciones que recibi\u00f3 don Tatanacho, demuestra solo una cosa: que la disidencia no se tolera\u2026se combate y se aniquila por parte del r\u00e9gimen para que aprendan que solo hay una voz cantante: ella. Solo hasta ahora que el profe Atanasio se atrevi\u00f3 a cuestionar a la gobernadora nos enteramos de lo malo que es: hasta agresor sexual sali\u00f3 el profe en tiempos de la universidad.<\/p>\n\n\n\n<p>\u00bfEl manotazo de la t\u00eda Ch\u00edo solo trajo como consecuencia el retiro de guaruras a la familia de Cuitl\u00e1huac Garc\u00eda, o tendr\u00e1 que preocuparse el Ku\u00edkaras por aquello del cochinero que dejaron en la cuenta p\u00fablica? Solo del ejercicio 2023 hay un presunto da\u00f1o de mil 800 millones de pesos. Hay tela de d\u00f3nde cortar si se trata de ajustar cuentas con el Kuikarato empezando por obras mal hechas que se llevaron una lanota como fue el caso del estadio Luis \u201cPirata\u201d Fuente, el Nido del Halc\u00f3n y la rehabilitaci\u00f3n del Acuario de Veracruz.<\/p>\n\n\n\n<p><strong>ANDAN MUY MOVIDOS\u2026<\/strong>aunque el proceso electoral 2027 todav\u00eda no arranca de manera oficial, Morena es el primer partido cuyos aspirantes, muchos de ellos diputados en funciones, ya se mueven con un descaro absoluto, es el primero en pisotear los tiempos, las formas y el respeto al ciudadano. Ejemplo de ello son las calles de Xalapa sufren el abandono de sus representantes populares.<\/p>\n\n\n\n<p>Ana Miriam Ferr\u00e1ez, Carola Viveros, Rosalinda Galindo y Dorheny Garc\u00eda. Todas brincan de un presupuesto a otro cobijadas por Morena pero poco o nada han hecho por por Xalapa. Tras ser elegidas nunca volvieron a las colonias, solo cuando hubo necesidad de reelecci\u00f3n.<\/p>\n\n\n\n<p>Ya rayan en el cinismo que estas mujeres que deber\u00edan estar desquitando el sueldo, bien pagado por cierto, por ocupar una curul en el Congreso, hoy andan convertidos en incansables \u00abrepartidores de peri\u00f3dicos\u00bb, saludando de mano a gente en las colonias a quienes les recuerdan que todo lo que reciben es gracias a la cuarta transformaci\u00f3n.<\/p>\n\n\n\n<p>Dorheny Garc\u00eda es el claro ejemplo de la nueva clase pol\u00edtica abanderada por Morena: legisladora que en su vida ha subido a la tribuna para proponer algo de beneficio de los veracruzanos. Lo m\u00e1s destacado de su vida p\u00fablica es que se pone a bailar en tik tok y recientemente le dio la espalda a Tatanacho para defender a la gobernadora Roc\u00edo Nahle. Hoy recorre las colonias de Xalapa en su camioneta de lujo y pagada por el Congreso local, hace presencia para estar en condiciones de reelegirse.<\/p>\n\n\n\n<p>Los \u00f3rganos electorales guardan silencio ante la evidente autopromoci\u00f3n de los morenistas y se justifican que no pueden ser sancionados ni siquiera llamarles la atenci\u00f3n porque no andan pidiendo el voto. No ven la campa\u00f1a abierta, los actos anticipados y la promoci\u00f3n personal disfrazada. Se hacen de la vista gorda ante una contienda que desde ahora es desigual<\/p>\n\n\n\n<p>Otro caso parecido a la campa\u00f1a adelantada de Dorheny es el Tato Vega Yunes, una \u00abadquisici\u00f3n\u00bb de Roc\u00edo Nahle; un Yunes de apellido y de sangre, esos mismos que Nahle y la 4T dicen aborrecer, pero que hoy ya se mueven con total soltura en los pasillos de la Cuarta Transformaci\u00f3n. Tato Yunes tambi\u00e9n anda en abierta campa\u00f1a porque busca ser candidato por Xalapa repartiendo peri\u00f3dicos bajo el sol.<\/p>\n\n\n\n<p><strong>QUE YA LES PAGARON\u2026<\/strong>La gobernadora Roc\u00edo Nahle asegur\u00f3 que los pagos pendientes a los trabajadores de la Universidad Popular Aut\u00f3noma de Veracruz (UPAV) ya fueron cubiertos y que a partir de la pr\u00f3xima semana comenzar\u00e1 la firma de contratos laborales para docentes, administrativos y directivos.<\/p>\n\n\n\n<p>El anuncio se dio en el marco de la conmemoraci\u00f3n del D\u00eda del Trabajo, en Xalapa, donde la mandataria estatal subray\u00f3 que la medida busca otorgar certeza jur\u00eddica a una plantilla que durante a\u00f1os oper\u00f3 sin relaci\u00f3n contractual formal. Trabajadores de la UPAV denunciaron atrasos en pagos y ausencia de contratos, lo que deriv\u00f3 en protestas recientes.<\/p>\n\n\n\n<p>Nahle explic\u00f3 que m\u00e1s de cinco mil 500 docentes forman parte de la instituci\u00f3n, aunque alrededor de 400 casos contin\u00faan pendientes debido a inconsistencias en documentaci\u00f3n como CURP o datos bancarios. Para atender esta situaci\u00f3n, se instalar\u00e1n m\u00f3dulos regionales que permitan validar la informaci\u00f3n y agilizar el proceso de contrataci\u00f3n.<\/p>\n\n\n\n<p>La gobernadora sostuvo que el pago de salarios atrasados ya fue dispersado, pero enfatiz\u00f3 que el siguiente paso es la formalizaci\u00f3n laboral. \u201cYa se pag\u00f3, pero ahora falta que firmen los contratos que nunca hab\u00edan tenido. A partir del lunes comenzar\u00e1 este proceso\u201d.<\/p>\n","protected":false},"excerpt":{"rendered":"<p>Secas MecasOved Contreras PRIMER MANOTAZO\u2026algunos analistas del caf\u00e9 reconoc\u00edan la madurez pol\u00edtica con que la gobernadora Roc\u00edo Nahle hab\u00eda respondido a las cr\u00edticas de Tatanacho, padre del ex gobernador Cuitl\u00e1huac Garc\u00eda, quien cuestion\u00f3 su origen zacatecano y su falta de visi\u00f3n para identificar y resolver los grandes problemas del estado\u2026la mandataria aparentemente no habr\u00eda reaccionado [&hellip;]<\/p>\n","protected":false},"author":12,"featured_media":1113,"comment_status":"open","ping_status":"open","sticky":false,"template":"","format":"standard","meta":{"_jetpack_memberships_contains_paid_content":false,"footnotes":""},"categories":[17],"tags":[76,40],"ppma_author":[72],"class_list":{"0":"post-1112","1":"post","2":"type-post","3":"status-publish","4":"format-standard","5":"has-post-thumbnail","7":"category-columnas","8":"tag-oved-contreras","9":"tag-veracruz"},"yoast_head":"<!-- This site is optimized with the Yoast SEO plugin v27.5 - https:\/\/yoast.com\/product\/yoast-seo-wordpress\/ -->\n<title>PRIMER MANOTAZO - Metropolitano News<\/title>\n<meta name=\"description\" content=\"\u00bfEl manotazo de la t\u00eda Ch\u00edo solo trajo como consecuencia el retiro de guaruras a la familia de Cuitl\u00e1huac Garc\u00eda?\" \/>\n<meta name=\"robots\" content=\"index, follow, max-snippet:-1, max-image-preview:large, max-video-preview:-1\" \/>\n<link rel=\"canonical\" href=\"https:\/\/metropolitanonews.mx\/?p=1112\" \/>\n<meta property=\"og:locale\" content=\"es_ES\" \/>\n<meta property=\"og:type\" content=\"article\" \/>\n<meta property=\"og:title\" content=\"PRIMER MANOTAZO - Metropolitano News\" \/>\n<meta property=\"og:description\" content=\"\u00bfEl manotazo de la t\u00eda Ch\u00edo solo trajo como consecuencia el retiro de guaruras a la familia de Cuitl\u00e1huac Garc\u00eda?\" \/>\n<meta property=\"og:url\" content=\"https:\/\/metropolitanonews.mx\/?p=1112\" \/>\n<meta property=\"og:site_name\" content=\"Metropolitano News\" \/>\n<meta property=\"article:published_time\" content=\"2026-05-02T19:10:18+00:00\" \/>\n<meta property=\"article:modified_time\" content=\"2026-05-02T19:10:22+00:00\" \/>\n<meta property=\"og:image\" content=\"https:\/\/metropolitanonews.mx\/wp-content\/uploads\/2026\/05\/PHOTO-2026-05-02-12-37-10.jpg\" \/>\n\t<meta property=\"og:image:width\" content=\"1123\" \/>\n\t<meta property=\"og:image:height\" content=\"1401\" \/>\n\t<meta property=\"og:image:type\" content=\"image\/jpeg\" \/>\n<meta name=\"author\" content=\"Redaccion\" \/>\n<meta name=\"twitter:card\" content=\"summary_large_image\" \/>\n<meta name=\"twitter:label1\" content=\"Escrito por\" \/>\n\t<meta name=\"twitter:data1\" content=\"Redaccion\" \/>\n\t<meta name=\"twitter:label2\" content=\"Tiempo de lectura\" \/>\n\t<meta name=\"twitter:data2\" content=\"5 minutos\" \/>\n<script type=\"application\/ld+json\" class=\"yoast-schema-graph\">{\"@context\":\"https:\\\/\\\/schema.org\",\"@graph\":[{\"@type\":\"Article\",\"@id\":\"https:\\\/\\\/metropolitanonews.mx\\\/?p=1112#article\",\"isPartOf\":{\"@id\":\"https:\\\/\\\/metropolitanonews.mx\\\/?p=1112\"},\"author\":{\"name\":\"Redaccion\",\"@id\":\"https:\\\/\\\/metropolitanonews.mx\\\/#\\\/schema\\\/person\\\/5e143d068737b9206cdcb60ea7761ffa\"},\"headline\":\"PRIMER MANOTAZO\",\"datePublished\":\"2026-05-02T19:10:18+00:00\",\"dateModified\":\"2026-05-02T19:10:22+00:00\",\"mainEntityOfPage\":{\"@id\":\"https:\\\/\\\/metropolitanonews.mx\\\/?p=1112\"},\"wordCount\":1007,\"commentCount\":0,\"image\":{\"@id\":\"https:\\\/\\\/metropolitanonews.mx\\\/?p=1112#primaryimage\"},\"thumbnailUrl\":\"https:\\\/\\\/metropolitanonews.mx\\\/wp-content\\\/uploads\\\/2026\\\/05\\\/PHOTO-2026-05-02-12-37-10.jpg\",\"keywords\":[\"Oved Contreras\",\"Veracruz\"],\"articleSection\":[\"Columnas\"],\"inLanguage\":\"es\",\"potentialAction\":[{\"@type\":\"CommentAction\",\"name\":\"Comment\",\"target\":[\"https:\\\/\\\/metropolitanonews.mx\\\/?p=1112#respond\"]}]},{\"@type\":\"WebPage\",\"@id\":\"https:\\\/\\\/metropolitanonews.mx\\\/?p=1112\",\"url\":\"https:\\\/\\\/metropolitanonews.mx\\\/?p=1112\",\"name\":\"PRIMER MANOTAZO - Metropolitano News\",\"isPartOf\":{\"@id\":\"https:\\\/\\\/metropolitanonews.mx\\\/#website\"},\"primaryImageOfPage\":{\"@id\":\"https:\\\/\\\/metropolitanonews.mx\\\/?p=1112#primaryimage\"},\"image\":{\"@id\":\"https:\\\/\\\/metropolitanonews.mx\\\/?p=1112#primaryimage\"},\"thumbnailUrl\":\"https:\\\/\\\/metropolitanonews.mx\\\/wp-content\\\/uploads\\\/2026\\\/05\\\/PHOTO-2026-05-02-12-37-10.jpg\",\"datePublished\":\"2026-05-02T19:10:18+00:00\",\"dateModified\":\"2026-05-02T19:10:22+00:00\",\"author\":{\"@id\":\"https:\\\/\\\/metropolitanonews.mx\\\/#\\\/schema\\\/person\\\/5e143d068737b9206cdcb60ea7761ffa\"},\"description\":\"\u00bfEl manotazo de la t\u00eda Ch\u00edo solo trajo como consecuencia el retiro de guaruras a la familia de Cuitl\u00e1huac Garc\u00eda?\",\"breadcrumb\":{\"@id\":\"https:\\\/\\\/metropolitanonews.mx\\\/?p=1112#breadcrumb\"},\"inLanguage\":\"es\",\"potentialAction\":[{\"@type\":\"ReadAction\",\"target\":[\"https:\\\/\\\/metropolitanonews.mx\\\/?p=1112\"]}]},{\"@type\":\"ImageObject\",\"inLanguage\":\"es\",\"@id\":\"https:\\\/\\\/metropolitanonews.mx\\\/?p=1112#primaryimage\",\"url\":\"https:\\\/\\\/metropolitanonews.mx\\\/wp-content\\\/uploads\\\/2026\\\/05\\\/PHOTO-2026-05-02-12-37-10.jpg\",\"contentUrl\":\"https:\\\/\\\/metropolitanonews.mx\\\/wp-content\\\/uploads\\\/2026\\\/05\\\/PHOTO-2026-05-02-12-37-10.jpg\",\"width\":1123,\"height\":1401},{\"@type\":\"BreadcrumbList\",\"@id\":\"https:\\\/\\\/metropolitanonews.mx\\\/?p=1112#breadcrumb\",\"itemListElement\":[{\"@type\":\"ListItem\",\"position\":1,\"name\":\"Portada\",\"item\":\"https:\\\/\\\/metropolitanonews.mx\\\/\"},{\"@type\":\"ListItem\",\"position\":2,\"name\":\"PRIMER MANOTAZO\"}]},{\"@type\":\"WebSite\",\"@id\":\"https:\\\/\\\/metropolitanonews.mx\\\/#website\",\"url\":\"https:\\\/\\\/metropolitanonews.mx\\\/\",\"name\":\"Metropolitano News\",\"description\":\"\",\"potentialAction\":[{\"@type\":\"SearchAction\",\"target\":{\"@type\":\"EntryPoint\",\"urlTemplate\":\"https:\\\/\\\/metropolitanonews.mx\\\/?s={search_term_string}\"},\"query-input\":{\"@type\":\"PropertyValueSpecification\",\"valueRequired\":true,\"valueName\":\"search_term_string\"}}],\"inLanguage\":\"es\"},{\"@type\":\"Person\",\"@id\":\"https:\\\/\\\/metropolitanonews.mx\\\/#\\\/schema\\\/person\\\/5e143d068737b9206cdcb60ea7761ffa\",\"name\":\"Redaccion\",\"image\":{\"@type\":\"ImageObject\",\"inLanguage\":\"es\",\"@id\":\"https:\\\/\\\/secure.gravatar.com\\\/avatar\\\/a121e7ba078b27046b6a11dd9ec39512b64e27b6dca4ff1e7d54167208093ba8?s=96&d=mm&r=ga2145a6ac8df3cd2db9e7e95baa980ec\",\"url\":\"https:\\\/\\\/secure.gravatar.com\\\/avatar\\\/a121e7ba078b27046b6a11dd9ec39512b64e27b6dca4ff1e7d54167208093ba8?s=96&d=mm&r=g\",\"contentUrl\":\"https:\\\/\\\/secure.gravatar.com\\\/avatar\\\/a121e7ba078b27046b6a11dd9ec39512b64e27b6dca4ff1e7d54167208093ba8?s=96&d=mm&r=g\",\"caption\":\"Redaccion\"},\"sameAs\":[\"http:\\\/\\\/metrpolinatonews.mx\"],\"url\":\"https:\\\/\\\/metropolitanonews.mx\\\/?author=12\"}]}<\/script>\n<!-- \/ Yoast SEO plugin. -->","yoast_head_json":{"title":"PRIMER MANOTAZO - Metropolitano News","description":"\u00bfEl manotazo de la t\u00eda Ch\u00edo solo trajo como consecuencia el retiro de guaruras a la familia de Cuitl\u00e1huac Garc\u00eda?","robots":{"index":"index","follow":"follow","max-snippet":"max-snippet:-1","max-image-preview":"max-image-preview:large","max-video-preview":"max-video-preview:-1"},"canonical":"https:\/\/metropolitanonews.mx\/?p=1112","og_locale":"es_ES","og_type":"article","og_title":"PRIMER MANOTAZO - Metropolitano News","og_description":"\u00bfEl manotazo de la t\u00eda Ch\u00edo solo trajo como consecuencia el retiro de guaruras a la familia de Cuitl\u00e1huac Garc\u00eda?","og_url":"https:\/\/metropolitanonews.mx\/?p=1112","og_site_name":"Metropolitano News","article_published_time":"2026-05-02T19:10:18+00:00","article_modified_time":"2026-05-02T19:10:22+00:00","og_image":[{"width":1123,"height":1401,"url":"https:\/\/metropolitanonews.mx\/wp-content\/uploads\/2026\/05\/PHOTO-2026-05-02-12-37-10.jpg","type":"image\/jpeg"}],"author":"Redaccion","twitter_card":"summary_large_image","twitter_misc":{"Escrito por":"Redaccion","Tiempo de lectura":"5 minutos"},"schema":{"@context":"https:\/\/schema.org","@graph":[{"@type":"Article","@id":"https:\/\/metropolitanonews.mx\/?p=1112#article","isPartOf":{"@id":"https:\/\/metropolitanonews.mx\/?p=1112"},"author":{"name":"Redaccion","@id":"https:\/\/metropolitanonews.mx\/#\/schema\/person\/5e143d068737b9206cdcb60ea7761ffa"},"headline":"PRIMER MANOTAZO","datePublished":"2026-05-02T19:10:18+00:00","dateModified":"2026-05-02T19:10:22+00:00","mainEntityOfPage":{"@id":"https:\/\/metropolitanonews.mx\/?p=1112"},"wordCount":1007,"commentCount":0,"image":{"@id":"https:\/\/metropolitanonews.mx\/?p=1112#primaryimage"},"thumbnailUrl":"https:\/\/metropolitanonews.mx\/wp-content\/uploads\/2026\/05\/PHOTO-2026-05-02-12-37-10.jpg","keywords":["Oved Contreras","Veracruz"],"articleSection":["Columnas"],"inLanguage":"es","potentialAction":[{"@type":"CommentAction","name":"Comment","target":["https:\/\/metropolitanonews.mx\/?p=1112#respond"]}]},{"@type":"WebPage","@id":"https:\/\/metropolitanonews.mx\/?p=1112","url":"https:\/\/metropolitanonews.mx\/?p=1112","name":"PRIMER MANOTAZO - Metropolitano News","isPartOf":{"@id":"https:\/\/metropolitanonews.mx\/#website"},"primaryImageOfPage":{"@id":"https:\/\/metropolitanonews.mx\/?p=1112#primaryimage"},"image":{"@id":"https:\/\/metropolitanonews.mx\/?p=1112#primaryimage"},"thumbnailUrl":"https:\/\/metropolitanonews.mx\/wp-content\/uploads\/2026\/05\/PHOTO-2026-05-02-12-37-10.jpg","datePublished":"2026-05-02T19:10:18+00:00","dateModified":"2026-05-02T19:10:22+00:00","author":{"@id":"https:\/\/metropolitanonews.mx\/#\/schema\/person\/5e143d068737b9206cdcb60ea7761ffa"},"description":"\u00bfEl manotazo de la t\u00eda Ch\u00edo solo trajo como consecuencia el retiro de guaruras a la familia de Cuitl\u00e1huac Garc\u00eda?","breadcrumb":{"@id":"https:\/\/metropolitanonews.mx\/?p=1112#breadcrumb"},"inLanguage":"es","potentialAction":[{"@type":"ReadAction","target":["https:\/\/metropolitanonews.mx\/?p=1112"]}]},{"@type":"ImageObject","inLanguage":"es","@id":"https:\/\/metropolitanonews.mx\/?p=1112#primaryimage","url":"https:\/\/metropolitanonews.mx\/wp-content\/uploads\/2026\/05\/PHOTO-2026-05-02-12-37-10.jpg","contentUrl":"https:\/\/metropolitanonews.mx\/wp-content\/uploads\/2026\/05\/PHOTO-2026-05-02-12-37-10.jpg","width":1123,"height":1401},{"@type":"BreadcrumbList","@id":"https:\/\/metropolitanonews.mx\/?p=1112#breadcrumb","itemListElement":[{"@type":"ListItem","position":1,"name":"Portada","item":"https:\/\/metropolitanonews.mx\/"},{"@type":"ListItem","position":2,"name":"PRIMER MANOTAZO"}]},{"@type":"WebSite","@id":"https:\/\/metropolitanonews.mx\/#website","url":"https:\/\/metropolitanonews.mx\/","name":"Metropolitano News","description":"","potentialAction":[{"@type":"SearchAction","target":{"@type":"EntryPoint","urlTemplate":"https:\/\/metropolitanonews.mx\/?s={search_term_string}"},"query-input":{"@type":"PropertyValueSpecification","valueRequired":true,"valueName":"search_term_string"}}],"inLanguage":"es"},{"@type":"Person","@id":"https:\/\/metropolitanonews.mx\/#\/schema\/person\/5e143d068737b9206cdcb60ea7761ffa","name":"Redaccion","image":{"@type":"ImageObject","inLanguage":"es","@id":"https:\/\/secure.gravatar.com\/avatar\/a121e7ba078b27046b6a11dd9ec39512b64e27b6dca4ff1e7d54167208093ba8?s=96&d=mm&r=ga2145a6ac8df3cd2db9e7e95baa980ec","url":"https:\/\/secure.gravatar.com\/avatar\/a121e7ba078b27046b6a11dd9ec39512b64e27b6dca4ff1e7d54167208093ba8?s=96&d=mm&r=g","contentUrl":"https:\/\/secure.gravatar.com\/avatar\/a121e7ba078b27046b6a11dd9ec39512b64e27b6dca4ff1e7d54167208093ba8?s=96&d=mm&r=g","caption":"Redaccion"},"sameAs":["http:\/\/metrpolinatonews.mx"],"url":"https:\/\/metropolitanonews.mx\/?author=12"}]}},"jetpack_featured_media_url":"https:\/\/metropolitanonews.mx\/wp-content\/uploads\/2026\/05\/PHOTO-2026-05-02-12-37-10.jpg","jetpack_sharing_enabled":true,"authors":[{"term_id":72,"user_id":12,"is_guest":0,"slug":"redaccion","display_name":"Redaccion","avatar_url":"https:\/\/secure.gravatar.com\/avatar\/a121e7ba078b27046b6a11dd9ec39512b64e27b6dca4ff1e7d54167208093ba8?s=96&d=mm&r=g","0":null,"1":"","2":"","3":"","4":"","5":"","6":"","7":"","8":""}],"_links":{"self":[{"href":"https:\/\/metropolitanonews.mx\/index.php?rest_route=\/wp\/v2\/posts\/1112","targetHints":{"allow":["GET"]}}],"collection":[{"href":"https:\/\/metropolitanonews.mx\/index.php?rest_route=\/wp\/v2\/posts"}],"about":[{"href":"https:\/\/metropolitanonews.mx\/index.php?rest_route=\/wp\/v2\/types\/post"}],"author":[{"embeddable":true,"href":"https:\/\/metropolitanonews.mx\/index.php?rest_route=\/wp\/v2\/users\/12"}],"replies":[{"embeddable":true,"href":"https:\/\/metropolitanonews.mx\/index.php?rest_route=%2Fwp%2Fv2%2Fcomments&post=1112"}],"version-history":[{"count":1,"href":"https:\/\/metropolitanonews.mx\/index.php?rest_route=\/wp\/v2\/posts\/1112\/revisions"}],"predecessor-version":[{"id":1114,"href":"https:\/\/metropolitanonews.mx\/index.php?rest_route=\/wp\/v2\/posts\/1112\/revisions\/1114"}],"wp:featuredmedia":[{"embeddable":true,"href":"https:\/\/metropolitanonews.mx\/index.php?rest_route=\/wp\/v2\/media\/1113"}],"wp:attachment":[{"href":"https:\/\/metropolitanonews.mx\/index.php?rest_route=%2Fwp%2Fv2%2Fmedia&parent=1112"}],"wp:term":[{"taxonomy":"category","embeddable":true,"href":"https:\/\/metropolitanonews.mx\/index.php?rest_route=%2Fwp%2Fv2%2Fcategories&post=1112"},{"taxonomy":"post_tag","embeddable":true,"href":"https:\/\/metropolitanonews.mx\/index.php?rest_route=%2Fwp%2Fv2%2Ftags&post=1112"},{"taxonomy":"author","embeddable":true,"href":"https:\/\/metropolitanonews.mx\/index.php?rest_route=%2Fwp%2Fv2%2Fppma_author&post=1112"}],"curies":[{"name":"wp","href":"https:\/\/api.w.org\/{rel}","templated":true}]}}