{"id":1108,"date":"2026-05-02T10:15:08","date_gmt":"2026-05-02T16:15:08","guid":{"rendered":"https:\/\/metropolitanonews.mx\/?p=1108"},"modified":"2026-05-02T10:15:10","modified_gmt":"2026-05-02T16:15:10","slug":"la-caida-de-morena","status":"publish","type":"post","link":"https:\/\/metropolitanonews.mx\/?p=1108","title":{"rendered":"LA CA\u00cdDA DE MORENA"},"content":{"rendered":"\n<p><strong>Sale y Vale<br>Ricardo Chua Agama<\/strong><\/p>\n\n\n\n<p>Si en algo ten\u00eda raz\u00f3n la Presidenta Claudia Shienbaum, ayer por la ma\u00f1ana, que declaraba que \u00abNo la ten\u00edan contra la pared\u00bb, por el tema de Ruben Rocha Moya, gobernador de Sinaloa, acusado en una corte de Justicia en EEUU, de ser c\u00f3mplice del narcotr\u00e1fico.. Y eso es CIERTO.. Ella no porque su investidura Presidencial est\u00e1 inmune a esos casos.. Pero no as\u00ed el partido MORENA.. Que su desprestigio social se aceler\u00f3 despu\u00e9s de este esc\u00e1ndalo.. Tanto as\u00ed que ni la licencia al cargo como gobernador de Rocha Moya, ayer por la noche, lo detuvo.. Pareciera que viene lo mejor..<\/p>\n\n\n\n<p>Tanto as\u00ed, que ning\u00fan gobernador de MORENA, ning\u00fan senador de MORENA, ning\u00fan diputado de MORENA y ning\u00fan funcionario de MORENA.. Hizo p\u00fablico el RESPALDO al sinaloense, como lo hicieron en 2024, cuando se vino el esc\u00e1ndalo del secuestro de Ismael \u00abEl Mayo\u00bb Zambada.. No hubo desplegados en medios de comunicaci\u00f3n o en redes sociales.. Nadie las pidi\u00f3, nadie las exigi\u00f3, nadie sali\u00f3 a defenderlo.. Lo dejaron solo. S\u00f3lo era cuesti\u00f3n de tiempo para que Rocha cayera y 72 horas despu\u00e9s de que se hicieran p\u00fablicas las acusaciones en EEUU.. Rocha cay\u00f3 en Sinaloa.. Y con \u00e9l, se lleva a MORENA entre los pies..<\/p>\n\n\n\n<p>Ning\u00fan gobernador de MORENA.. Se atrevi\u00f3 a RESPALDARLO porque ya sab\u00edan lo que ven\u00edan.. El gobierno federal no iba a aguantar tanta presi\u00f3n social y de EEUU, tanto as\u00ed, que al final termin\u00f3 cediendo y Rocha no le qued\u00f3 otra m\u00e1s que irse.. Por ello, los mandatarios estatales ni buscaron por donde hacer p\u00fablico un respaldo a su hom\u00f3logo de Sinaloa, ellos saben bien que si lo hac\u00edan p\u00fablico.. Se iban a poner en la mira de los Estados Unidos.. \u00bfY para qu\u00e9 hacerlo entonces?.. \u00bfPara qu\u00e9 se les antoje?.. Mejor se quedaron callados.. Y en perfil bajo porque la \u00ablumbre\u00bb les anda cerca..<\/p>\n\n\n\n<p>Si los gobernadores de MORENA defend\u00edan a su coterr\u00e1neo sinaloense.. Cualquiera que lo hiciera p\u00fablico, se iba a poner a la vista del Departamento de Estado, Departamento del Tesoro, DEA, FBI y hasta la CIA en los Estados Unidos.. Ya que para los americanos, Rocha lo tienen catalogado como un presunto c\u00f3mplice del narcotr\u00e1fico.. Y si los ejecutivos estatales lo defend\u00edan, pon\u00edan en riesgo muchas cosas, pero el peor temor es que EEUU los mire como un pol\u00edtico con v\u00ednculos con el crimen organizado.. As\u00ed que mejor lo dejaron pasar.. Finalmente Rocha pidi\u00f3 licencia y se quit\u00f3 un peso de encima.. Al igual que Shienbaum..<\/p>\n\n\n\n<p>El tema aqu\u00ed tambi\u00e9n, dice \u00abGarganta Profunda\u00bb es que muchos gobernadores de MORENA, por no decir que todos o casi todos, tienen cuentas bancarias y propiedades en EEUU.. Y no quieren que se las vayan a confiscar por actuar contra los intereses de EU.. Como lo es el tema de Rocha Moya para ellos.. As\u00ed que no duden que pronto veremos ofertas de venta de propiedades en el vecino pa\u00eds por personajes vinculados a MORENA.. As\u00ed como muchos funcionarios, empezar\u00e1n a cerrar cuentas bancarias y sacar sus \u00abahorros\u00bb a otro pa\u00eds.. Esto es una \u00abcacer\u00eda\u00bb y lo que menos quiere un gobernador es exponerse.<\/p>\n\n\n\n<p>As\u00ed que despu\u00e9s del mi\u00e9rcoles pasado.. Lo que estamos viendo con el caso de Rub\u00e9n Rocha Moya.. No es solo un esc\u00e1ndalo, sino que es simplemente la \u00abfractura\u00bb del discurso de la 4T.. Y que v\u00ednculan a sus principales miembros con tratos con la delincuencia organizada.. En 72 horas, Ruben Rocha Moya pas\u00f3 de que lo calificar\u00e1n como un: \u00abEs inocente\u00bb al \u00abno hay pruebas\u00bb.. Lo que fue una defensa legalista propia de un acusado \u00abacorralado\u00bb, que ya no puede negar los hechos, sino s\u00f3lo la evidencia.. Este caso deja directamente al Gobierno de M\u00e9xico muy maltrecho y que por eso tiene un margen de maniobra limitado..<\/p>\n\n\n\n<p>Por ello, todo lo que en el pasado usaron como estrategia pol\u00edtica, cuando ten\u00edan conflictos al interior o exterior en su partido o Movimiento, el de llenar el Z\u00f3calo de CDMX, para mostrar \u00abm\u00fasculo\u00bb con el pretexto de la soberan\u00eda nacional.. Y que Donald Trump midiera si se met\u00eda con este gobierno.. Pero ahora hay que recordar, que eso solo le funcionaba a Andr\u00e9s Manuel L\u00f3pez Obrador para permear sus narrativa en sus seguidores.. El problema se basa ahora que Sheinbaum, al menos, por el momento, no cuenta con fuerza para enfrentar la embestida unilateral de Estados Unidos..<\/p>\n\n\n\n<p>Ahora un gobierno como el de EEUU, no lanzar\u00eda un \u00abdardo\u00bb de este calibre sin tener los \u00abpelos de la burra en la mano\u00bb.. Esta contradicci\u00f3n confirma que la justicia, que aplica EEUU, s\u00f3lo es v\u00e1lida para ellos, cuando les es funcional.. Pero por otro lado, se ha ignorado que el Senado de EEUU.. Ya advirti\u00f3 que esto es apenas el comienzo de una cadena de revelaciones que podr\u00edan desmoronar la narrativa de \u00abhonestidad valiente\u00bb a nivel nacional.. Aqu\u00ed el asunto es que con este escenario de \u00abfrentes\u00bb abiertos.. Que se pueden calmar con la licencia de Rocha Moya.. Pero OJO solo ser\u00eda por unos d\u00edas..<\/p>\n\n\n\n<p>Motivo por el cual, se puede advertir que en los estados gobernados por MORENA, el tema se \u00abcocina\u00bb aparte como un \u00abpolvor\u00edn\u00bb autoinfligido.. Mientras tanto, Palacio Nacional intenta contener como puede o como Dios le da entender la \u00abhemorragia\u00bb diplom\u00e1tica.. Pero en las entidades, los gobernadores \u00abMorenos\u00bb le van a tener que \u00abbajar\u00bb con muchos temas que suceden en sus territorios, en asuntos de inseguridad, gobernanza, ingobernabilidad y van a tener que combatir al crimen con todo lo que tienen.. Sino se ponen en la mira de los EEUU..<\/p>\n\n\n\n<p>Pero esto hizo una \u00abbola de nieve\u00bb para la elecci\u00f3n del 2027.. Ya que la sociedad califica todo.. Raz\u00f3n por la cual, este panorama se complica.. Ya que el Gobierno de MORENA, se ha quedado sin el \u00abescudo\u00bb de la superioridad moral.. Ya que el caso de Rocha Moya, hace que se derribe cualquier proyecto dentro de la 4T.. A nadie le pueden decir nada sus militantes.. No pueden parar esta ola de cr\u00edticas en redes sociales.. En pocas palabras, MORENA ha perdido credibilidad, confianza y fuerza.. Rocha acab\u00f3 de sentenciarlos con su licencia.. Al irse, su figura, su investidura y su partido.. QUED\u00d3 BAJO SOSPECHA..<\/p>\n","protected":false},"excerpt":{"rendered":"<p>Sale y ValeRicardo Chua Agama Si en algo ten\u00eda raz\u00f3n la Presidenta Claudia Shienbaum, ayer por la ma\u00f1ana, que declaraba que \u00abNo la ten\u00edan contra la pared\u00bb, por el tema de Ruben Rocha Moya, gobernador de Sinaloa, acusado en una corte de Justicia en EEUU, de ser c\u00f3mplice del narcotr\u00e1fico.. Y eso es CIERTO.. Ella [&hellip;]<\/p>\n","protected":false},"author":12,"featured_media":1109,"comment_status":"open","ping_status":"open","sticky":false,"template":"","format":"standard","meta":{"_jetpack_memberships_contains_paid_content":false,"footnotes":""},"categories":[17],"tags":[95,40],"ppma_author":[72],"class_list":{"0":"post-1108","1":"post","2":"type-post","3":"status-publish","4":"format-standard","5":"has-post-thumbnail","7":"category-columnas","8":"tag-ricardo-chua-agama","9":"tag-veracruz"},"yoast_head":"<!-- This site is optimized with the Yoast SEO plugin v27.5 - https:\/\/yoast.com\/product\/yoast-seo-wordpress\/ -->\n<title>LA CA\u00cdDA DE MORENA - Metropolitano News<\/title>\n<meta name=\"description\" content=\"Ning\u00fan gobernador, ning\u00fan senador, ning\u00fan diputado y ning\u00fan funcionario de MORENA.. Hizo p\u00fablico el RESPALDO al sinaloense Rocha Moya\" \/>\n<meta name=\"robots\" content=\"index, follow, max-snippet:-1, max-image-preview:large, max-video-preview:-1\" \/>\n<link rel=\"canonical\" href=\"https:\/\/metropolitanonews.mx\/?p=1108\" \/>\n<meta property=\"og:locale\" content=\"es_ES\" \/>\n<meta property=\"og:type\" content=\"article\" \/>\n<meta property=\"og:title\" content=\"LA CA\u00cdDA DE MORENA - Metropolitano News\" \/>\n<meta property=\"og:description\" content=\"Ning\u00fan gobernador, ning\u00fan senador, ning\u00fan diputado y ning\u00fan funcionario de MORENA.. Hizo p\u00fablico el RESPALDO al sinaloense Rocha Moya\" \/>\n<meta property=\"og:url\" content=\"https:\/\/metropolitanonews.mx\/?p=1108\" \/>\n<meta property=\"og:site_name\" content=\"Metropolitano News\" \/>\n<meta property=\"article:published_time\" content=\"2026-05-02T16:15:08+00:00\" \/>\n<meta property=\"article:modified_time\" content=\"2026-05-02T16:15:10+00:00\" \/>\n<meta property=\"og:image\" content=\"https:\/\/metropolitanonews.mx\/wp-content\/uploads\/2026\/05\/PHOTO-2026-05-02-07-07-34.jpg\" \/>\n\t<meta property=\"og:image:width\" content=\"1179\" \/>\n\t<meta property=\"og:image:height\" content=\"1160\" \/>\n\t<meta property=\"og:image:type\" content=\"image\/jpeg\" \/>\n<meta name=\"author\" content=\"Redaccion\" \/>\n<meta name=\"twitter:card\" content=\"summary_large_image\" \/>\n<meta name=\"twitter:label1\" content=\"Escrito por\" \/>\n\t<meta name=\"twitter:data1\" content=\"Redaccion\" \/>\n\t<meta name=\"twitter:label2\" content=\"Tiempo de lectura\" \/>\n\t<meta name=\"twitter:data2\" content=\"5 minutos\" \/>\n<script type=\"application\/ld+json\" class=\"yoast-schema-graph\">{\"@context\":\"https:\\\/\\\/schema.org\",\"@graph\":[{\"@type\":\"Article\",\"@id\":\"https:\\\/\\\/metropolitanonews.mx\\\/?p=1108#article\",\"isPartOf\":{\"@id\":\"https:\\\/\\\/metropolitanonews.mx\\\/?p=1108\"},\"author\":{\"name\":\"Redaccion\",\"@id\":\"https:\\\/\\\/metropolitanonews.mx\\\/#\\\/schema\\\/person\\\/5e143d068737b9206cdcb60ea7761ffa\"},\"headline\":\"LA CA\u00cdDA DE MORENA\",\"datePublished\":\"2026-05-02T16:15:08+00:00\",\"dateModified\":\"2026-05-02T16:15:10+00:00\",\"mainEntityOfPage\":{\"@id\":\"https:\\\/\\\/metropolitanonews.mx\\\/?p=1108\"},\"wordCount\":1098,\"commentCount\":0,\"image\":{\"@id\":\"https:\\\/\\\/metropolitanonews.mx\\\/?p=1108#primaryimage\"},\"thumbnailUrl\":\"https:\\\/\\\/metropolitanonews.mx\\\/wp-content\\\/uploads\\\/2026\\\/05\\\/PHOTO-2026-05-02-07-07-34.jpg\",\"keywords\":[\"Ricardo Chua Agama\",\"Veracruz\"],\"articleSection\":[\"Columnas\"],\"inLanguage\":\"es\",\"potentialAction\":[{\"@type\":\"CommentAction\",\"name\":\"Comment\",\"target\":[\"https:\\\/\\\/metropolitanonews.mx\\\/?p=1108#respond\"]}]},{\"@type\":\"WebPage\",\"@id\":\"https:\\\/\\\/metropolitanonews.mx\\\/?p=1108\",\"url\":\"https:\\\/\\\/metropolitanonews.mx\\\/?p=1108\",\"name\":\"LA CA\u00cdDA DE MORENA - Metropolitano News\",\"isPartOf\":{\"@id\":\"https:\\\/\\\/metropolitanonews.mx\\\/#website\"},\"primaryImageOfPage\":{\"@id\":\"https:\\\/\\\/metropolitanonews.mx\\\/?p=1108#primaryimage\"},\"image\":{\"@id\":\"https:\\\/\\\/metropolitanonews.mx\\\/?p=1108#primaryimage\"},\"thumbnailUrl\":\"https:\\\/\\\/metropolitanonews.mx\\\/wp-content\\\/uploads\\\/2026\\\/05\\\/PHOTO-2026-05-02-07-07-34.jpg\",\"datePublished\":\"2026-05-02T16:15:08+00:00\",\"dateModified\":\"2026-05-02T16:15:10+00:00\",\"author\":{\"@id\":\"https:\\\/\\\/metropolitanonews.mx\\\/#\\\/schema\\\/person\\\/5e143d068737b9206cdcb60ea7761ffa\"},\"description\":\"Ning\u00fan gobernador, ning\u00fan senador, ning\u00fan diputado y ning\u00fan funcionario de MORENA.. Hizo p\u00fablico el RESPALDO al sinaloense Rocha Moya\",\"breadcrumb\":{\"@id\":\"https:\\\/\\\/metropolitanonews.mx\\\/?p=1108#breadcrumb\"},\"inLanguage\":\"es\",\"potentialAction\":[{\"@type\":\"ReadAction\",\"target\":[\"https:\\\/\\\/metropolitanonews.mx\\\/?p=1108\"]}]},{\"@type\":\"ImageObject\",\"inLanguage\":\"es\",\"@id\":\"https:\\\/\\\/metropolitanonews.mx\\\/?p=1108#primaryimage\",\"url\":\"https:\\\/\\\/metropolitanonews.mx\\\/wp-content\\\/uploads\\\/2026\\\/05\\\/PHOTO-2026-05-02-07-07-34.jpg\",\"contentUrl\":\"https:\\\/\\\/metropolitanonews.mx\\\/wp-content\\\/uploads\\\/2026\\\/05\\\/PHOTO-2026-05-02-07-07-34.jpg\",\"width\":1179,\"height\":1160},{\"@type\":\"BreadcrumbList\",\"@id\":\"https:\\\/\\\/metropolitanonews.mx\\\/?p=1108#breadcrumb\",\"itemListElement\":[{\"@type\":\"ListItem\",\"position\":1,\"name\":\"Portada\",\"item\":\"https:\\\/\\\/metropolitanonews.mx\\\/\"},{\"@type\":\"ListItem\",\"position\":2,\"name\":\"LA CA\u00cdDA DE MORENA\"}]},{\"@type\":\"WebSite\",\"@id\":\"https:\\\/\\\/metropolitanonews.mx\\\/#website\",\"url\":\"https:\\\/\\\/metropolitanonews.mx\\\/\",\"name\":\"Metropolitano News\",\"description\":\"\",\"potentialAction\":[{\"@type\":\"SearchAction\",\"target\":{\"@type\":\"EntryPoint\",\"urlTemplate\":\"https:\\\/\\\/metropolitanonews.mx\\\/?s={search_term_string}\"},\"query-input\":{\"@type\":\"PropertyValueSpecification\",\"valueRequired\":true,\"valueName\":\"search_term_string\"}}],\"inLanguage\":\"es\"},{\"@type\":\"Person\",\"@id\":\"https:\\\/\\\/metropolitanonews.mx\\\/#\\\/schema\\\/person\\\/5e143d068737b9206cdcb60ea7761ffa\",\"name\":\"Redaccion\",\"image\":{\"@type\":\"ImageObject\",\"inLanguage\":\"es\",\"@id\":\"https:\\\/\\\/secure.gravatar.com\\\/avatar\\\/a121e7ba078b27046b6a11dd9ec39512b64e27b6dca4ff1e7d54167208093ba8?s=96&d=mm&r=ga2145a6ac8df3cd2db9e7e95baa980ec\",\"url\":\"https:\\\/\\\/secure.gravatar.com\\\/avatar\\\/a121e7ba078b27046b6a11dd9ec39512b64e27b6dca4ff1e7d54167208093ba8?s=96&d=mm&r=g\",\"contentUrl\":\"https:\\\/\\\/secure.gravatar.com\\\/avatar\\\/a121e7ba078b27046b6a11dd9ec39512b64e27b6dca4ff1e7d54167208093ba8?s=96&d=mm&r=g\",\"caption\":\"Redaccion\"},\"sameAs\":[\"http:\\\/\\\/metrpolinatonews.mx\"],\"url\":\"https:\\\/\\\/metropolitanonews.mx\\\/?author=12\"}]}<\/script>\n<!-- \/ Yoast SEO plugin. -->","yoast_head_json":{"title":"LA CA\u00cdDA DE MORENA - Metropolitano News","description":"Ning\u00fan gobernador, ning\u00fan senador, ning\u00fan diputado y ning\u00fan funcionario de MORENA.. Hizo p\u00fablico el RESPALDO al sinaloense Rocha Moya","robots":{"index":"index","follow":"follow","max-snippet":"max-snippet:-1","max-image-preview":"max-image-preview:large","max-video-preview":"max-video-preview:-1"},"canonical":"https:\/\/metropolitanonews.mx\/?p=1108","og_locale":"es_ES","og_type":"article","og_title":"LA CA\u00cdDA DE MORENA - Metropolitano News","og_description":"Ning\u00fan gobernador, ning\u00fan senador, ning\u00fan diputado y ning\u00fan funcionario de MORENA.. Hizo p\u00fablico el RESPALDO al sinaloense Rocha Moya","og_url":"https:\/\/metropolitanonews.mx\/?p=1108","og_site_name":"Metropolitano News","article_published_time":"2026-05-02T16:15:08+00:00","article_modified_time":"2026-05-02T16:15:10+00:00","og_image":[{"width":1179,"height":1160,"url":"https:\/\/metropolitanonews.mx\/wp-content\/uploads\/2026\/05\/PHOTO-2026-05-02-07-07-34.jpg","type":"image\/jpeg"}],"author":"Redaccion","twitter_card":"summary_large_image","twitter_misc":{"Escrito por":"Redaccion","Tiempo de lectura":"5 minutos"},"schema":{"@context":"https:\/\/schema.org","@graph":[{"@type":"Article","@id":"https:\/\/metropolitanonews.mx\/?p=1108#article","isPartOf":{"@id":"https:\/\/metropolitanonews.mx\/?p=1108"},"author":{"name":"Redaccion","@id":"https:\/\/metropolitanonews.mx\/#\/schema\/person\/5e143d068737b9206cdcb60ea7761ffa"},"headline":"LA CA\u00cdDA DE MORENA","datePublished":"2026-05-02T16:15:08+00:00","dateModified":"2026-05-02T16:15:10+00:00","mainEntityOfPage":{"@id":"https:\/\/metropolitanonews.mx\/?p=1108"},"wordCount":1098,"commentCount":0,"image":{"@id":"https:\/\/metropolitanonews.mx\/?p=1108#primaryimage"},"thumbnailUrl":"https:\/\/metropolitanonews.mx\/wp-content\/uploads\/2026\/05\/PHOTO-2026-05-02-07-07-34.jpg","keywords":["Ricardo Chua Agama","Veracruz"],"articleSection":["Columnas"],"inLanguage":"es","potentialAction":[{"@type":"CommentAction","name":"Comment","target":["https:\/\/metropolitanonews.mx\/?p=1108#respond"]}]},{"@type":"WebPage","@id":"https:\/\/metropolitanonews.mx\/?p=1108","url":"https:\/\/metropolitanonews.mx\/?p=1108","name":"LA CA\u00cdDA DE MORENA - Metropolitano News","isPartOf":{"@id":"https:\/\/metropolitanonews.mx\/#website"},"primaryImageOfPage":{"@id":"https:\/\/metropolitanonews.mx\/?p=1108#primaryimage"},"image":{"@id":"https:\/\/metropolitanonews.mx\/?p=1108#primaryimage"},"thumbnailUrl":"https:\/\/metropolitanonews.mx\/wp-content\/uploads\/2026\/05\/PHOTO-2026-05-02-07-07-34.jpg","datePublished":"2026-05-02T16:15:08+00:00","dateModified":"2026-05-02T16:15:10+00:00","author":{"@id":"https:\/\/metropolitanonews.mx\/#\/schema\/person\/5e143d068737b9206cdcb60ea7761ffa"},"description":"Ning\u00fan gobernador, ning\u00fan senador, ning\u00fan diputado y ning\u00fan funcionario de MORENA.. Hizo p\u00fablico el RESPALDO al sinaloense Rocha Moya","breadcrumb":{"@id":"https:\/\/metropolitanonews.mx\/?p=1108#breadcrumb"},"inLanguage":"es","potentialAction":[{"@type":"ReadAction","target":["https:\/\/metropolitanonews.mx\/?p=1108"]}]},{"@type":"ImageObject","inLanguage":"es","@id":"https:\/\/metropolitanonews.mx\/?p=1108#primaryimage","url":"https:\/\/metropolitanonews.mx\/wp-content\/uploads\/2026\/05\/PHOTO-2026-05-02-07-07-34.jpg","contentUrl":"https:\/\/metropolitanonews.mx\/wp-content\/uploads\/2026\/05\/PHOTO-2026-05-02-07-07-34.jpg","width":1179,"height":1160},{"@type":"BreadcrumbList","@id":"https:\/\/metropolitanonews.mx\/?p=1108#breadcrumb","itemListElement":[{"@type":"ListItem","position":1,"name":"Portada","item":"https:\/\/metropolitanonews.mx\/"},{"@type":"ListItem","position":2,"name":"LA CA\u00cdDA DE MORENA"}]},{"@type":"WebSite","@id":"https:\/\/metropolitanonews.mx\/#website","url":"https:\/\/metropolitanonews.mx\/","name":"Metropolitano News","description":"","potentialAction":[{"@type":"SearchAction","target":{"@type":"EntryPoint","urlTemplate":"https:\/\/metropolitanonews.mx\/?s={search_term_string}"},"query-input":{"@type":"PropertyValueSpecification","valueRequired":true,"valueName":"search_term_string"}}],"inLanguage":"es"},{"@type":"Person","@id":"https:\/\/metropolitanonews.mx\/#\/schema\/person\/5e143d068737b9206cdcb60ea7761ffa","name":"Redaccion","image":{"@type":"ImageObject","inLanguage":"es","@id":"https:\/\/secure.gravatar.com\/avatar\/a121e7ba078b27046b6a11dd9ec39512b64e27b6dca4ff1e7d54167208093ba8?s=96&d=mm&r=ga2145a6ac8df3cd2db9e7e95baa980ec","url":"https:\/\/secure.gravatar.com\/avatar\/a121e7ba078b27046b6a11dd9ec39512b64e27b6dca4ff1e7d54167208093ba8?s=96&d=mm&r=g","contentUrl":"https:\/\/secure.gravatar.com\/avatar\/a121e7ba078b27046b6a11dd9ec39512b64e27b6dca4ff1e7d54167208093ba8?s=96&d=mm&r=g","caption":"Redaccion"},"sameAs":["http:\/\/metrpolinatonews.mx"],"url":"https:\/\/metropolitanonews.mx\/?author=12"}]}},"jetpack_featured_media_url":"https:\/\/metropolitanonews.mx\/wp-content\/uploads\/2026\/05\/PHOTO-2026-05-02-07-07-34.jpg","jetpack_sharing_enabled":true,"authors":[{"term_id":72,"user_id":12,"is_guest":0,"slug":"redaccion","display_name":"Redaccion","avatar_url":"https:\/\/secure.gravatar.com\/avatar\/a121e7ba078b27046b6a11dd9ec39512b64e27b6dca4ff1e7d54167208093ba8?s=96&d=mm&r=g","0":null,"1":"","2":"","3":"","4":"","5":"","6":"","7":"","8":""}],"_links":{"self":[{"href":"https:\/\/metropolitanonews.mx\/index.php?rest_route=\/wp\/v2\/posts\/1108","targetHints":{"allow":["GET"]}}],"collection":[{"href":"https:\/\/metropolitanonews.mx\/index.php?rest_route=\/wp\/v2\/posts"}],"about":[{"href":"https:\/\/metropolitanonews.mx\/index.php?rest_route=\/wp\/v2\/types\/post"}],"author":[{"embeddable":true,"href":"https:\/\/metropolitanonews.mx\/index.php?rest_route=\/wp\/v2\/users\/12"}],"replies":[{"embeddable":true,"href":"https:\/\/metropolitanonews.mx\/index.php?rest_route=%2Fwp%2Fv2%2Fcomments&post=1108"}],"version-history":[{"count":1,"href":"https:\/\/metropolitanonews.mx\/index.php?rest_route=\/wp\/v2\/posts\/1108\/revisions"}],"predecessor-version":[{"id":1110,"href":"https:\/\/metropolitanonews.mx\/index.php?rest_route=\/wp\/v2\/posts\/1108\/revisions\/1110"}],"wp:featuredmedia":[{"embeddable":true,"href":"https:\/\/metropolitanonews.mx\/index.php?rest_route=\/wp\/v2\/media\/1109"}],"wp:attachment":[{"href":"https:\/\/metropolitanonews.mx\/index.php?rest_route=%2Fwp%2Fv2%2Fmedia&parent=1108"}],"wp:term":[{"taxonomy":"category","embeddable":true,"href":"https:\/\/metropolitanonews.mx\/index.php?rest_route=%2Fwp%2Fv2%2Fcategories&post=1108"},{"taxonomy":"post_tag","embeddable":true,"href":"https:\/\/metropolitanonews.mx\/index.php?rest_route=%2Fwp%2Fv2%2Ftags&post=1108"},{"taxonomy":"author","embeddable":true,"href":"https:\/\/metropolitanonews.mx\/index.php?rest_route=%2Fwp%2Fv2%2Fppma_author&post=1108"}],"curies":[{"name":"wp","href":"https:\/\/api.w.org\/{rel}","templated":true}]}}