{"id":1103,"date":"2026-05-01T07:49:24","date_gmt":"2026-05-01T13:49:24","guid":{"rendered":"https:\/\/metropolitanonews.mx\/?p=1103"},"modified":"2026-05-01T07:49:26","modified_gmt":"2026-05-01T13:49:26","slug":"concluye-una-semana-horribilis-para-sheinbaum-nahle-y-morena","status":"publish","type":"post","link":"https:\/\/metropolitanonews.mx\/?p=1103","title":{"rendered":"Concluye una semana \u201chorribilis\u201d para Sheinbaum, Nahle\u2026 y Morena"},"content":{"rendered":"\n<p><strong>Prosa Aprisa<br>Arturo Reyes Isidoro<\/strong><\/p>\n\n\n\n<p>La que termina ha sido una semana verdaderamente horribilis (como dijera la Reina Isabel II del a\u00f1o 1992 para su pa\u00eds) para Morena en general y para la presidenta Claudia Sheinbaum y la gobernadora Roc\u00edo Nahle en particular. Con diferencia de horas recibieron golpes que las cimbraron y cimbraron a sus gobiernos y ponen en riesgo un buen resultado en las elecciones dentro de 12 meses.<\/p>\n\n\n\n<p>En lo local, pienso que la gobernadora debiera hacer un alto, tomarse el tiempo necesario para hacer una reflexi\u00f3n en forma autocr\u00edtica de c\u00f3mo va y darle una fuerte sacudida al equipo de colaboradores que tiene, as\u00ed como tambi\u00e9n meter la mano a fondo en su partido para hacer un cambio en la dirigencia y colocar a gente suya que tenga capacidad de liderazgo con el prop\u00f3sito de lograr una unidad de la que hablan todos ellos pero que no tienen en los hechos.<\/p>\n\n\n\n<p>No es la prensa cr\u00edtica, independiente, plural, que no le gusta; no es la oposici\u00f3n; no son los pocos cr\u00edticos y autocr\u00edticos de adentro como Manuel Huerta los que con apenas d\u00edas de diferencia la alertaron y le dijeron que va mal su administraci\u00f3n o que no va bien como ella pudiera pensar: el secretario de Gobierno, Ricardo Ahued, estall\u00f3, dio un fuerte manotazo, \u201cque se escuch\u00f3 en todo el palacio\u201d contra \u201cun grupo de (funcionarios) ineptos que no est\u00e1n sirviendo\u201d, es decir, compa\u00f1eros suyos, que ella nombr\u00f3.<\/p>\n\n\n\n<p>La verdadera lealtad se demuestra dici\u00e9ndole la verdad al superior, o a la jefa, aunque se enoje de momento. Hacerlo, adem\u00e1s, requiere de valent\u00eda y honestidad. \u00c9l tuvo y tiene las cualidades para hacerlo y lo hizo. Un hombre que le sirve, que le tiene aprecio, agradecimiento y que le es leal no puede ser ignorado. No solo hay ineptitud en el gobierno, sino tambi\u00e9n desconocimiento, inexperiencia, improvisaci\u00f3n, deshonestidad (ocupar un cargo para el que no se est\u00e1 preparado es una forma de deshonestidad) y ambici\u00f3n por los cargos y el bot\u00edn que ellos les representan, y por eso se dan todos los d\u00edas con todo lo que tienen a la mano, solo falta que se agarren a cubetazo limpio.<\/p>\n\n\n\n<p><strong>\u201cEl tiempo pasa\u201d, ha advertido Ahued<\/strong><\/p>\n\n\n\n<p>Ricardo, dos veces alcalde de Xalapa, sabe muy bien de tiempos pol\u00edticos y les record\u00f3 a todos esos \u201cineptos\u201d y a quienes deban tomar nota que \u201cel tiempo pasa, los gobiernos pasan, que nosotros venimos de paso y tenemos que ayudar a la gobernadora\u201d. En efecto, as\u00ed es. Ya solo les restan cuatro a\u00f1os y medio para que termine la administraci\u00f3n, sin tomar en cuenta la elecci\u00f3n de diputados en 2027, la de nuevos alcaldes en 2029 y la de la gubernatura en 2030.<\/p>\n\n\n\n<p>La gobernadora dijo que conoce al profesor Atanasio Garc\u00eda Dur\u00e1n desde antes de que conociera a su hijo Cuitl\u00e1huac Garc\u00eda Jim\u00e9nez. Tata Nacho, no se olvide, fue incluso diputado local del PRD y presidente de la mesa directiva de la LX Legislatura del Estado, posici\u00f3n que alcanz\u00f3 con todo el apoyo del entonces gobernador Fidel Herrera Beltr\u00e1n, quien, seg\u00fan versiones, al mismo tiempo le dio una beca a su hijo Cuitl\u00e1huac Garc\u00eda Jim\u00e9nez para que fuera a estudiar a Europa.<\/p>\n\n\n\n<p>O sea, no es un improvisado en la pol\u00edtica. Siendo indulgente con \u00e9l, se puede decir que las reporteras lo agarraron \u201cfr\u00edo\u201d a la hora de declarar. El video lo muestra sereno, lo \u00fanico s\u00ed es que cay\u00f3 en el recurso de mis compa\u00f1eras periodistas, quienes le hicieron preguntas con respuestas, algo as\u00ed como con las bolas ensalivadas que le tira el pitcher al bateador y lo poncha (como en sus mejores tiempos lo hac\u00eda el inolvidable maestro Alfonso Valencia R\u00edos): \u00bfverdad que esto y lo otro? El otro: s\u00ed, o no. \u00c9l dijo que s\u00ed. \u201cCuando empez\u00f3 a decirse eso (que s\u00ed afecta a Veracruz que la gobernadora no sea originaria del estado) yo no lo cre\u00eda, pero ahora lo creo firmemente\u201d. Remat\u00f3 con un \u201cse desconoce (la situaci\u00f3n del estado) y no se tiene la visi\u00f3n que se debe\u201d.<\/p>\n\n\n\n<p><strong>\u00bfMinti\u00f3 Atanasio con lo que declar\u00f3?<\/strong><\/p>\n\n\n\n<p>\u00bfCometi\u00f3 un grave pecado? M\u00e1s all\u00e1 de las pasiones que animan a unos y a otros, de los intereses, de las preferencias, de las simpat\u00edas, \u00bfminti\u00f3? Ah\u00ed est\u00e1 el quid del asunto. Lo \u00fanico que hizo fue confirmar la reservas que tuvieron miles de veracruzanos cuando se formaliz\u00f3 la candidatura de una persona no nativa de Veracruz, que ya en el poder la gobernadora no ha podido o no ha querido borrar, manteni\u00e9ndose lejos de los veracruzanos a partir de que escogi\u00f3 vivir en una mansi\u00f3n de 30 mil pesos la renta al mes (ha dicho) en un fraccionamiento exclusivo de Boca del R\u00edo solo para ricos o millonarios.<\/p>\n\n\n\n<p>Desde un inic\u00edo debi\u00f3 legitimarse con los veracruzanos para que la vieran como los suyos. Para el colmo de su situaci\u00f3n, trajo a fuere\u00f1os, tambi\u00e9n alejados de los veracruzanos, para ocupar los principales cargos, con la excepci\u00f3n de Ricardo Ahued. Lo que dijo Atanasio es lo que contin\u00faan diciendo miles de veracruzanos. \u00bfTambi\u00e9n minti\u00f3 cuando se\u00f1al\u00f3 que el eslogan \u201cPor amor a Veracruz\u201d no alcanza para mejorar las condiciones del estado?<\/p>\n\n\n\n<p><strong>Dijo lo que piensa, en su familia incluyendo a Cuitl\u00e1huac<\/strong><\/p>\n\n\n\n<p>La defensa del gobierno de su hijo es comprensible. La hizo como padre. Los veracruzanos, creo que con la excepci\u00f3n de muy pocos, s\u00ed consideran que ha sido el peor gobernador que ha tenido el estado. Pero la cr\u00edtica que hizo de la gobernadora sin duda es la de su familia, incluyendo a Cuitl\u00e1huac. Lo deben platicar en su mesa, y \u00e9l solo dijo lo que piensa y cree, creo que sin pensar en la dimensi\u00f3n de lo que dec\u00eda ni en el esc\u00e1ndalo que iba a desatar ni el golpe que significaba para su partido. Tal vez tra\u00eda cargando sus deseos de justificar a su v\u00e1stago cuando las reporteras le dieron la oportunidad para desahogarse, algo as\u00ed como vio caballo y se le ofreci\u00f3 viaje.<\/p>\n\n\n\n<p>Hizo bien la gobernadora en expresar su respeto por \u00e9l, \u201cmucho\u201d, y por lo que dijo, \u201ces su opini\u00f3n, no hay divisi\u00f3n\u201d, pero lo mejor hubiera sido ir m\u00e1s all\u00e1: de inmediato lo hubiera invitado al despacho oficial a tomar caf\u00e9 para que les tomaran una foto juntos y demostrar, con im\u00e1genes, que hay diferencia de opiniones pero entendimiento, que lleva a la unidad.<\/p>\n\n\n\n<p>Las de Ahued y Atanasio deben ser dos se\u00f1ales de alerta, dos focos amarillos o rojos, dos advertencias que la gobernadora no debe desde\u00f1ar. Es ella y su futuro pol\u00edtico o es el fracaso.<\/p>\n\n\n\n<p><strong>Roc\u00edo no pudo llegar a Huayacocotla, por las \u201ccondiciones climatol\u00f3gicas\u201d<\/strong><\/p>\n\n\n\n<p>Siempre no, la gobernadora Nahle no pudo llegar a Huayacocotla debido a las condiciones climatol\u00f3gicas, seg\u00fan un bolet\u00edn oficial. Ni modos. De todos modos, envi\u00f3 un mensaje en el que asegur\u00f3 que la zona norte de Veracruz no se ha olvidado ni se va a olvidar y que este jueves se dar\u00eda el banderazo de inicio de puentes y carreteras que se destruyeron en la pasada contingencia por las lluvias en octubre de 2025. Por lo menos, el anuncio se hizo. No vi alguna foto de alg\u00fan banderazo, ni maquinaria, ni nada que diera la idea de que, en efecto, los trabajos se iniciaron. Confiemos en que sea cierto. Si no, todos los habitantes de la sierra de Huayacocotla y de la Huasteca, que quer\u00edan exponerle la situaci\u00f3n del incumplimiento oficial que ha habido con sus comunidades, el siguiente mensaje se lo dar\u00e1n a Morena en las urnas en junio de 2027.<\/p>\n","protected":false},"excerpt":{"rendered":"<p>Prosa AprisaArturo Reyes Isidoro La que termina ha sido una semana verdaderamente horribilis (como dijera la Reina Isabel II del a\u00f1o 1992 para su pa\u00eds) para Morena en general y para la presidenta Claudia Sheinbaum y la gobernadora Roc\u00edo Nahle en particular. Con diferencia de horas recibieron golpes que las cimbraron y cimbraron a sus [&hellip;]<\/p>\n","protected":false},"author":12,"featured_media":1104,"comment_status":"open","ping_status":"open","sticky":false,"template":"","format":"standard","meta":{"_jetpack_memberships_contains_paid_content":false,"footnotes":""},"categories":[17],"tags":[91,40],"ppma_author":[72],"class_list":{"0":"post-1103","1":"post","2":"type-post","3":"status-publish","4":"format-standard","5":"has-post-thumbnail","7":"category-columnas","8":"tag-arturo-reyes-isidoro","9":"tag-veracruz"},"yoast_head":"<!-- This site is optimized with the Yoast SEO plugin v27.5 - https:\/\/yoast.com\/product\/yoast-seo-wordpress\/ -->\n<title>Concluye una semana \u201chorribilis\u201d para Sheinbaum, Nahle\u2026 y Morena - Metropolitano News<\/title>\n<meta name=\"description\" content=\"La que termina ha sido una semana verdaderamente horribilis para Morena, la presidenta Sheinbaum y la gobernadora Roc\u00edo Nahle en particular\" \/>\n<meta name=\"robots\" content=\"index, follow, max-snippet:-1, max-image-preview:large, max-video-preview:-1\" \/>\n<link rel=\"canonical\" href=\"https:\/\/metropolitanonews.mx\/?p=1103\" \/>\n<meta property=\"og:locale\" content=\"es_ES\" \/>\n<meta property=\"og:type\" content=\"article\" \/>\n<meta property=\"og:title\" content=\"Concluye una semana \u201chorribilis\u201d para Sheinbaum, Nahle\u2026 y Morena - Metropolitano News\" \/>\n<meta property=\"og:description\" content=\"La que termina ha sido una semana verdaderamente horribilis para Morena, la presidenta Sheinbaum y la gobernadora Roc\u00edo Nahle en particular\" \/>\n<meta property=\"og:url\" content=\"https:\/\/metropolitanonews.mx\/?p=1103\" \/>\n<meta property=\"og:site_name\" content=\"Metropolitano News\" \/>\n<meta property=\"article:published_time\" content=\"2026-05-01T13:49:24+00:00\" \/>\n<meta property=\"article:modified_time\" content=\"2026-05-01T13:49:26+00:00\" \/>\n<meta property=\"og:image\" content=\"https:\/\/metropolitanonews.mx\/wp-content\/uploads\/2026\/05\/19095_8.jpg\" \/>\n\t<meta property=\"og:image:width\" content=\"768\" \/>\n\t<meta property=\"og:image:height\" content=\"512\" \/>\n\t<meta property=\"og:image:type\" content=\"image\/jpeg\" \/>\n<meta name=\"author\" content=\"Redaccion\" \/>\n<meta name=\"twitter:card\" content=\"summary_large_image\" \/>\n<meta name=\"twitter:label1\" content=\"Escrito por\" \/>\n\t<meta name=\"twitter:data1\" content=\"Redaccion\" \/>\n\t<meta name=\"twitter:label2\" content=\"Tiempo de lectura\" \/>\n\t<meta name=\"twitter:data2\" content=\"6 minutos\" \/>\n<script type=\"application\/ld+json\" class=\"yoast-schema-graph\">{\"@context\":\"https:\\\/\\\/schema.org\",\"@graph\":[{\"@type\":\"Article\",\"@id\":\"https:\\\/\\\/metropolitanonews.mx\\\/?p=1103#article\",\"isPartOf\":{\"@id\":\"https:\\\/\\\/metropolitanonews.mx\\\/?p=1103\"},\"author\":{\"name\":\"Redaccion\",\"@id\":\"https:\\\/\\\/metropolitanonews.mx\\\/#\\\/schema\\\/person\\\/5e143d068737b9206cdcb60ea7761ffa\"},\"headline\":\"Concluye una semana \u201chorribilis\u201d para Sheinbaum, Nahle\u2026 y Morena\",\"datePublished\":\"2026-05-01T13:49:24+00:00\",\"dateModified\":\"2026-05-01T13:49:26+00:00\",\"mainEntityOfPage\":{\"@id\":\"https:\\\/\\\/metropolitanonews.mx\\\/?p=1103\"},\"wordCount\":1342,\"commentCount\":0,\"image\":{\"@id\":\"https:\\\/\\\/metropolitanonews.mx\\\/?p=1103#primaryimage\"},\"thumbnailUrl\":\"https:\\\/\\\/metropolitanonews.mx\\\/wp-content\\\/uploads\\\/2026\\\/05\\\/19095_8.jpg\",\"keywords\":[\"Arturo Reyes Isidoro\",\"Veracruz\"],\"articleSection\":[\"Columnas\"],\"inLanguage\":\"es\",\"potentialAction\":[{\"@type\":\"CommentAction\",\"name\":\"Comment\",\"target\":[\"https:\\\/\\\/metropolitanonews.mx\\\/?p=1103#respond\"]}]},{\"@type\":\"WebPage\",\"@id\":\"https:\\\/\\\/metropolitanonews.mx\\\/?p=1103\",\"url\":\"https:\\\/\\\/metropolitanonews.mx\\\/?p=1103\",\"name\":\"Concluye una semana \u201chorribilis\u201d para Sheinbaum, Nahle\u2026 y Morena - Metropolitano News\",\"isPartOf\":{\"@id\":\"https:\\\/\\\/metropolitanonews.mx\\\/#website\"},\"primaryImageOfPage\":{\"@id\":\"https:\\\/\\\/metropolitanonews.mx\\\/?p=1103#primaryimage\"},\"image\":{\"@id\":\"https:\\\/\\\/metropolitanonews.mx\\\/?p=1103#primaryimage\"},\"thumbnailUrl\":\"https:\\\/\\\/metropolitanonews.mx\\\/wp-content\\\/uploads\\\/2026\\\/05\\\/19095_8.jpg\",\"datePublished\":\"2026-05-01T13:49:24+00:00\",\"dateModified\":\"2026-05-01T13:49:26+00:00\",\"author\":{\"@id\":\"https:\\\/\\\/metropolitanonews.mx\\\/#\\\/schema\\\/person\\\/5e143d068737b9206cdcb60ea7761ffa\"},\"description\":\"La que termina ha sido una semana verdaderamente horribilis para Morena, la presidenta Sheinbaum y la gobernadora Roc\u00edo Nahle en particular\",\"breadcrumb\":{\"@id\":\"https:\\\/\\\/metropolitanonews.mx\\\/?p=1103#breadcrumb\"},\"inLanguage\":\"es\",\"potentialAction\":[{\"@type\":\"ReadAction\",\"target\":[\"https:\\\/\\\/metropolitanonews.mx\\\/?p=1103\"]}]},{\"@type\":\"ImageObject\",\"inLanguage\":\"es\",\"@id\":\"https:\\\/\\\/metropolitanonews.mx\\\/?p=1103#primaryimage\",\"url\":\"https:\\\/\\\/metropolitanonews.mx\\\/wp-content\\\/uploads\\\/2026\\\/05\\\/19095_8.jpg\",\"contentUrl\":\"https:\\\/\\\/metropolitanonews.mx\\\/wp-content\\\/uploads\\\/2026\\\/05\\\/19095_8.jpg\",\"width\":768,\"height\":512},{\"@type\":\"BreadcrumbList\",\"@id\":\"https:\\\/\\\/metropolitanonews.mx\\\/?p=1103#breadcrumb\",\"itemListElement\":[{\"@type\":\"ListItem\",\"position\":1,\"name\":\"Portada\",\"item\":\"https:\\\/\\\/metropolitanonews.mx\\\/\"},{\"@type\":\"ListItem\",\"position\":2,\"name\":\"Concluye una semana \u201chorribilis\u201d para Sheinbaum, Nahle\u2026 y Morena\"}]},{\"@type\":\"WebSite\",\"@id\":\"https:\\\/\\\/metropolitanonews.mx\\\/#website\",\"url\":\"https:\\\/\\\/metropolitanonews.mx\\\/\",\"name\":\"Metropolitano News\",\"description\":\"\",\"potentialAction\":[{\"@type\":\"SearchAction\",\"target\":{\"@type\":\"EntryPoint\",\"urlTemplate\":\"https:\\\/\\\/metropolitanonews.mx\\\/?s={search_term_string}\"},\"query-input\":{\"@type\":\"PropertyValueSpecification\",\"valueRequired\":true,\"valueName\":\"search_term_string\"}}],\"inLanguage\":\"es\"},{\"@type\":\"Person\",\"@id\":\"https:\\\/\\\/metropolitanonews.mx\\\/#\\\/schema\\\/person\\\/5e143d068737b9206cdcb60ea7761ffa\",\"name\":\"Redaccion\",\"image\":{\"@type\":\"ImageObject\",\"inLanguage\":\"es\",\"@id\":\"https:\\\/\\\/secure.gravatar.com\\\/avatar\\\/a121e7ba078b27046b6a11dd9ec39512b64e27b6dca4ff1e7d54167208093ba8?s=96&d=mm&r=ga2145a6ac8df3cd2db9e7e95baa980ec\",\"url\":\"https:\\\/\\\/secure.gravatar.com\\\/avatar\\\/a121e7ba078b27046b6a11dd9ec39512b64e27b6dca4ff1e7d54167208093ba8?s=96&d=mm&r=g\",\"contentUrl\":\"https:\\\/\\\/secure.gravatar.com\\\/avatar\\\/a121e7ba078b27046b6a11dd9ec39512b64e27b6dca4ff1e7d54167208093ba8?s=96&d=mm&r=g\",\"caption\":\"Redaccion\"},\"sameAs\":[\"http:\\\/\\\/metrpolinatonews.mx\"],\"url\":\"https:\\\/\\\/metropolitanonews.mx\\\/?author=12\"}]}<\/script>\n<!-- \/ Yoast SEO plugin. -->","yoast_head_json":{"title":"Concluye una semana \u201chorribilis\u201d para Sheinbaum, Nahle\u2026 y Morena - Metropolitano News","description":"La que termina ha sido una semana verdaderamente horribilis para Morena, la presidenta Sheinbaum y la gobernadora Roc\u00edo Nahle en particular","robots":{"index":"index","follow":"follow","max-snippet":"max-snippet:-1","max-image-preview":"max-image-preview:large","max-video-preview":"max-video-preview:-1"},"canonical":"https:\/\/metropolitanonews.mx\/?p=1103","og_locale":"es_ES","og_type":"article","og_title":"Concluye una semana \u201chorribilis\u201d para Sheinbaum, Nahle\u2026 y Morena - Metropolitano News","og_description":"La que termina ha sido una semana verdaderamente horribilis para Morena, la presidenta Sheinbaum y la gobernadora Roc\u00edo Nahle en particular","og_url":"https:\/\/metropolitanonews.mx\/?p=1103","og_site_name":"Metropolitano News","article_published_time":"2026-05-01T13:49:24+00:00","article_modified_time":"2026-05-01T13:49:26+00:00","og_image":[{"width":768,"height":512,"url":"https:\/\/metropolitanonews.mx\/wp-content\/uploads\/2026\/05\/19095_8.jpg","type":"image\/jpeg"}],"author":"Redaccion","twitter_card":"summary_large_image","twitter_misc":{"Escrito por":"Redaccion","Tiempo de lectura":"6 minutos"},"schema":{"@context":"https:\/\/schema.org","@graph":[{"@type":"Article","@id":"https:\/\/metropolitanonews.mx\/?p=1103#article","isPartOf":{"@id":"https:\/\/metropolitanonews.mx\/?p=1103"},"author":{"name":"Redaccion","@id":"https:\/\/metropolitanonews.mx\/#\/schema\/person\/5e143d068737b9206cdcb60ea7761ffa"},"headline":"Concluye una semana \u201chorribilis\u201d para Sheinbaum, Nahle\u2026 y Morena","datePublished":"2026-05-01T13:49:24+00:00","dateModified":"2026-05-01T13:49:26+00:00","mainEntityOfPage":{"@id":"https:\/\/metropolitanonews.mx\/?p=1103"},"wordCount":1342,"commentCount":0,"image":{"@id":"https:\/\/metropolitanonews.mx\/?p=1103#primaryimage"},"thumbnailUrl":"https:\/\/metropolitanonews.mx\/wp-content\/uploads\/2026\/05\/19095_8.jpg","keywords":["Arturo Reyes Isidoro","Veracruz"],"articleSection":["Columnas"],"inLanguage":"es","potentialAction":[{"@type":"CommentAction","name":"Comment","target":["https:\/\/metropolitanonews.mx\/?p=1103#respond"]}]},{"@type":"WebPage","@id":"https:\/\/metropolitanonews.mx\/?p=1103","url":"https:\/\/metropolitanonews.mx\/?p=1103","name":"Concluye una semana \u201chorribilis\u201d para Sheinbaum, Nahle\u2026 y Morena - Metropolitano News","isPartOf":{"@id":"https:\/\/metropolitanonews.mx\/#website"},"primaryImageOfPage":{"@id":"https:\/\/metropolitanonews.mx\/?p=1103#primaryimage"},"image":{"@id":"https:\/\/metropolitanonews.mx\/?p=1103#primaryimage"},"thumbnailUrl":"https:\/\/metropolitanonews.mx\/wp-content\/uploads\/2026\/05\/19095_8.jpg","datePublished":"2026-05-01T13:49:24+00:00","dateModified":"2026-05-01T13:49:26+00:00","author":{"@id":"https:\/\/metropolitanonews.mx\/#\/schema\/person\/5e143d068737b9206cdcb60ea7761ffa"},"description":"La que termina ha sido una semana verdaderamente horribilis para Morena, la presidenta Sheinbaum y la gobernadora Roc\u00edo Nahle en particular","breadcrumb":{"@id":"https:\/\/metropolitanonews.mx\/?p=1103#breadcrumb"},"inLanguage":"es","potentialAction":[{"@type":"ReadAction","target":["https:\/\/metropolitanonews.mx\/?p=1103"]}]},{"@type":"ImageObject","inLanguage":"es","@id":"https:\/\/metropolitanonews.mx\/?p=1103#primaryimage","url":"https:\/\/metropolitanonews.mx\/wp-content\/uploads\/2026\/05\/19095_8.jpg","contentUrl":"https:\/\/metropolitanonews.mx\/wp-content\/uploads\/2026\/05\/19095_8.jpg","width":768,"height":512},{"@type":"BreadcrumbList","@id":"https:\/\/metropolitanonews.mx\/?p=1103#breadcrumb","itemListElement":[{"@type":"ListItem","position":1,"name":"Portada","item":"https:\/\/metropolitanonews.mx\/"},{"@type":"ListItem","position":2,"name":"Concluye una semana \u201chorribilis\u201d para Sheinbaum, Nahle\u2026 y Morena"}]},{"@type":"WebSite","@id":"https:\/\/metropolitanonews.mx\/#website","url":"https:\/\/metropolitanonews.mx\/","name":"Metropolitano News","description":"","potentialAction":[{"@type":"SearchAction","target":{"@type":"EntryPoint","urlTemplate":"https:\/\/metropolitanonews.mx\/?s={search_term_string}"},"query-input":{"@type":"PropertyValueSpecification","valueRequired":true,"valueName":"search_term_string"}}],"inLanguage":"es"},{"@type":"Person","@id":"https:\/\/metropolitanonews.mx\/#\/schema\/person\/5e143d068737b9206cdcb60ea7761ffa","name":"Redaccion","image":{"@type":"ImageObject","inLanguage":"es","@id":"https:\/\/secure.gravatar.com\/avatar\/a121e7ba078b27046b6a11dd9ec39512b64e27b6dca4ff1e7d54167208093ba8?s=96&d=mm&r=ga2145a6ac8df3cd2db9e7e95baa980ec","url":"https:\/\/secure.gravatar.com\/avatar\/a121e7ba078b27046b6a11dd9ec39512b64e27b6dca4ff1e7d54167208093ba8?s=96&d=mm&r=g","contentUrl":"https:\/\/secure.gravatar.com\/avatar\/a121e7ba078b27046b6a11dd9ec39512b64e27b6dca4ff1e7d54167208093ba8?s=96&d=mm&r=g","caption":"Redaccion"},"sameAs":["http:\/\/metrpolinatonews.mx"],"url":"https:\/\/metropolitanonews.mx\/?author=12"}]}},"jetpack_featured_media_url":"https:\/\/metropolitanonews.mx\/wp-content\/uploads\/2026\/05\/19095_8.jpg","jetpack_sharing_enabled":true,"authors":[{"term_id":72,"user_id":12,"is_guest":0,"slug":"redaccion","display_name":"Redaccion","avatar_url":"https:\/\/secure.gravatar.com\/avatar\/a121e7ba078b27046b6a11dd9ec39512b64e27b6dca4ff1e7d54167208093ba8?s=96&d=mm&r=g","0":null,"1":"","2":"","3":"","4":"","5":"","6":"","7":"","8":""}],"_links":{"self":[{"href":"https:\/\/metropolitanonews.mx\/index.php?rest_route=\/wp\/v2\/posts\/1103","targetHints":{"allow":["GET"]}}],"collection":[{"href":"https:\/\/metropolitanonews.mx\/index.php?rest_route=\/wp\/v2\/posts"}],"about":[{"href":"https:\/\/metropolitanonews.mx\/index.php?rest_route=\/wp\/v2\/types\/post"}],"author":[{"embeddable":true,"href":"https:\/\/metropolitanonews.mx\/index.php?rest_route=\/wp\/v2\/users\/12"}],"replies":[{"embeddable":true,"href":"https:\/\/metropolitanonews.mx\/index.php?rest_route=%2Fwp%2Fv2%2Fcomments&post=1103"}],"version-history":[{"count":1,"href":"https:\/\/metropolitanonews.mx\/index.php?rest_route=\/wp\/v2\/posts\/1103\/revisions"}],"predecessor-version":[{"id":1105,"href":"https:\/\/metropolitanonews.mx\/index.php?rest_route=\/wp\/v2\/posts\/1103\/revisions\/1105"}],"wp:featuredmedia":[{"embeddable":true,"href":"https:\/\/metropolitanonews.mx\/index.php?rest_route=\/wp\/v2\/media\/1104"}],"wp:attachment":[{"href":"https:\/\/metropolitanonews.mx\/index.php?rest_route=%2Fwp%2Fv2%2Fmedia&parent=1103"}],"wp:term":[{"taxonomy":"category","embeddable":true,"href":"https:\/\/metropolitanonews.mx\/index.php?rest_route=%2Fwp%2Fv2%2Fcategories&post=1103"},{"taxonomy":"post_tag","embeddable":true,"href":"https:\/\/metropolitanonews.mx\/index.php?rest_route=%2Fwp%2Fv2%2Ftags&post=1103"},{"taxonomy":"author","embeddable":true,"href":"https:\/\/metropolitanonews.mx\/index.php?rest_route=%2Fwp%2Fv2%2Fppma_author&post=1103"}],"curies":[{"name":"wp","href":"https:\/\/api.w.org\/{rel}","templated":true}]}}