{"id":1089,"date":"2026-04-28T22:44:05","date_gmt":"2026-04-29T04:44:05","guid":{"rendered":"https:\/\/metropolitanonews.mx\/?p=1089"},"modified":"2026-04-28T22:44:07","modified_gmt":"2026-04-29T04:44:07","slug":"padre-de-cuitlahuac-considera-un-error-la-llegada-de-nahle-al-gobierno-su-hijo-se-deslinda","status":"publish","type":"post","link":"https:\/\/metropolitanonews.mx\/?p=1089","title":{"rendered":"Padre de Cuitl\u00e1huac considera un error la llegada de Nahle al Gobierno; su hijo se deslinda"},"content":{"rendered":"\n<p><strong>Prosa aprisa<br>Arturo Reyes Isidoro<\/strong><\/p>\n\n\n\n<p>Dicen que los ni\u00f1os y los borrachos dicen la verdad. Este refr\u00e1n popular sugiere que tanto los ni\u00f1os, por su ingenuidad, como los borrachos, por la p\u00e9rdida de inhibiciones, expresan lo que piensan sin filtros sociales ni mentiras. Se basa en que la falta de autocontrol o la inocencia liberan la verdad, a menudo con un tono indiscreto pero honesto. Esta explicaci\u00f3n general la tomo de Inteligencia Artificial (IA).<\/p>\n\n\n\n<p>Cuando el profesor Atanasio Garc\u00eda Dur\u00e1n dijo este martes lo que de inmediato pas\u00f3 a ser hist\u00f3rico, por quien es y por lo que declar\u00f3, sobre lo que piensa acerca de la llegada de Roc\u00edo Nahle al Gobierno del Estado, no estaba borracho ni lo hizo con la inocencia de un ni\u00f1o, quiero creer que le destrab\u00f3 el resorte verbal un peque\u00f1o grupo de avispadas reporteras cuando le preguntaron sobre la opini\u00f3n de que su hijo, Cuitl\u00e1huac Garc\u00eda Jim\u00e9nez, ha sido el peor gobernador de la historia.<\/p>\n\n\n\n<p>Reaccion\u00f3 como cualquier buen padre que protege a su hijo y sali\u00f3 en su defensa, lo que, por otro lado, ning\u00fan otro integrante de la corriente cuitlahuista, ni funcionario actual o exfuncionario, ni diputados o exdiputados federales y locales hab\u00edan hecho con tal contundencia no obstante que muchos de ellos se enriquecieron a su sombra y otros siguen viviendo a la sombra del poder en el que los introdujo. Ya encarrerado, ante lo incisivo de las periodistas, se sigui\u00f3 de largo.<\/p>\n\n\n\n<p><strong>Por su origen, no entiende las necesidades de Veracruz<\/strong><\/p>\n\n\n\n<p>Ah\u00ed encendi\u00f3 la lumbre que se convirti\u00f3 en una verdadera conflagraci\u00f3n pol\u00edtica cuando dijo que cree \u201cfirmemente\u201d que el hecho de que Roc\u00edo Nahle no sea originaria de Veracruz est\u00e1 influyendo en la falta de comprensi\u00f3n sobre las necesidades de la entidad. \u201cCuando empez\u00f3 a decirse eso yo no lo cre\u00eda, pero ahora lo creo firmemente; se desconoce y no se tiene la visi\u00f3n que se debe\u201d, y apunt\u00f3 que la frase \u201cPor amor a Veracruz\u201d, el eslogan oficial del gobierno de Nahle no alcanza para mejorar las condiciones del Estado.<\/p>\n\n\n\n<p>Aprovech\u00f3 para refutar, aunque en forma indirecta, la versi\u00f3n de la gobernadora de que ha pagado y reducido la deuda del estado. Expres\u00f3 que por lo que respecta al Nido del Halc\u00f3n no hay una deuda con cargo a esa obra porque se financi\u00f3 con recursos del Estado, con ahorros del Estado, y que la prueba est\u00e1 en que el gobierno de Cuitl\u00e1huac incluso redujo la deuda porque realiz\u00f3 un recorte presupuestal, empezando por su salario, \u201cyo creo que fue el gobernador que menor ingreso tuvo como salario de gobernador\u201d.<\/p>\n\n\n\n<p><strong>\u201cLe falta visi\u00f3n, conocimiento del estado\u201d<\/strong><\/p>\n\n\n\n<p>Le preguntaron qu\u00e9 es lo que est\u00e1 faltando. \u201cVisi\u00f3n, conocimiento del estado, todo eso\u2026 veo escasa visi\u00f3n de lo que se tiene que hacer. Veracruz es un estado, yo creo que el m\u00e1s rico del pa\u00eds y los recursos que tiene no los veo que se est\u00e9n activando y destinando a lo que se tiene que hacer, sobre todo cuando se redujo la deuda y ya eso cuenta mucho\u201d, respondi\u00f3 y ante el cuestionamiento de si considera que fue un error haber confiado en la actual administraci\u00f3n, de manera categ\u00f3rica despej\u00f3 cualquier duda: \u201cPues mucha gente lo considera as\u00ed y yo me sumo a eso\u201d. Remat\u00f3 advirtiendo que el desempe\u00f1o gubernamental puede impactar directamente en el futuro electoral de Morena en Veracruz en 2027 (con informaci\u00f3n de las reporteras Ana Lilia Vel\u00e1zquez y \u00c1ngeles Gonz\u00e1lez).<\/p>\n\n\n\n<p><strong>No podr\u00e1n vernos divididos, dice Cuitl\u00e1huac<\/strong><\/p>\n\n\n\n<p>Por la noche el exgobernador Cuitl\u00e1huac Garc\u00eda Jim\u00e9nez se deslind\u00f3 de la cr\u00edtica de su padre. Poste\u00f3: \u201cComo se puede corroborar en mis posturas p\u00fablicas despu\u00e9s de mi gesti\u00f3n estatal, he sido extremadamente respetuoso del actual gobierno en Veracruz. No van a encontrar en m\u00ed, declaraci\u00f3n o postura alguna que demerite a quien obtuvo millones de votos para ejercer democr\u00e1ticamente la titularidad del ejecutivo del estado por nuestro partido morena.<\/p>\n\n\n\n<figure class=\"wp-block-image size-full\"><img loading=\"lazy\" decoding=\"async\" width=\"400\" height=\"400\" src=\"https:\/\/metropolitanonews.mx\/wp-content\/uploads\/2026\/04\/Cuic-GJ-1.jpg\" alt=\"\" class=\"wp-image-1092\" srcset=\"https:\/\/metropolitanonews.mx\/wp-content\/uploads\/2026\/04\/Cuic-GJ-1.jpg 400w, https:\/\/metropolitanonews.mx\/wp-content\/uploads\/2026\/04\/Cuic-GJ-1-300x300.jpg 300w, https:\/\/metropolitanonews.mx\/wp-content\/uploads\/2026\/04\/Cuic-GJ-1-150x150.jpg 150w\" sizes=\"auto, (max-width: 400px) 100vw, 400px\" \/><\/figure>\n\n\n\n<p>\u201cCon respecto a las declaraciones del maestro Atanasio Garc\u00eda Dur\u00e1n, mi querido y apreciado padre, coincido con lo que el Secretario de Gobierno, Don Ricardo Ahued, expres\u00f3, por fortuna en nuestro estado hay libertad de expresi\u00f3n, pero no necesariamente todos estamos obligados a compartir esos puntos de vista.<\/p>\n\n\n\n<p>\u201cRoc\u00edo y un servidor, como muchos, compartimos la lucha de un movimiento por recuperar el estado de Veracruz, ello forj\u00f3 otra realidad pol\u00edtica y una esperanza para el pueblo muy diferente a lo que nuestros antecesores hab\u00edan dejado. Por lo que debemos seguir fortaleciendo nuestro movimiento para seguir transformando Veracruz.<\/p>\n\n\n\n<p>No podr\u00e1n vernos divididos los de enfrente, al menos de mi parte no\u201d.<\/p>\n\n\n\n<p><strong>Ahued fue el primero en reaccionar<\/strong><\/p>\n\n\n\n<p>Ante la rebambaramba que se arm\u00f3, m\u00e1s tarde sali\u00f3 en las redes sociales el secretario de Gobierno, Ricardo Ahued, en defensa de la gobernadora. \u00abSiempre he sido respetuoso de la libertad de expresi\u00f3n; en esta ocasi\u00f3n ejerzo la m\u00eda y repruebo contundentemente las declaraciones del d\u00eda de hoy del Mtro. Atanasio Garc\u00eda Dur\u00e1n\u00bb. \u201cSeguramente Veracruz abriga muchos retos, pero ella ha demostrado que es incansable; es una mujer guerrera, resiste los embates y las injurias\u00bb. Luego de hacer algunas consideraciones, remat\u00f3: \u201cPor eso, y en aras del respeto que le tengo a usted, Maestro, rechazo las opiniones vertidas el d\u00eda de hoy en contra de nuestra gobernadora\u201d.<\/p>\n\n\n\n<figure class=\"wp-block-image size-full\"><img loading=\"lazy\" decoding=\"async\" width=\"432\" height=\"478\" src=\"https:\/\/metropolitanonews.mx\/wp-content\/uploads\/2026\/04\/ricardo-ab.jpg\" alt=\"\" class=\"wp-image-1093\" srcset=\"https:\/\/metropolitanonews.mx\/wp-content\/uploads\/2026\/04\/ricardo-ab.jpg 432w, https:\/\/metropolitanonews.mx\/wp-content\/uploads\/2026\/04\/ricardo-ab-271x300.jpg 271w, https:\/\/metropolitanonews.mx\/wp-content\/uploads\/2026\/04\/ricardo-ab-380x420.jpg 380w, https:\/\/metropolitanonews.mx\/wp-content\/uploads\/2026\/04\/ricardo-ab-150x166.jpg 150w, https:\/\/metropolitanonews.mx\/wp-content\/uploads\/2026\/04\/ricardo-ab-300x332.jpg 300w\" sizes=\"auto, (max-width: 432px) 100vw, 432px\" \/><\/figure>\n\n\n\n<p><strong>Y luego lo hicieron Esteban Bautista y Hern\u00e1ndez Espejo<\/strong><\/p>\n\n\n\n<p>Otro que sali\u00f3 en defensa de Nahle fue el diputado local Esteban Bautista Hern\u00e1ndez, presidente de la Junta de Coordinaci\u00f3n Pol\u00edtica del Congreso local. \u201cLa gobernadora Roc\u00edo Nahle ha respondido a la confianza y el respaldo de las y los veracruzanos con trabajo diario, acciones contundentes y resultados\u00bb. Dijo que: \u00abEst\u00e1 haciendo obras en todo el estado, mejor\u00f3 los servicios y no le tiembla la mano para tomar decisiones clave en momentos importantes. As\u00ed lo ha demostrado y los cambios est\u00e1n a la vista\u201d y termin\u00f3 expresando que pese a los constantes ataques de la oposici\u00f3n jam\u00e1s se convertir\u00eda \u201cen un lastre para Veracruz, para Morena, como ocurri\u00f3 con actores pol\u00edticos del pasado\u201d.<\/p>\n\n\n\n<figure class=\"wp-block-image size-full\"><img loading=\"lazy\" decoding=\"async\" width=\"447\" height=\"482\" src=\"https:\/\/metropolitanonews.mx\/wp-content\/uploads\/2026\/04\/profe-esteban.jpg\" alt=\"\" class=\"wp-image-1094\" srcset=\"https:\/\/metropolitanonews.mx\/wp-content\/uploads\/2026\/04\/profe-esteban.jpg 447w, https:\/\/metropolitanonews.mx\/wp-content\/uploads\/2026\/04\/profe-esteban-278x300.jpg 278w, https:\/\/metropolitanonews.mx\/wp-content\/uploads\/2026\/04\/profe-esteban-390x420.jpg 390w, https:\/\/metropolitanonews.mx\/wp-content\/uploads\/2026\/04\/profe-esteban-150x162.jpg 150w, https:\/\/metropolitanonews.mx\/wp-content\/uploads\/2026\/04\/profe-esteban-300x323.jpg 300w\" sizes=\"auto, (max-width: 447px) 100vw, 447px\" \/><\/figure>\n\n\n\n<p>Tambi\u00e9n reaccion\u00f3 la alcaldesa del municipio m\u00e1s importante del estado, Rosa Mar\u00eda Hern\u00e1ndez Espejo, de Veracruz, quien consider\u00f3 \u201cdesafortunadas\u201d las declaraciones de Garc\u00eda Dur\u00e1n. Expres\u00f3 que en nada abonan a la unidad y, en cambio, ayudan a quienes buscan dividir al movimiento de la transformaci\u00f3n. \u201cNo es momento de confundir, ni de confrontar al pueblo de Veracruz\u201d. Manifest\u00f3 su firme respaldo a Nahle.<\/p>\n\n\n\n<p>Atanasio Garc\u00eda Dur\u00e1n asisti\u00f3 al Congreso para estar presente en la entrega de una iniciativa para adicionar al nombre de la Escuela Normal Veracruzana el concepto \u201cCentenaria\u201d, que present\u00f3 el diputado Jos\u00e9 Reveriano Mar\u00edn Hern\u00e1ndez. Ah\u00ed estaba, tranquilo, cuando se le acerc\u00f3 una reportera que le empez\u00f3 a hacer preguntas a la que luego se le sumaron otras tres, cuatro, y del grupo sali\u00f3 la pregunta que dio pie a la respuesta que cimbr\u00f3 pol\u00edticamente por la tarde a todo Veracruz.<\/p>\n\n\n\n<p><strong>Atanasio defiende el Nido del Halc\u00f3n y a su hijo<\/strong><\/p>\n\n\n\n<p>En defensa de su hijo, defendi\u00f3 la construcci\u00f3n del llamado Nido del Halc\u00f3n, un recinto de basquetbol profesional en Xalapa, pero que tambi\u00e9n puede servir para eventos art\u00edsticos y espect\u00e1culos, y rechaz\u00f3 los se\u00f1alamientos que han catalogado la obra como un \u201celefante blanco\u201d. Dijo que el recinto representa una infraestructura estrat\u00e9gica para la capital del estado que \u00fanicamente requiere ser concluida y puesta en operaci\u00f3n. Acept\u00f3 que la obra requiere algunos acabados finales, pero se\u00f1al\u00f3 que eso no justifica que se mantenga sin operar.<\/p>\n\n\n\n<p>Coment\u00f3 que el Nido fue dise\u00f1ado como un centro de grandes eventos con capacidad para 8 mil personas sentadas y con un estacionamiento para 400 veh\u00edculos, y que el proyecto fue impulsado durante la administraci\u00f3n de su hijo como respuesta a la demanda de sectores que solicitaban un recinto de esta magnitud para Xalapa, particularmente en el \u00e1mbito deportivo. Entonces cuestion\u00f3 que el actual gobierno estatal desestime la infraestructura en lugar de concluirla y ponerla en marcha. \u201cSi a m\u00ed me entregan una casa en obra negra y me dicen \u2018es para ti\u2019, \u00bfqu\u00e9 hago?, \u00bfdigo que no me gusta? No. La termino y la pongo a funcionar. Eso es lo l\u00f3gico\u201d, ejemplific\u00f3.<\/p>\n\n\n\n<p>Tambi\u00e9n rechaz\u00f3 que la obra represente una carga financiera para la administraci\u00f3n actual, al se\u00f1alar que no existe deuda vinculada al proyecto, ya que fue financiado con recursos estatales y ahorros presupuestales de la administraci\u00f3n anterior. Consider\u00f3 que detr\u00e1s de las cr\u00edticas al inmueble podr\u00eda existir \u201ccelo pol\u00edtico\u201d por las obras impulsadas durante el gobierno de su hijo, particularmente aquellas ejecutadas en Xalapa. \u201cYo veo m\u00e1s bien celo con obras que se hicieron para Xalapa. No veo que se est\u00e9n haciendo nuevas y entonces ahora dicen que esta no sirve\u201d, y de remate llam\u00f3 al gobierno estatal a actuar con mayor visi\u00f3n y compromiso con la capital veracruzana. \u201cLo que se requiere es tener una visi\u00f3n m\u00e1s amplia, tener verdadera voluntad y amor por Xalapa. Yo no veo que eso se tenga\u201d.<\/p>\n\n\n\n<p><strong>Es la m\u00e1s severa cr\u00edtica que se ha hecho contra Roc\u00edo<\/strong><\/p>\n\n\n\n<p>La de Garc\u00eda Dur\u00e1n es la m\u00e1s severa cr\u00edtica que alguien de Morena, de nivel por ser padre del exgobernador, ha hecho a la gobernadora Roc\u00edo Nahle, por encima del senador Manuel Huerta, y tan pronto se conoci\u00f3 su declaraci\u00f3n, nadie puso en duda que lo mismo que \u00e9l piensa Cuitl\u00e1huac. Sus palabras desnudaron la gran divisi\u00f3n que existe dentro de Morena entre la corriente del gobierno anterior y la de la actual administraci\u00f3n, y anticipa una lucha cerrada por la disputa de las candidaturas de su partido para diputados locales y federales el pr\u00f3ximo a\u00f1o, as\u00ed como por el control de Morena, que ahora controla el exgobernador a trav\u00e9s de su incondicional Esteban Ram\u00edrez Zepeta.<\/p>\n\n\n\n<p>A ello se agrega que como profesor normalista, as\u00ed como su esposa, todav\u00eda controlan una fuerte corriente de maestros, que seguramente hacen causa com\u00fan con lo que piensa, lo que, como advirti\u00f3, puede poner en riesgo el triunfo de Morena en 2027.<\/p>\n\n\n\n<p>La demoledora cr\u00edtica contra la gobernadora Nahle se da cuando faltan solo 12 meses y d\u00edas para las elecciones de 2027 y pr\u00e1cticamente en v\u00edsperas del cambio de dirigencia en el Comit\u00e9 Ejecutivo Nacional de Morena, precisamente porque la presidenta Claudia Sheinbaum quiere darle rumbo a su partido, que ahora navega al garete, y tratar de acabar con la divisi\u00f3n de grupos y corrientes que pone en peligro el triunfo guinda en 2027 y con consecuencias que podr\u00edan extenderse hasta 2030.<\/p>\n\n\n\n<p><strong>Se confirma la llegada de Ariadna Montiel al CEN de Morena<\/strong><\/p>\n\n\n\n<p>Al renunciar a la Secretar\u00eda del Bienestar se confirma la llegada de Ariadna Montiel a la dirigencia nacional de Morena. El anuncio lo hizo la propia presidenta Claudia Sheinbaum la noche de este martes, quien dio a conocer que en su relevo entra Leticia Ram\u00edrez.<\/p>\n\n\n\n<figure class=\"wp-block-image size-full\"><img loading=\"lazy\" decoding=\"async\" width=\"960\" height=\"640\" src=\"https:\/\/metropolitanonews.mx\/wp-content\/uploads\/2026\/04\/bienestar-copia.jpg\" alt=\"\" class=\"wp-image-1095\" srcset=\"https:\/\/metropolitanonews.mx\/wp-content\/uploads\/2026\/04\/bienestar-copia.jpg 960w, https:\/\/metropolitanonews.mx\/wp-content\/uploads\/2026\/04\/bienestar-copia-300x200.jpg 300w, https:\/\/metropolitanonews.mx\/wp-content\/uploads\/2026\/04\/bienestar-copia-768x512.jpg 768w, https:\/\/metropolitanonews.mx\/wp-content\/uploads\/2026\/04\/bienestar-copia-630x420.jpg 630w, https:\/\/metropolitanonews.mx\/wp-content\/uploads\/2026\/04\/bienestar-copia-150x100.jpg 150w, https:\/\/metropolitanonews.mx\/wp-content\/uploads\/2026\/04\/bienestar-copia-696x464.jpg 696w\" sizes=\"auto, (max-width: 960px) 100vw, 960px\" \/><\/figure>\n","protected":false},"excerpt":{"rendered":"<p>Prosa aprisaArturo Reyes Isidoro Dicen que los ni\u00f1os y los borrachos dicen la verdad. Este refr\u00e1n popular sugiere que tanto los ni\u00f1os, por su ingenuidad, como los borrachos, por la p\u00e9rdida de inhibiciones, expresan lo que piensan sin filtros sociales ni mentiras. Se basa en que la falta de autocontrol o la inocencia liberan la [&hellip;]<\/p>\n","protected":false},"author":12,"featured_media":1091,"comment_status":"open","ping_status":"open","sticky":false,"template":"","format":"standard","meta":{"_jetpack_memberships_contains_paid_content":false,"footnotes":""},"categories":[17,31],"tags":[91,40],"ppma_author":[72],"class_list":{"0":"post-1089","1":"post","2":"type-post","3":"status-publish","4":"format-standard","5":"has-post-thumbnail","7":"category-columnas","8":"category-prosaaprisa","9":"tag-arturo-reyes-isidoro","10":"tag-veracruz"},"yoast_head":"<!-- This site is optimized with the Yoast SEO plugin v27.5 - https:\/\/yoast.com\/product\/yoast-seo-wordpress\/ -->\n<title>Padre de Cuitl\u00e1huac considera un error la llegada de Nahle al Gobierno; su hijo se deslinda - Metropolitano News<\/title>\n<meta name=\"description\" content=\"La de Garc\u00eda Dur\u00e1n es la m\u00e1s severa cr\u00edtica que alguien de Morena, de nivel por ser padre del exgobernador, ha hecho a la gobernadora Roc\u00edo Nahle\" \/>\n<meta name=\"robots\" content=\"index, follow, max-snippet:-1, max-image-preview:large, max-video-preview:-1\" \/>\n<link rel=\"canonical\" href=\"https:\/\/metropolitanonews.mx\/?p=1089\" \/>\n<meta property=\"og:locale\" content=\"es_ES\" \/>\n<meta property=\"og:type\" content=\"article\" \/>\n<meta property=\"og:title\" content=\"Padre de Cuitl\u00e1huac considera un error la llegada de Nahle al Gobierno; su hijo se deslinda - Metropolitano News\" \/>\n<meta property=\"og:description\" content=\"La de Garc\u00eda Dur\u00e1n es la m\u00e1s severa cr\u00edtica que alguien de Morena, de nivel por ser padre del exgobernador, ha hecho a la gobernadora Roc\u00edo Nahle\" \/>\n<meta property=\"og:url\" content=\"https:\/\/metropolitanonews.mx\/?p=1089\" \/>\n<meta property=\"og:site_name\" content=\"Metropolitano News\" \/>\n<meta property=\"article:published_time\" content=\"2026-04-29T04:44:05+00:00\" \/>\n<meta property=\"article:modified_time\" content=\"2026-04-29T04:44:07+00:00\" \/>\n<meta property=\"og:image\" content=\"https:\/\/metropolitanonews.mx\/wp-content\/uploads\/2026\/04\/19030_8.jpg\" \/>\n\t<meta property=\"og:image:width\" content=\"800\" \/>\n\t<meta property=\"og:image:height\" content=\"600\" \/>\n\t<meta property=\"og:image:type\" content=\"image\/jpeg\" \/>\n<meta name=\"author\" content=\"Redaccion\" \/>\n<meta name=\"twitter:card\" content=\"summary_large_image\" \/>\n<meta name=\"twitter:label1\" content=\"Escrito por\" \/>\n\t<meta name=\"twitter:data1\" content=\"Redaccion\" \/>\n\t<meta name=\"twitter:label2\" content=\"Tiempo de lectura\" \/>\n\t<meta name=\"twitter:data2\" content=\"10 minutos\" \/>\n<script type=\"application\/ld+json\" class=\"yoast-schema-graph\">{\"@context\":\"https:\\\/\\\/schema.org\",\"@graph\":[{\"@type\":\"Article\",\"@id\":\"https:\\\/\\\/metropolitanonews.mx\\\/?p=1089#article\",\"isPartOf\":{\"@id\":\"https:\\\/\\\/metropolitanonews.mx\\\/?p=1089\"},\"author\":{\"name\":\"Redaccion\",\"@id\":\"https:\\\/\\\/metropolitanonews.mx\\\/#\\\/schema\\\/person\\\/5e143d068737b9206cdcb60ea7761ffa\"},\"headline\":\"Padre de Cuitl\u00e1huac considera un error la llegada de Nahle al Gobierno; su hijo se deslinda\",\"datePublished\":\"2026-04-29T04:44:05+00:00\",\"dateModified\":\"2026-04-29T04:44:07+00:00\",\"mainEntityOfPage\":{\"@id\":\"https:\\\/\\\/metropolitanonews.mx\\\/?p=1089\"},\"wordCount\":1931,\"commentCount\":0,\"image\":{\"@id\":\"https:\\\/\\\/metropolitanonews.mx\\\/?p=1089#primaryimage\"},\"thumbnailUrl\":\"https:\\\/\\\/metropolitanonews.mx\\\/wp-content\\\/uploads\\\/2026\\\/04\\\/19030_8.jpg\",\"keywords\":[\"Arturo Reyes Isidoro\",\"Veracruz\"],\"articleSection\":[\"Columnas\",\"Prosa Aprisa\"],\"inLanguage\":\"es\",\"potentialAction\":[{\"@type\":\"CommentAction\",\"name\":\"Comment\",\"target\":[\"https:\\\/\\\/metropolitanonews.mx\\\/?p=1089#respond\"]}]},{\"@type\":\"WebPage\",\"@id\":\"https:\\\/\\\/metropolitanonews.mx\\\/?p=1089\",\"url\":\"https:\\\/\\\/metropolitanonews.mx\\\/?p=1089\",\"name\":\"Padre de Cuitl\u00e1huac considera un error la llegada de Nahle al Gobierno; su hijo se deslinda - Metropolitano News\",\"isPartOf\":{\"@id\":\"https:\\\/\\\/metropolitanonews.mx\\\/#website\"},\"primaryImageOfPage\":{\"@id\":\"https:\\\/\\\/metropolitanonews.mx\\\/?p=1089#primaryimage\"},\"image\":{\"@id\":\"https:\\\/\\\/metropolitanonews.mx\\\/?p=1089#primaryimage\"},\"thumbnailUrl\":\"https:\\\/\\\/metropolitanonews.mx\\\/wp-content\\\/uploads\\\/2026\\\/04\\\/19030_8.jpg\",\"datePublished\":\"2026-04-29T04:44:05+00:00\",\"dateModified\":\"2026-04-29T04:44:07+00:00\",\"author\":{\"@id\":\"https:\\\/\\\/metropolitanonews.mx\\\/#\\\/schema\\\/person\\\/5e143d068737b9206cdcb60ea7761ffa\"},\"description\":\"La de Garc\u00eda Dur\u00e1n es la m\u00e1s severa cr\u00edtica que alguien de Morena, de nivel por ser padre del exgobernador, ha hecho a la gobernadora Roc\u00edo Nahle\",\"breadcrumb\":{\"@id\":\"https:\\\/\\\/metropolitanonews.mx\\\/?p=1089#breadcrumb\"},\"inLanguage\":\"es\",\"potentialAction\":[{\"@type\":\"ReadAction\",\"target\":[\"https:\\\/\\\/metropolitanonews.mx\\\/?p=1089\"]}]},{\"@type\":\"ImageObject\",\"inLanguage\":\"es\",\"@id\":\"https:\\\/\\\/metropolitanonews.mx\\\/?p=1089#primaryimage\",\"url\":\"https:\\\/\\\/metropolitanonews.mx\\\/wp-content\\\/uploads\\\/2026\\\/04\\\/19030_8.jpg\",\"contentUrl\":\"https:\\\/\\\/metropolitanonews.mx\\\/wp-content\\\/uploads\\\/2026\\\/04\\\/19030_8.jpg\",\"width\":800,\"height\":600},{\"@type\":\"BreadcrumbList\",\"@id\":\"https:\\\/\\\/metropolitanonews.mx\\\/?p=1089#breadcrumb\",\"itemListElement\":[{\"@type\":\"ListItem\",\"position\":1,\"name\":\"Portada\",\"item\":\"https:\\\/\\\/metropolitanonews.mx\\\/\"},{\"@type\":\"ListItem\",\"position\":2,\"name\":\"Padre de Cuitl\u00e1huac considera un error la llegada de Nahle al Gobierno; su hijo se deslinda\"}]},{\"@type\":\"WebSite\",\"@id\":\"https:\\\/\\\/metropolitanonews.mx\\\/#website\",\"url\":\"https:\\\/\\\/metropolitanonews.mx\\\/\",\"name\":\"Metropolitano News\",\"description\":\"\",\"potentialAction\":[{\"@type\":\"SearchAction\",\"target\":{\"@type\":\"EntryPoint\",\"urlTemplate\":\"https:\\\/\\\/metropolitanonews.mx\\\/?s={search_term_string}\"},\"query-input\":{\"@type\":\"PropertyValueSpecification\",\"valueRequired\":true,\"valueName\":\"search_term_string\"}}],\"inLanguage\":\"es\"},{\"@type\":\"Person\",\"@id\":\"https:\\\/\\\/metropolitanonews.mx\\\/#\\\/schema\\\/person\\\/5e143d068737b9206cdcb60ea7761ffa\",\"name\":\"Redaccion\",\"image\":{\"@type\":\"ImageObject\",\"inLanguage\":\"es\",\"@id\":\"https:\\\/\\\/secure.gravatar.com\\\/avatar\\\/a121e7ba078b27046b6a11dd9ec39512b64e27b6dca4ff1e7d54167208093ba8?s=96&d=mm&r=ga2145a6ac8df3cd2db9e7e95baa980ec\",\"url\":\"https:\\\/\\\/secure.gravatar.com\\\/avatar\\\/a121e7ba078b27046b6a11dd9ec39512b64e27b6dca4ff1e7d54167208093ba8?s=96&d=mm&r=g\",\"contentUrl\":\"https:\\\/\\\/secure.gravatar.com\\\/avatar\\\/a121e7ba078b27046b6a11dd9ec39512b64e27b6dca4ff1e7d54167208093ba8?s=96&d=mm&r=g\",\"caption\":\"Redaccion\"},\"sameAs\":[\"http:\\\/\\\/metrpolinatonews.mx\"],\"url\":\"https:\\\/\\\/metropolitanonews.mx\\\/?author=12\"}]}<\/script>\n<!-- \/ Yoast SEO plugin. -->","yoast_head_json":{"title":"Padre de Cuitl\u00e1huac considera un error la llegada de Nahle al Gobierno; su hijo se deslinda - Metropolitano News","description":"La de Garc\u00eda Dur\u00e1n es la m\u00e1s severa cr\u00edtica que alguien de Morena, de nivel por ser padre del exgobernador, ha hecho a la gobernadora Roc\u00edo Nahle","robots":{"index":"index","follow":"follow","max-snippet":"max-snippet:-1","max-image-preview":"max-image-preview:large","max-video-preview":"max-video-preview:-1"},"canonical":"https:\/\/metropolitanonews.mx\/?p=1089","og_locale":"es_ES","og_type":"article","og_title":"Padre de Cuitl\u00e1huac considera un error la llegada de Nahle al Gobierno; su hijo se deslinda - Metropolitano News","og_description":"La de Garc\u00eda Dur\u00e1n es la m\u00e1s severa cr\u00edtica que alguien de Morena, de nivel por ser padre del exgobernador, ha hecho a la gobernadora Roc\u00edo Nahle","og_url":"https:\/\/metropolitanonews.mx\/?p=1089","og_site_name":"Metropolitano News","article_published_time":"2026-04-29T04:44:05+00:00","article_modified_time":"2026-04-29T04:44:07+00:00","og_image":[{"width":800,"height":600,"url":"https:\/\/metropolitanonews.mx\/wp-content\/uploads\/2026\/04\/19030_8.jpg","type":"image\/jpeg"}],"author":"Redaccion","twitter_card":"summary_large_image","twitter_misc":{"Escrito por":"Redaccion","Tiempo de lectura":"10 minutos"},"schema":{"@context":"https:\/\/schema.org","@graph":[{"@type":"Article","@id":"https:\/\/metropolitanonews.mx\/?p=1089#article","isPartOf":{"@id":"https:\/\/metropolitanonews.mx\/?p=1089"},"author":{"name":"Redaccion","@id":"https:\/\/metropolitanonews.mx\/#\/schema\/person\/5e143d068737b9206cdcb60ea7761ffa"},"headline":"Padre de Cuitl\u00e1huac considera un error la llegada de Nahle al Gobierno; su hijo se deslinda","datePublished":"2026-04-29T04:44:05+00:00","dateModified":"2026-04-29T04:44:07+00:00","mainEntityOfPage":{"@id":"https:\/\/metropolitanonews.mx\/?p=1089"},"wordCount":1931,"commentCount":0,"image":{"@id":"https:\/\/metropolitanonews.mx\/?p=1089#primaryimage"},"thumbnailUrl":"https:\/\/metropolitanonews.mx\/wp-content\/uploads\/2026\/04\/19030_8.jpg","keywords":["Arturo Reyes Isidoro","Veracruz"],"articleSection":["Columnas","Prosa Aprisa"],"inLanguage":"es","potentialAction":[{"@type":"CommentAction","name":"Comment","target":["https:\/\/metropolitanonews.mx\/?p=1089#respond"]}]},{"@type":"WebPage","@id":"https:\/\/metropolitanonews.mx\/?p=1089","url":"https:\/\/metropolitanonews.mx\/?p=1089","name":"Padre de Cuitl\u00e1huac considera un error la llegada de Nahle al Gobierno; su hijo se deslinda - Metropolitano News","isPartOf":{"@id":"https:\/\/metropolitanonews.mx\/#website"},"primaryImageOfPage":{"@id":"https:\/\/metropolitanonews.mx\/?p=1089#primaryimage"},"image":{"@id":"https:\/\/metropolitanonews.mx\/?p=1089#primaryimage"},"thumbnailUrl":"https:\/\/metropolitanonews.mx\/wp-content\/uploads\/2026\/04\/19030_8.jpg","datePublished":"2026-04-29T04:44:05+00:00","dateModified":"2026-04-29T04:44:07+00:00","author":{"@id":"https:\/\/metropolitanonews.mx\/#\/schema\/person\/5e143d068737b9206cdcb60ea7761ffa"},"description":"La de Garc\u00eda Dur\u00e1n es la m\u00e1s severa cr\u00edtica que alguien de Morena, de nivel por ser padre del exgobernador, ha hecho a la gobernadora Roc\u00edo Nahle","breadcrumb":{"@id":"https:\/\/metropolitanonews.mx\/?p=1089#breadcrumb"},"inLanguage":"es","potentialAction":[{"@type":"ReadAction","target":["https:\/\/metropolitanonews.mx\/?p=1089"]}]},{"@type":"ImageObject","inLanguage":"es","@id":"https:\/\/metropolitanonews.mx\/?p=1089#primaryimage","url":"https:\/\/metropolitanonews.mx\/wp-content\/uploads\/2026\/04\/19030_8.jpg","contentUrl":"https:\/\/metropolitanonews.mx\/wp-content\/uploads\/2026\/04\/19030_8.jpg","width":800,"height":600},{"@type":"BreadcrumbList","@id":"https:\/\/metropolitanonews.mx\/?p=1089#breadcrumb","itemListElement":[{"@type":"ListItem","position":1,"name":"Portada","item":"https:\/\/metropolitanonews.mx\/"},{"@type":"ListItem","position":2,"name":"Padre de Cuitl\u00e1huac considera un error la llegada de Nahle al Gobierno; su hijo se deslinda"}]},{"@type":"WebSite","@id":"https:\/\/metropolitanonews.mx\/#website","url":"https:\/\/metropolitanonews.mx\/","name":"Metropolitano News","description":"","potentialAction":[{"@type":"SearchAction","target":{"@type":"EntryPoint","urlTemplate":"https:\/\/metropolitanonews.mx\/?s={search_term_string}"},"query-input":{"@type":"PropertyValueSpecification","valueRequired":true,"valueName":"search_term_string"}}],"inLanguage":"es"},{"@type":"Person","@id":"https:\/\/metropolitanonews.mx\/#\/schema\/person\/5e143d068737b9206cdcb60ea7761ffa","name":"Redaccion","image":{"@type":"ImageObject","inLanguage":"es","@id":"https:\/\/secure.gravatar.com\/avatar\/a121e7ba078b27046b6a11dd9ec39512b64e27b6dca4ff1e7d54167208093ba8?s=96&d=mm&r=ga2145a6ac8df3cd2db9e7e95baa980ec","url":"https:\/\/secure.gravatar.com\/avatar\/a121e7ba078b27046b6a11dd9ec39512b64e27b6dca4ff1e7d54167208093ba8?s=96&d=mm&r=g","contentUrl":"https:\/\/secure.gravatar.com\/avatar\/a121e7ba078b27046b6a11dd9ec39512b64e27b6dca4ff1e7d54167208093ba8?s=96&d=mm&r=g","caption":"Redaccion"},"sameAs":["http:\/\/metrpolinatonews.mx"],"url":"https:\/\/metropolitanonews.mx\/?author=12"}]}},"jetpack_featured_media_url":"https:\/\/metropolitanonews.mx\/wp-content\/uploads\/2026\/04\/19030_8.jpg","jetpack_sharing_enabled":true,"authors":[{"term_id":72,"user_id":12,"is_guest":0,"slug":"redaccion","display_name":"Redaccion","avatar_url":"https:\/\/secure.gravatar.com\/avatar\/a121e7ba078b27046b6a11dd9ec39512b64e27b6dca4ff1e7d54167208093ba8?s=96&d=mm&r=g","0":null,"1":"","2":"","3":"","4":"","5":"","6":"","7":"","8":""}],"_links":{"self":[{"href":"https:\/\/metropolitanonews.mx\/index.php?rest_route=\/wp\/v2\/posts\/1089","targetHints":{"allow":["GET"]}}],"collection":[{"href":"https:\/\/metropolitanonews.mx\/index.php?rest_route=\/wp\/v2\/posts"}],"about":[{"href":"https:\/\/metropolitanonews.mx\/index.php?rest_route=\/wp\/v2\/types\/post"}],"author":[{"embeddable":true,"href":"https:\/\/metropolitanonews.mx\/index.php?rest_route=\/wp\/v2\/users\/12"}],"replies":[{"embeddable":true,"href":"https:\/\/metropolitanonews.mx\/index.php?rest_route=%2Fwp%2Fv2%2Fcomments&post=1089"}],"version-history":[{"count":1,"href":"https:\/\/metropolitanonews.mx\/index.php?rest_route=\/wp\/v2\/posts\/1089\/revisions"}],"predecessor-version":[{"id":1096,"href":"https:\/\/metropolitanonews.mx\/index.php?rest_route=\/wp\/v2\/posts\/1089\/revisions\/1096"}],"wp:featuredmedia":[{"embeddable":true,"href":"https:\/\/metropolitanonews.mx\/index.php?rest_route=\/wp\/v2\/media\/1091"}],"wp:attachment":[{"href":"https:\/\/metropolitanonews.mx\/index.php?rest_route=%2Fwp%2Fv2%2Fmedia&parent=1089"}],"wp:term":[{"taxonomy":"category","embeddable":true,"href":"https:\/\/metropolitanonews.mx\/index.php?rest_route=%2Fwp%2Fv2%2Fcategories&post=1089"},{"taxonomy":"post_tag","embeddable":true,"href":"https:\/\/metropolitanonews.mx\/index.php?rest_route=%2Fwp%2Fv2%2Ftags&post=1089"},{"taxonomy":"author","embeddable":true,"href":"https:\/\/metropolitanonews.mx\/index.php?rest_route=%2Fwp%2Fv2%2Fppma_author&post=1089"}],"curies":[{"name":"wp","href":"https:\/\/api.w.org\/{rel}","templated":true}]}}