{"id":1062,"date":"2026-04-27T12:44:55","date_gmt":"2026-04-27T18:44:55","guid":{"rendered":"https:\/\/metropolitanonews.mx\/?p=1062"},"modified":"2026-04-27T12:44:56","modified_gmt":"2026-04-27T18:44:56","slug":"empresarios-de-veracruz-en-incertidumbre","status":"publish","type":"post","link":"https:\/\/metropolitanonews.mx\/?p=1062","title":{"rendered":"Empresarios de Veracruz, en incertidumbre"},"content":{"rendered":"\n<p>*Agradecen el apoyo y las buenas intenciones de Roc\u00edo Nahle y Rosa Mar\u00eda Hern\u00e1ndez Espejo, para resolver el problema de la Ciudad Industrial \u201cBruno Pagliai\u201d<\/p>\n\n\n\n<p>*Hombres de negocios de la Ciudad Industrial \u201cBruno Pagliai\u201d, fijan posicionamiento ante proceso de municipalizaci\u00f3n<\/p>\n\n\n\n<p>Agencias<\/p>\n\n\n\n<p>Veracruz, Ver. 27Abril26.- Representantes y empresarios de la Ciudad Industrial \u201cBruno Pagliai\u201d, dieron a conocer su posicionamiento respecto a la reciente publicaci\u00f3n de la presidenta municipal de Veracruz, en la que informa sobre los resultados positivos de una reuni\u00f3n de trabajo con el titular de SEFIPLAN, relacionada con el proceso de municipalizaci\u00f3n de este importante parque industrial.<\/p>\n\n\n\n<p>Los empresarios celebraron la disposici\u00f3n mostrada por la gobernadora del estado, Roc\u00edo Nahle Garc\u00eda, as\u00ed como por la presidenta municipal, Rosa Mar\u00eda Hern\u00e1ndez Espejo, para atender la situaci\u00f3n que enfrenta la Ciudad Industrial \u201cBruno Pagliai\u201d, considerada un polo estrat\u00e9gico de desarrollo econ\u00f3mico y generaci\u00f3n de empleo para la zona conurbada.<\/p>\n\n\n\n<p>Destacaron que este acercamiento genera certidumbre y confianza en el futuro del parque industrial.<\/p>\n\n\n\n<p>Los empresarios manifestaron su expectativa de un cambio significativo en la relaci\u00f3n con el Ayuntamiento de Veracruz, dejando atr\u00e1s pr\u00e1cticas del pasado que han implicado costos econ\u00f3micos, sociales y pol\u00edticos.<\/p>\n\n\n\n<p>Subrayaron que, en esta nueva etapa, la coordinaci\u00f3n y el di\u00e1logo entre el Ayuntamiento y los cond\u00f3minos ser\u00e1n fundamentales para garantizar resultados efectivos. Asimismo, se\u00f1alaron la necesidad de revisar y replantear los esquemas de administraci\u00f3n anteriores, particularmente aquellos vinculados al Fondo del Futuro, con el objetivo de asegurar la participaci\u00f3n activa de los empresarios en la toma de decisiones.<\/p>\n\n\n\n<p>Reconocieron que los retos en materia de infraestructura y servicios p\u00fablicos son significativos. Ante la falta de comunicaci\u00f3n previa con el Fondo del Futuro, los empresarios exploraron alternativas financieras, incluyendo esquemas de financiamiento bancario.<\/p>\n\n\n\n<p>Como parte de sus acciones, decidieron realizar aportaciones directas para la repavimentaci\u00f3n de vialidades clave para la operaci\u00f3n log\u00edstica de sus empresas, obteniendo resultados positivos. Estas acciones evidencian que la colaboraci\u00f3n basada en la confianza y el entendimiento es esencial para avanzar.<\/p>\n\n\n\n<p>Se\u00f1alaron que permanece pendiente la rendici\u00f3n de cuentas por parte del Fondo del Futuro, particularmente en lo referente al destino de las cuotas de mantenimiento aportadas por los empresarios.<\/p>\n\n\n\n<p>Ante la incertidumbre y el descontento existentes, los representantes empresariales expresaron su inter\u00e9s en establecer un compromiso firme con el Ayuntamiento para garantizar la transparencia en el manejo de recursos, as\u00ed como la presentaci\u00f3n de informes claros sobre la administraci\u00f3n anterior.<\/p>\n\n\n\n<p><\/p>\n","protected":false},"excerpt":{"rendered":"<p>*Agradecen el apoyo y las buenas intenciones de Roc\u00edo Nahle y Rosa Mar\u00eda Hern\u00e1ndez Espejo, para resolver el problema de la Ciudad Industrial \u201cBruno Pagliai\u201d *Hombres de negocios de la Ciudad Industrial \u201cBruno Pagliai\u201d, fijan posicionamiento ante proceso de municipalizaci\u00f3n Agencias Veracruz, Ver. 27Abril26.- Representantes y empresarios de la Ciudad Industrial \u201cBruno Pagliai\u201d, dieron a [&hellip;]<\/p>\n","protected":false},"author":12,"featured_media":1063,"comment_status":"open","ping_status":"open","sticky":false,"template":"","format":"standard","meta":{"_jetpack_memberships_contains_paid_content":false,"footnotes":""},"categories":[18],"tags":[48,81,99,40],"ppma_author":[72],"class_list":{"0":"post-1062","1":"post","2":"type-post","3":"status-publish","4":"format-standard","5":"has-post-thumbnail","7":"category-estatal","8":"tag-bruno-pagliai","9":"tag-rocio-nahle-garcia","10":"tag-rosa-maria-hernandez-espejo","11":"tag-veracruz"},"yoast_head":"<!-- This site is optimized with the Yoast SEO plugin v27.4 - https:\/\/yoast.com\/product\/yoast-seo-wordpress\/ -->\n<title>Empresarios de Veracruz, en incertidumbre - Metropolitano News<\/title>\n<meta name=\"description\" content=\"Ante la incertidumbre y el descontento existentes, los representantes empresariales expresaron su inter\u00e9s en establecer un compromiso firme con el Ayuntamiento\" \/>\n<meta name=\"robots\" content=\"index, follow, max-snippet:-1, max-image-preview:large, max-video-preview:-1\" \/>\n<link rel=\"canonical\" href=\"https:\/\/metropolitanonews.mx\/?p=1062\" \/>\n<meta property=\"og:locale\" content=\"es_ES\" \/>\n<meta property=\"og:type\" content=\"article\" \/>\n<meta property=\"og:title\" content=\"Empresarios de Veracruz, en incertidumbre - Metropolitano News\" \/>\n<meta property=\"og:description\" content=\"Ante la incertidumbre y el descontento existentes, los representantes empresariales expresaron su inter\u00e9s en establecer un compromiso firme con el Ayuntamiento\" \/>\n<meta property=\"og:url\" content=\"https:\/\/metropolitanonews.mx\/?p=1062\" \/>\n<meta property=\"og:site_name\" content=\"Metropolitano News\" \/>\n<meta property=\"article:published_time\" content=\"2026-04-27T18:44:55+00:00\" \/>\n<meta property=\"article:modified_time\" content=\"2026-04-27T18:44:56+00:00\" \/>\n<meta property=\"og:image\" content=\"https:\/\/metropolitanonews.mx\/wp-content\/uploads\/2026\/04\/PHOTO-2026-04-27-10-43-04.jpg\" \/>\n\t<meta property=\"og:image:width\" content=\"1600\" \/>\n\t<meta property=\"og:image:height\" content=\"1226\" \/>\n\t<meta property=\"og:image:type\" content=\"image\/jpeg\" \/>\n<meta name=\"author\" content=\"Redaccion\" \/>\n<meta name=\"twitter:card\" content=\"summary_large_image\" \/>\n<meta name=\"twitter:label1\" content=\"Escrito por\" \/>\n\t<meta name=\"twitter:data1\" content=\"Redaccion\" \/>\n\t<meta name=\"twitter:label2\" content=\"Tiempo de lectura\" \/>\n\t<meta name=\"twitter:data2\" content=\"3 minutos\" \/>\n<script type=\"application\/ld+json\" class=\"yoast-schema-graph\">{\"@context\":\"https:\\\/\\\/schema.org\",\"@graph\":[{\"@type\":\"Article\",\"@id\":\"https:\\\/\\\/metropolitanonews.mx\\\/?p=1062#article\",\"isPartOf\":{\"@id\":\"https:\\\/\\\/metropolitanonews.mx\\\/?p=1062\"},\"author\":{\"name\":\"Redaccion\",\"@id\":\"https:\\\/\\\/metropolitanonews.mx\\\/#\\\/schema\\\/person\\\/5e143d068737b9206cdcb60ea7761ffa\"},\"headline\":\"Empresarios de Veracruz, en incertidumbre\",\"datePublished\":\"2026-04-27T18:44:55+00:00\",\"dateModified\":\"2026-04-27T18:44:56+00:00\",\"mainEntityOfPage\":{\"@id\":\"https:\\\/\\\/metropolitanonews.mx\\\/?p=1062\"},\"wordCount\":442,\"commentCount\":0,\"image\":{\"@id\":\"https:\\\/\\\/metropolitanonews.mx\\\/?p=1062#primaryimage\"},\"thumbnailUrl\":\"https:\\\/\\\/metropolitanonews.mx\\\/wp-content\\\/uploads\\\/2026\\\/04\\\/PHOTO-2026-04-27-10-43-04.jpg\",\"keywords\":[\"Bruno Pagliai\",\"Roc\u00edo Nahle Garc\u00eda\",\"Rosa Mar\u00eda Hern\u00e1ndez Espejo\",\"Veracruz\"],\"articleSection\":[\"Estatal\"],\"inLanguage\":\"es\",\"potentialAction\":[{\"@type\":\"CommentAction\",\"name\":\"Comment\",\"target\":[\"https:\\\/\\\/metropolitanonews.mx\\\/?p=1062#respond\"]}]},{\"@type\":\"WebPage\",\"@id\":\"https:\\\/\\\/metropolitanonews.mx\\\/?p=1062\",\"url\":\"https:\\\/\\\/metropolitanonews.mx\\\/?p=1062\",\"name\":\"Empresarios de Veracruz, en incertidumbre - Metropolitano News\",\"isPartOf\":{\"@id\":\"https:\\\/\\\/metropolitanonews.mx\\\/#website\"},\"primaryImageOfPage\":{\"@id\":\"https:\\\/\\\/metropolitanonews.mx\\\/?p=1062#primaryimage\"},\"image\":{\"@id\":\"https:\\\/\\\/metropolitanonews.mx\\\/?p=1062#primaryimage\"},\"thumbnailUrl\":\"https:\\\/\\\/metropolitanonews.mx\\\/wp-content\\\/uploads\\\/2026\\\/04\\\/PHOTO-2026-04-27-10-43-04.jpg\",\"datePublished\":\"2026-04-27T18:44:55+00:00\",\"dateModified\":\"2026-04-27T18:44:56+00:00\",\"author\":{\"@id\":\"https:\\\/\\\/metropolitanonews.mx\\\/#\\\/schema\\\/person\\\/5e143d068737b9206cdcb60ea7761ffa\"},\"description\":\"Ante la incertidumbre y el descontento existentes, los representantes empresariales expresaron su inter\u00e9s en establecer un compromiso firme con el Ayuntamiento\",\"breadcrumb\":{\"@id\":\"https:\\\/\\\/metropolitanonews.mx\\\/?p=1062#breadcrumb\"},\"inLanguage\":\"es\",\"potentialAction\":[{\"@type\":\"ReadAction\",\"target\":[\"https:\\\/\\\/metropolitanonews.mx\\\/?p=1062\"]}]},{\"@type\":\"ImageObject\",\"inLanguage\":\"es\",\"@id\":\"https:\\\/\\\/metropolitanonews.mx\\\/?p=1062#primaryimage\",\"url\":\"https:\\\/\\\/metropolitanonews.mx\\\/wp-content\\\/uploads\\\/2026\\\/04\\\/PHOTO-2026-04-27-10-43-04.jpg\",\"contentUrl\":\"https:\\\/\\\/metropolitanonews.mx\\\/wp-content\\\/uploads\\\/2026\\\/04\\\/PHOTO-2026-04-27-10-43-04.jpg\",\"width\":1600,\"height\":1226},{\"@type\":\"BreadcrumbList\",\"@id\":\"https:\\\/\\\/metropolitanonews.mx\\\/?p=1062#breadcrumb\",\"itemListElement\":[{\"@type\":\"ListItem\",\"position\":1,\"name\":\"Portada\",\"item\":\"https:\\\/\\\/metropolitanonews.mx\\\/\"},{\"@type\":\"ListItem\",\"position\":2,\"name\":\"Empresarios de Veracruz, en incertidumbre\"}]},{\"@type\":\"WebSite\",\"@id\":\"https:\\\/\\\/metropolitanonews.mx\\\/#website\",\"url\":\"https:\\\/\\\/metropolitanonews.mx\\\/\",\"name\":\"Metropolitano News\",\"description\":\"\",\"potentialAction\":[{\"@type\":\"SearchAction\",\"target\":{\"@type\":\"EntryPoint\",\"urlTemplate\":\"https:\\\/\\\/metropolitanonews.mx\\\/?s={search_term_string}\"},\"query-input\":{\"@type\":\"PropertyValueSpecification\",\"valueRequired\":true,\"valueName\":\"search_term_string\"}}],\"inLanguage\":\"es\"},{\"@type\":\"Person\",\"@id\":\"https:\\\/\\\/metropolitanonews.mx\\\/#\\\/schema\\\/person\\\/5e143d068737b9206cdcb60ea7761ffa\",\"name\":\"Redaccion\",\"image\":{\"@type\":\"ImageObject\",\"inLanguage\":\"es\",\"@id\":\"https:\\\/\\\/secure.gravatar.com\\\/avatar\\\/a121e7ba078b27046b6a11dd9ec39512b64e27b6dca4ff1e7d54167208093ba8?s=96&d=mm&r=ga2145a6ac8df3cd2db9e7e95baa980ec\",\"url\":\"https:\\\/\\\/secure.gravatar.com\\\/avatar\\\/a121e7ba078b27046b6a11dd9ec39512b64e27b6dca4ff1e7d54167208093ba8?s=96&d=mm&r=g\",\"contentUrl\":\"https:\\\/\\\/secure.gravatar.com\\\/avatar\\\/a121e7ba078b27046b6a11dd9ec39512b64e27b6dca4ff1e7d54167208093ba8?s=96&d=mm&r=g\",\"caption\":\"Redaccion\"},\"sameAs\":[\"http:\\\/\\\/metrpolinatonews.mx\"],\"url\":\"https:\\\/\\\/metropolitanonews.mx\\\/?author=12\"}]}<\/script>\n<!-- \/ Yoast SEO plugin. -->","yoast_head_json":{"title":"Empresarios de Veracruz, en incertidumbre - Metropolitano News","description":"Ante la incertidumbre y el descontento existentes, los representantes empresariales expresaron su inter\u00e9s en establecer un compromiso firme con el Ayuntamiento","robots":{"index":"index","follow":"follow","max-snippet":"max-snippet:-1","max-image-preview":"max-image-preview:large","max-video-preview":"max-video-preview:-1"},"canonical":"https:\/\/metropolitanonews.mx\/?p=1062","og_locale":"es_ES","og_type":"article","og_title":"Empresarios de Veracruz, en incertidumbre - Metropolitano News","og_description":"Ante la incertidumbre y el descontento existentes, los representantes empresariales expresaron su inter\u00e9s en establecer un compromiso firme con el Ayuntamiento","og_url":"https:\/\/metropolitanonews.mx\/?p=1062","og_site_name":"Metropolitano News","article_published_time":"2026-04-27T18:44:55+00:00","article_modified_time":"2026-04-27T18:44:56+00:00","og_image":[{"width":1600,"height":1226,"url":"https:\/\/metropolitanonews.mx\/wp-content\/uploads\/2026\/04\/PHOTO-2026-04-27-10-43-04.jpg","type":"image\/jpeg"}],"author":"Redaccion","twitter_card":"summary_large_image","twitter_misc":{"Escrito por":"Redaccion","Tiempo de lectura":"3 minutos"},"schema":{"@context":"https:\/\/schema.org","@graph":[{"@type":"Article","@id":"https:\/\/metropolitanonews.mx\/?p=1062#article","isPartOf":{"@id":"https:\/\/metropolitanonews.mx\/?p=1062"},"author":{"name":"Redaccion","@id":"https:\/\/metropolitanonews.mx\/#\/schema\/person\/5e143d068737b9206cdcb60ea7761ffa"},"headline":"Empresarios de Veracruz, en incertidumbre","datePublished":"2026-04-27T18:44:55+00:00","dateModified":"2026-04-27T18:44:56+00:00","mainEntityOfPage":{"@id":"https:\/\/metropolitanonews.mx\/?p=1062"},"wordCount":442,"commentCount":0,"image":{"@id":"https:\/\/metropolitanonews.mx\/?p=1062#primaryimage"},"thumbnailUrl":"https:\/\/metropolitanonews.mx\/wp-content\/uploads\/2026\/04\/PHOTO-2026-04-27-10-43-04.jpg","keywords":["Bruno Pagliai","Roc\u00edo Nahle Garc\u00eda","Rosa Mar\u00eda Hern\u00e1ndez Espejo","Veracruz"],"articleSection":["Estatal"],"inLanguage":"es","potentialAction":[{"@type":"CommentAction","name":"Comment","target":["https:\/\/metropolitanonews.mx\/?p=1062#respond"]}]},{"@type":"WebPage","@id":"https:\/\/metropolitanonews.mx\/?p=1062","url":"https:\/\/metropolitanonews.mx\/?p=1062","name":"Empresarios de Veracruz, en incertidumbre - Metropolitano News","isPartOf":{"@id":"https:\/\/metropolitanonews.mx\/#website"},"primaryImageOfPage":{"@id":"https:\/\/metropolitanonews.mx\/?p=1062#primaryimage"},"image":{"@id":"https:\/\/metropolitanonews.mx\/?p=1062#primaryimage"},"thumbnailUrl":"https:\/\/metropolitanonews.mx\/wp-content\/uploads\/2026\/04\/PHOTO-2026-04-27-10-43-04.jpg","datePublished":"2026-04-27T18:44:55+00:00","dateModified":"2026-04-27T18:44:56+00:00","author":{"@id":"https:\/\/metropolitanonews.mx\/#\/schema\/person\/5e143d068737b9206cdcb60ea7761ffa"},"description":"Ante la incertidumbre y el descontento existentes, los representantes empresariales expresaron su inter\u00e9s en establecer un compromiso firme con el Ayuntamiento","breadcrumb":{"@id":"https:\/\/metropolitanonews.mx\/?p=1062#breadcrumb"},"inLanguage":"es","potentialAction":[{"@type":"ReadAction","target":["https:\/\/metropolitanonews.mx\/?p=1062"]}]},{"@type":"ImageObject","inLanguage":"es","@id":"https:\/\/metropolitanonews.mx\/?p=1062#primaryimage","url":"https:\/\/metropolitanonews.mx\/wp-content\/uploads\/2026\/04\/PHOTO-2026-04-27-10-43-04.jpg","contentUrl":"https:\/\/metropolitanonews.mx\/wp-content\/uploads\/2026\/04\/PHOTO-2026-04-27-10-43-04.jpg","width":1600,"height":1226},{"@type":"BreadcrumbList","@id":"https:\/\/metropolitanonews.mx\/?p=1062#breadcrumb","itemListElement":[{"@type":"ListItem","position":1,"name":"Portada","item":"https:\/\/metropolitanonews.mx\/"},{"@type":"ListItem","position":2,"name":"Empresarios de Veracruz, en incertidumbre"}]},{"@type":"WebSite","@id":"https:\/\/metropolitanonews.mx\/#website","url":"https:\/\/metropolitanonews.mx\/","name":"Metropolitano News","description":"","potentialAction":[{"@type":"SearchAction","target":{"@type":"EntryPoint","urlTemplate":"https:\/\/metropolitanonews.mx\/?s={search_term_string}"},"query-input":{"@type":"PropertyValueSpecification","valueRequired":true,"valueName":"search_term_string"}}],"inLanguage":"es"},{"@type":"Person","@id":"https:\/\/metropolitanonews.mx\/#\/schema\/person\/5e143d068737b9206cdcb60ea7761ffa","name":"Redaccion","image":{"@type":"ImageObject","inLanguage":"es","@id":"https:\/\/secure.gravatar.com\/avatar\/a121e7ba078b27046b6a11dd9ec39512b64e27b6dca4ff1e7d54167208093ba8?s=96&d=mm&r=ga2145a6ac8df3cd2db9e7e95baa980ec","url":"https:\/\/secure.gravatar.com\/avatar\/a121e7ba078b27046b6a11dd9ec39512b64e27b6dca4ff1e7d54167208093ba8?s=96&d=mm&r=g","contentUrl":"https:\/\/secure.gravatar.com\/avatar\/a121e7ba078b27046b6a11dd9ec39512b64e27b6dca4ff1e7d54167208093ba8?s=96&d=mm&r=g","caption":"Redaccion"},"sameAs":["http:\/\/metrpolinatonews.mx"],"url":"https:\/\/metropolitanonews.mx\/?author=12"}]}},"jetpack_featured_media_url":"https:\/\/metropolitanonews.mx\/wp-content\/uploads\/2026\/04\/PHOTO-2026-04-27-10-43-04.jpg","jetpack_sharing_enabled":true,"authors":[{"term_id":72,"user_id":12,"is_guest":0,"slug":"redaccion","display_name":"Redaccion","avatar_url":"https:\/\/secure.gravatar.com\/avatar\/a121e7ba078b27046b6a11dd9ec39512b64e27b6dca4ff1e7d54167208093ba8?s=96&d=mm&r=g","0":null,"1":"","2":"","3":"","4":"","5":"","6":"","7":"","8":""}],"_links":{"self":[{"href":"https:\/\/metropolitanonews.mx\/index.php?rest_route=\/wp\/v2\/posts\/1062","targetHints":{"allow":["GET"]}}],"collection":[{"href":"https:\/\/metropolitanonews.mx\/index.php?rest_route=\/wp\/v2\/posts"}],"about":[{"href":"https:\/\/metropolitanonews.mx\/index.php?rest_route=\/wp\/v2\/types\/post"}],"author":[{"embeddable":true,"href":"https:\/\/metropolitanonews.mx\/index.php?rest_route=\/wp\/v2\/users\/12"}],"replies":[{"embeddable":true,"href":"https:\/\/metropolitanonews.mx\/index.php?rest_route=%2Fwp%2Fv2%2Fcomments&post=1062"}],"version-history":[{"count":1,"href":"https:\/\/metropolitanonews.mx\/index.php?rest_route=\/wp\/v2\/posts\/1062\/revisions"}],"predecessor-version":[{"id":1064,"href":"https:\/\/metropolitanonews.mx\/index.php?rest_route=\/wp\/v2\/posts\/1062\/revisions\/1064"}],"wp:featuredmedia":[{"embeddable":true,"href":"https:\/\/metropolitanonews.mx\/index.php?rest_route=\/wp\/v2\/media\/1063"}],"wp:attachment":[{"href":"https:\/\/metropolitanonews.mx\/index.php?rest_route=%2Fwp%2Fv2%2Fmedia&parent=1062"}],"wp:term":[{"taxonomy":"category","embeddable":true,"href":"https:\/\/metropolitanonews.mx\/index.php?rest_route=%2Fwp%2Fv2%2Fcategories&post=1062"},{"taxonomy":"post_tag","embeddable":true,"href":"https:\/\/metropolitanonews.mx\/index.php?rest_route=%2Fwp%2Fv2%2Ftags&post=1062"},{"taxonomy":"author","embeddable":true,"href":"https:\/\/metropolitanonews.mx\/index.php?rest_route=%2Fwp%2Fv2%2Fppma_author&post=1062"}],"curies":[{"name":"wp","href":"https:\/\/api.w.org\/{rel}","templated":true}]}}