{"id":1056,"date":"2026-04-27T09:10:30","date_gmt":"2026-04-27T15:10:30","guid":{"rendered":"https:\/\/metropolitanonews.mx\/?p=1056"},"modified":"2026-04-27T09:10:31","modified_gmt":"2026-04-27T15:10:31","slug":"rocio-frustro-la-alianza-con-el-pt-en-2025-segun-amplio-reportaje-de-el-pais","status":"publish","type":"post","link":"https:\/\/metropolitanonews.mx\/?p=1056","title":{"rendered":"Roc\u00edo frustr\u00f3 la alianza con el PT en 2025, seg\u00fan amplio reportaje de El Pa\u00eds"},"content":{"rendered":"\n<p><strong>Prosa aprisa<br>Arturo Reyes Isidoro<\/strong><\/p>\n\n\n\n<p>En un amplio reportaje que public\u00f3 el s\u00e1bado el diario El Pa\u00eds, en el que analiza la situaci\u00f3n actual de Morena en v\u00edsperas del cambio de su dirigencia, se dice que en Veracruz, \u201ca decir de los petistas\u201d, la gobernadora Roc\u00edo Nahle frustr\u00f3 la alianza en los comicios locales de 2025.<\/p>\n\n\n\n<p>En esos comicios, de acuerdo al resultado final, Morena perdi\u00f3 la mayor\u00eda que ten\u00eda y de 212 alcald\u00edas solo gan\u00f3 60, mientras que el PT, que hab\u00eda llegado a las urnas con la intenci\u00f3n de no perder su registro, dio la sorpresa al obtener 30 presidencias municipales, solo abajo ligeramente del PAN y arriba del PRI y del PVEM.<\/p>\n\n\n\n<p>El reportaje es lo m\u00e1s actualizado y completo que se ha publicado hasta la fecha sobre el partido en el poder y el diario elabor\u00f3 el trabajo con base en m\u00faltiples conversaciones durante meses y con m\u00e1s de una docente de fuentes, seg\u00fan dej\u00f3 asentado, para lo cual comision\u00f3 a sus reporteros Zedryk Raziel, Elia Castillo Jim\u00e9nez, Ernesto N\u00fa\u00f1ez y Elena San Jos\u00e9.<\/p>\n\n\n\n<p><strong>*La incluyeron en el bloque con el subt\u00edtulo: \u201cNuevos caciques\u201d<\/strong><\/p>\n\n\n\n<p>En el muy amplio reportaje, en dos ocasiones se hace referencia a Veracruz. En el subt\u00edtulo \u201cNuevos caciques\u201d, el influyente medio se\u00f1ala que a Morena lo acosan dos fantasmas: uno, convertirse en el PRI y otro terminar como el PRD \u201cLa acumulaci\u00f3n de poder, la tolerancia a la corrupci\u00f3n y la incapacidad de autocr\u00edtica lo acercan al primer escenario\u201d, apunta, y las divisiones internas, el surgimiento de grupos con sus l\u00edderes propios, al segundo.<\/p>\n\n\n\n<p>Agrega entonces que esta atomizaci\u00f3n se observa con m\u00e1s nitidez en los estados, \u201cdonde los gobernadores morenistas han acumulado enorme poder y desaf\u00edan el proyecto presidencial de Sheinbaum, y que los que lograron mayor\u00eda en los congresos locales influyen mucho en las leyes de sus estados.<\/p>\n\n\n\n<p>Narra que algunos morenistas describen a sus mandatarios como \u201cautoritarios\u201d y \u201clibertinos\u201d. \u201cSi yo, que viajo a un Estado en nombre de la presidenta, quiero reunirme con los diputados locales, estos tienen que pedirle permiso al gobernador\u201d. Pone como ejemplo los casos de Veracruz, Oaxaca y Campeche. \u201cSon nuevos se\u00f1ores feudales a los que Sheinbaum intenta aterrizar con llamados inocuos a la \u00e9tica, lo que demuestra los l\u00edmites de su influencia en lo local\u201d.<\/p>\n\n\n\n<p>Es en este apartado donde menciona que Roc\u00edo Nahle, al decir de los petistas, frustr\u00f3 el acuerdo en 2025.<\/p>\n\n\n\n<p><strong>*Sheinbaum meti\u00f3 las manos porque Morena estaba a la deriva<\/strong><\/p>\n\n\n\n<p>El Pa\u00eds apunta que Sheinbaum decidi\u00f3 meter mano en Morena porque estaba a la deriva y porque con Luisa Alcalde y Andy L\u00f3pez Beltr\u00e1n no logr\u00f3 institucionalizarse para autogestionarse m\u00e1s all\u00e1 de la figura de L\u00f3pez Obrador.<\/p>\n\n\n\n<p>Sobre la llegada de Ariadna Montiel, narra que esta se gan\u00f3 la confianza de Sheinbaum desde que apoy\u00f3 su candidatura y no la de Marcelo Ebrard, pero que m\u00e1s all\u00e1, su llegada es crucial porque tiene a su cargo el poderoso ej\u00e9rcito de Servidores de la Naci\u00f3n, \u201clos funcionarios que visitan puerta por puerta a los ciudadanos para inscribirlos en el padr\u00f3n de beneficiarios de ayudas sociales\u201d.<\/p>\n\n\n\n<p><strong>*La corrupci\u00f3n los puede derrotar<\/strong><\/p>\n\n\n\n<p>Otro apartado que llama la atenci\u00f3n es el dedicado a la corrupci\u00f3n, sobre que se\u00f1ala el medio: el problema no es que la haya entre sus filas sino c\u00f3mo act\u00faa la dirigencia frente a ella para enfrentarla. Recuerda que ha habido esc\u00e1ndalos de corrupci\u00f3n y maniobras desde el poder para evitar la rendici\u00f3n de cuentas, lo que ha terminado por pasar factura a Morena pues el respaldo entre sus votantes ha deca\u00eddo, adem\u00e1s de las acusaciones de nexos con el crimen.<\/p>\n\n\n\n<p>Comenta que la presidenta ha intentado enderezar el rumbo de los militantes haciendo llamados a los valores originales, a renunciar a la ostentaci\u00f3n, a vivir en la \u201cjusta median\u00eda\u201d en un pa\u00eds donde a\u00fan hay millones de pobres, pero que han sido palabras lanzadas al vac\u00edo.<\/p>\n\n\n\n<p>\u201cSer carcomidos por la corrupci\u00f3n es un peligro sobre el que algunos morenistas llaman la atenci\u00f3n. \u2018A Morena no lo derrotar\u00e1 la oposici\u00f3n, ni el dinero de las \u00e9lites econ\u00f3micas, ni las campa\u00f1as de desinformaci\u00f3n y calumnia de los medios vendidos al neoliberalismo. A Morena lo \u00fanico que lo puede derrotar es hacerse de la vista gorda frente a la corrupci\u00f3n. Eso fue lo que devor\u00f3 al PRI y al PAN\u2019, advierte el senador Javier Corral\u201d.<\/p>\n\n\n\n<p><strong>*\u00bfEsteban Bautista, a futuro, a la dirigencia estatal de Morena?<\/strong><\/p>\n\n\n\n<p>Lo dijo, y lo dijo bien el diputado local Esteban Bautista Hern\u00e1ndez: nada es para siempre. Tarde o temprano vendr\u00e1 el relevo de Esteban Ram\u00edrez Zepeta en la dirigencia estatal de Morena. En conferencia, sobre la posibilidad de que pueda dirigir a su partido, respondi\u00f3 que esa ser\u00e1 una decisi\u00f3n de su partido a nivel nacional.<\/p>\n\n\n\n<figure class=\"wp-block-image size-full\"><img loading=\"lazy\" decoding=\"async\" width=\"619\" height=\"571\" src=\"https:\/\/metropolitanonews.mx\/wp-content\/uploads\/2026\/04\/Esteban-Morena.jpg\" alt=\"\" class=\"wp-image-1057\" srcset=\"https:\/\/metropolitanonews.mx\/wp-content\/uploads\/2026\/04\/Esteban-Morena.jpg 619w, https:\/\/metropolitanonews.mx\/wp-content\/uploads\/2026\/04\/Esteban-Morena-300x277.jpg 300w, https:\/\/metropolitanonews.mx\/wp-content\/uploads\/2026\/04\/Esteban-Morena-455x420.jpg 455w, https:\/\/metropolitanonews.mx\/wp-content\/uploads\/2026\/04\/Esteban-Morena-150x138.jpg 150w\" sizes=\"auto, (max-width: 619px) 100vw, 619px\" \/><\/figure>\n\n\n\n<p>Record\u00f3 que los consejeros nacionales votan para que haya reestructuraci\u00f3n en los estados. \u201cTodos nos sometemos al acuerdo nacional y vienen en cascada los cambios, de mientras yo no puedo anticipar, porque eso solamente lo decide la nueva dirigencia nacional\u00bb. Record\u00f3 que \u00e9l en el Congreso mantiene buena relaci\u00f3n con los partidos aliados Verde y PT.<\/p>\n\n\n\n<p>Lo que me llam\u00f3 la atenci\u00f3n fue que no se descart\u00f3 o que no dijo que no, y, en efecto, en un repaso de las figuras de su partido no se ve qui\u00e9n m\u00e1s podr\u00eda ser el m\u00e1s id\u00f3neo: viene de la lucha formativa, tiene experiencia, no ha perdido la m\u00edstica de su movimiento, es dispuesto al di\u00e1logo incluso con la oposici\u00f3n, mantiene buena relaci\u00f3n con los reporteros de la fuente, es el \u00fanico que como Manuel Huerta, aunque con menor intensidad, recorre el estado y va a los lugares m\u00e1s marginados y apartados, pero sobre todo, es persona cercana y de confianza de la gobernadora Roc\u00edo Nahle.<\/p>\n\n\n\n<p>Para el pr\u00f3ximo domingo est\u00e1 convocado el Consejo Nacional donde asumir\u00e1n la presidencia, Ariadna Montiel Reyes, y la secretar\u00eda de Elecciones, Citlalli Hern\u00e1ndez, respectivamente. El s\u00e1bado pasado se nombr\u00f3 a nuevos consejeros nacionales. Seguramente salieron algunos. No ha de tardar en que se sepa c\u00f3mo quedo la lista de los veracruzanos.<\/p>\n\n\n\n<p><strong>*Intentan provocar a la gobernadora contra el columnista, pero no cae en el juego<\/strong><\/p>\n\n\n\n<p>Sucedi\u00f3 hace una semana y no quiero que se pierda. En su conferencia de los lunes de la gobernadora Roc\u00edo Nahle en el palacio de gobierno, un mercenario, verdadero esperpento que se hace pasar por periodista, acudi\u00f3 con toda la intenci\u00f3n de provocarla, al mencionarme junto con otros columnistas de prestigio de medios de la CDMX (Mario Maldonado, Salvador Garc\u00eda Soto), a los que nos llam\u00f3 extorsionadores y nos se\u00f1al\u00f3 de estarla atacando.<\/p>\n\n\n\n<p>Sin duda, me dije, es una verdadera bestia que no piensa (pedirle que razonara ser\u00eda mucho). Seguramente lo que menos quiere la gobernadora es saber de m\u00ed y menos escuchar mi nombre y mis apellidos, por mi l\u00ednea cr\u00edtica, de tal forma que el tipo me llev\u00f3 a la conferencia, hizo destacar mi presencia y de pas\u00f3 debi\u00f3 haber agriado el desayuno a la mandam\u00e1s.<\/p>\n\n\n\n<p>Reconozco que la se\u00f1ora no se dej\u00f3 enganchar y no cay\u00f3 en la provocaci\u00f3n. Lo ignor\u00f3 y no me aludi\u00f3, lo que no implica que por otro motivo alg\u00fan d\u00eda lo haga, aunque a eso estoy expuesto y lo s\u00e9 muy bien. A quienes le pagan (como a otros) para tratar de descalificarme, ya vieron que la gobernadora est\u00e1 alerta y no cae en su juego. No dudo que intentar\u00e1n seguir buscando c\u00f3mo da\u00f1arme, pero la gobernadora Nahle es la mejor testigo de que jam\u00e1s he buscado que me d\u00e9 un peso y menos bajo amenaza alguna.<\/p>\n\n\n\n<p>Del mercenario, en su momento el propio presidente de la Junta de Coordinaci\u00f3n Pol\u00edtica (Jucopo) del Congreso local, diputado Esteban Bautista Hern\u00e1ndez, lo exhibi\u00f3 p\u00fablicamente que lo quer\u00eda extorsionar y como prueba public\u00f3 las im\u00e1genes de los chats donde lo amenazaba: o pagas o cuello.<\/p>\n","protected":false},"excerpt":{"rendered":"<p>Prosa aprisaArturo Reyes Isidoro En un amplio reportaje que public\u00f3 el s\u00e1bado el diario El Pa\u00eds, en el que analiza la situaci\u00f3n actual de Morena en v\u00edsperas del cambio de su dirigencia, se dice que en Veracruz, \u201ca decir de los petistas\u201d, la gobernadora Roc\u00edo Nahle frustr\u00f3 la alianza en los comicios locales de 2025. [&hellip;]<\/p>\n","protected":false},"author":12,"featured_media":0,"comment_status":"open","ping_status":"open","sticky":false,"template":"","format":"standard","meta":{"_jetpack_memberships_contains_paid_content":false,"footnotes":""},"categories":[17,31],"tags":[91,40],"ppma_author":[72],"class_list":{"0":"post-1056","1":"post","2":"type-post","3":"status-publish","4":"format-standard","6":"category-columnas","7":"category-prosaaprisa","8":"tag-arturo-reyes-isidoro","9":"tag-veracruz"},"yoast_head":"<!-- This site is optimized with the Yoast SEO plugin v27.4 - https:\/\/yoast.com\/product\/yoast-seo-wordpress\/ -->\n<title>Roc\u00edo frustr\u00f3 la alianza con el PT en 2025, seg\u00fan amplio reportaje de El Pa\u00eds - Metropolitano News<\/title>\n<meta name=\"description\" content=\"Roc\u00edo frustr\u00f3 la alianza con el PT en 2025, seg\u00fan amplio reportaje de El Pa\u00eds\" \/>\n<meta name=\"robots\" content=\"index, follow, max-snippet:-1, max-image-preview:large, max-video-preview:-1\" \/>\n<link rel=\"canonical\" href=\"https:\/\/metropolitanonews.mx\/?p=1056\" \/>\n<meta property=\"og:locale\" content=\"es_ES\" \/>\n<meta property=\"og:type\" content=\"article\" \/>\n<meta property=\"og:title\" content=\"Roc\u00edo frustr\u00f3 la alianza con el PT en 2025, seg\u00fan amplio reportaje de El Pa\u00eds - Metropolitano News\" \/>\n<meta property=\"og:description\" content=\"Roc\u00edo frustr\u00f3 la alianza con el PT en 2025, seg\u00fan amplio reportaje de El Pa\u00eds\" \/>\n<meta property=\"og:url\" content=\"https:\/\/metropolitanonews.mx\/?p=1056\" \/>\n<meta property=\"og:site_name\" content=\"Metropolitano News\" \/>\n<meta property=\"article:published_time\" content=\"2026-04-27T15:10:30+00:00\" \/>\n<meta property=\"article:modified_time\" content=\"2026-04-27T15:10:31+00:00\" \/>\n<meta property=\"og:image\" content=\"https:\/\/metropolitanonews.mx\/wp-content\/uploads\/2026\/04\/Esteban-Morena.jpg\" \/>\n\t<meta property=\"og:image:width\" content=\"619\" \/>\n\t<meta property=\"og:image:height\" content=\"571\" \/>\n\t<meta property=\"og:image:type\" content=\"image\/jpeg\" \/>\n<meta name=\"author\" content=\"Redaccion\" \/>\n<meta name=\"twitter:card\" content=\"summary_large_image\" \/>\n<meta name=\"twitter:label1\" content=\"Escrito por\" \/>\n\t<meta name=\"twitter:data1\" content=\"Redaccion\" \/>\n\t<meta name=\"twitter:label2\" content=\"Tiempo de lectura\" \/>\n\t<meta name=\"twitter:data2\" content=\"7 minutos\" \/>\n<script type=\"application\/ld+json\" class=\"yoast-schema-graph\">{\"@context\":\"https:\\\/\\\/schema.org\",\"@graph\":[{\"@type\":\"Article\",\"@id\":\"https:\\\/\\\/metropolitanonews.mx\\\/?p=1056#article\",\"isPartOf\":{\"@id\":\"https:\\\/\\\/metropolitanonews.mx\\\/?p=1056\"},\"author\":{\"name\":\"Redaccion\",\"@id\":\"https:\\\/\\\/metropolitanonews.mx\\\/#\\\/schema\\\/person\\\/5e143d068737b9206cdcb60ea7761ffa\"},\"headline\":\"Roc\u00edo frustr\u00f3 la alianza con el PT en 2025, seg\u00fan amplio reportaje de El Pa\u00eds\",\"datePublished\":\"2026-04-27T15:10:30+00:00\",\"dateModified\":\"2026-04-27T15:10:31+00:00\",\"mainEntityOfPage\":{\"@id\":\"https:\\\/\\\/metropolitanonews.mx\\\/?p=1056\"},\"wordCount\":1416,\"commentCount\":0,\"image\":{\"@id\":\"https:\\\/\\\/metropolitanonews.mx\\\/?p=1056#primaryimage\"},\"thumbnailUrl\":\"https:\\\/\\\/metropolitanonews.mx\\\/wp-content\\\/uploads\\\/2026\\\/04\\\/Esteban-Morena.jpg\",\"keywords\":[\"Arturo Reyes Isidoro\",\"Veracruz\"],\"articleSection\":[\"Columnas\",\"Prosa Aprisa\"],\"inLanguage\":\"es\",\"potentialAction\":[{\"@type\":\"CommentAction\",\"name\":\"Comment\",\"target\":[\"https:\\\/\\\/metropolitanonews.mx\\\/?p=1056#respond\"]}]},{\"@type\":\"WebPage\",\"@id\":\"https:\\\/\\\/metropolitanonews.mx\\\/?p=1056\",\"url\":\"https:\\\/\\\/metropolitanonews.mx\\\/?p=1056\",\"name\":\"Roc\u00edo frustr\u00f3 la alianza con el PT en 2025, seg\u00fan amplio reportaje de El Pa\u00eds - Metropolitano News\",\"isPartOf\":{\"@id\":\"https:\\\/\\\/metropolitanonews.mx\\\/#website\"},\"primaryImageOfPage\":{\"@id\":\"https:\\\/\\\/metropolitanonews.mx\\\/?p=1056#primaryimage\"},\"image\":{\"@id\":\"https:\\\/\\\/metropolitanonews.mx\\\/?p=1056#primaryimage\"},\"thumbnailUrl\":\"https:\\\/\\\/metropolitanonews.mx\\\/wp-content\\\/uploads\\\/2026\\\/04\\\/Esteban-Morena.jpg\",\"datePublished\":\"2026-04-27T15:10:30+00:00\",\"dateModified\":\"2026-04-27T15:10:31+00:00\",\"author\":{\"@id\":\"https:\\\/\\\/metropolitanonews.mx\\\/#\\\/schema\\\/person\\\/5e143d068737b9206cdcb60ea7761ffa\"},\"description\":\"Roc\u00edo frustr\u00f3 la alianza con el PT en 2025, seg\u00fan amplio reportaje de El Pa\u00eds\",\"breadcrumb\":{\"@id\":\"https:\\\/\\\/metropolitanonews.mx\\\/?p=1056#breadcrumb\"},\"inLanguage\":\"es\",\"potentialAction\":[{\"@type\":\"ReadAction\",\"target\":[\"https:\\\/\\\/metropolitanonews.mx\\\/?p=1056\"]}]},{\"@type\":\"ImageObject\",\"inLanguage\":\"es\",\"@id\":\"https:\\\/\\\/metropolitanonews.mx\\\/?p=1056#primaryimage\",\"url\":\"https:\\\/\\\/metropolitanonews.mx\\\/wp-content\\\/uploads\\\/2026\\\/04\\\/Esteban-Morena.jpg\",\"contentUrl\":\"https:\\\/\\\/metropolitanonews.mx\\\/wp-content\\\/uploads\\\/2026\\\/04\\\/Esteban-Morena.jpg\",\"width\":619,\"height\":571},{\"@type\":\"BreadcrumbList\",\"@id\":\"https:\\\/\\\/metropolitanonews.mx\\\/?p=1056#breadcrumb\",\"itemListElement\":[{\"@type\":\"ListItem\",\"position\":1,\"name\":\"Portada\",\"item\":\"https:\\\/\\\/metropolitanonews.mx\\\/\"},{\"@type\":\"ListItem\",\"position\":2,\"name\":\"Roc\u00edo frustr\u00f3 la alianza con el PT en 2025, seg\u00fan amplio reportaje de El Pa\u00eds\"}]},{\"@type\":\"WebSite\",\"@id\":\"https:\\\/\\\/metropolitanonews.mx\\\/#website\",\"url\":\"https:\\\/\\\/metropolitanonews.mx\\\/\",\"name\":\"Metropolitano News\",\"description\":\"\",\"potentialAction\":[{\"@type\":\"SearchAction\",\"target\":{\"@type\":\"EntryPoint\",\"urlTemplate\":\"https:\\\/\\\/metropolitanonews.mx\\\/?s={search_term_string}\"},\"query-input\":{\"@type\":\"PropertyValueSpecification\",\"valueRequired\":true,\"valueName\":\"search_term_string\"}}],\"inLanguage\":\"es\"},{\"@type\":\"Person\",\"@id\":\"https:\\\/\\\/metropolitanonews.mx\\\/#\\\/schema\\\/person\\\/5e143d068737b9206cdcb60ea7761ffa\",\"name\":\"Redaccion\",\"image\":{\"@type\":\"ImageObject\",\"inLanguage\":\"es\",\"@id\":\"https:\\\/\\\/secure.gravatar.com\\\/avatar\\\/a121e7ba078b27046b6a11dd9ec39512b64e27b6dca4ff1e7d54167208093ba8?s=96&d=mm&r=ga2145a6ac8df3cd2db9e7e95baa980ec\",\"url\":\"https:\\\/\\\/secure.gravatar.com\\\/avatar\\\/a121e7ba078b27046b6a11dd9ec39512b64e27b6dca4ff1e7d54167208093ba8?s=96&d=mm&r=g\",\"contentUrl\":\"https:\\\/\\\/secure.gravatar.com\\\/avatar\\\/a121e7ba078b27046b6a11dd9ec39512b64e27b6dca4ff1e7d54167208093ba8?s=96&d=mm&r=g\",\"caption\":\"Redaccion\"},\"sameAs\":[\"http:\\\/\\\/metrpolinatonews.mx\"],\"url\":\"https:\\\/\\\/metropolitanonews.mx\\\/?author=12\"}]}<\/script>\n<!-- \/ Yoast SEO plugin. -->","yoast_head_json":{"title":"Roc\u00edo frustr\u00f3 la alianza con el PT en 2025, seg\u00fan amplio reportaje de El Pa\u00eds - Metropolitano News","description":"Roc\u00edo frustr\u00f3 la alianza con el PT en 2025, seg\u00fan amplio reportaje de El Pa\u00eds","robots":{"index":"index","follow":"follow","max-snippet":"max-snippet:-1","max-image-preview":"max-image-preview:large","max-video-preview":"max-video-preview:-1"},"canonical":"https:\/\/metropolitanonews.mx\/?p=1056","og_locale":"es_ES","og_type":"article","og_title":"Roc\u00edo frustr\u00f3 la alianza con el PT en 2025, seg\u00fan amplio reportaje de El Pa\u00eds - Metropolitano News","og_description":"Roc\u00edo frustr\u00f3 la alianza con el PT en 2025, seg\u00fan amplio reportaje de El Pa\u00eds","og_url":"https:\/\/metropolitanonews.mx\/?p=1056","og_site_name":"Metropolitano News","article_published_time":"2026-04-27T15:10:30+00:00","article_modified_time":"2026-04-27T15:10:31+00:00","og_image":[{"width":619,"height":571,"url":"https:\/\/metropolitanonews.mx\/wp-content\/uploads\/2026\/04\/Esteban-Morena.jpg","type":"image\/jpeg"}],"author":"Redaccion","twitter_card":"summary_large_image","twitter_misc":{"Escrito por":"Redaccion","Tiempo de lectura":"7 minutos"},"schema":{"@context":"https:\/\/schema.org","@graph":[{"@type":"Article","@id":"https:\/\/metropolitanonews.mx\/?p=1056#article","isPartOf":{"@id":"https:\/\/metropolitanonews.mx\/?p=1056"},"author":{"name":"Redaccion","@id":"https:\/\/metropolitanonews.mx\/#\/schema\/person\/5e143d068737b9206cdcb60ea7761ffa"},"headline":"Roc\u00edo frustr\u00f3 la alianza con el PT en 2025, seg\u00fan amplio reportaje de El Pa\u00eds","datePublished":"2026-04-27T15:10:30+00:00","dateModified":"2026-04-27T15:10:31+00:00","mainEntityOfPage":{"@id":"https:\/\/metropolitanonews.mx\/?p=1056"},"wordCount":1416,"commentCount":0,"image":{"@id":"https:\/\/metropolitanonews.mx\/?p=1056#primaryimage"},"thumbnailUrl":"https:\/\/metropolitanonews.mx\/wp-content\/uploads\/2026\/04\/Esteban-Morena.jpg","keywords":["Arturo Reyes Isidoro","Veracruz"],"articleSection":["Columnas","Prosa Aprisa"],"inLanguage":"es","potentialAction":[{"@type":"CommentAction","name":"Comment","target":["https:\/\/metropolitanonews.mx\/?p=1056#respond"]}]},{"@type":"WebPage","@id":"https:\/\/metropolitanonews.mx\/?p=1056","url":"https:\/\/metropolitanonews.mx\/?p=1056","name":"Roc\u00edo frustr\u00f3 la alianza con el PT en 2025, seg\u00fan amplio reportaje de El Pa\u00eds - Metropolitano News","isPartOf":{"@id":"https:\/\/metropolitanonews.mx\/#website"},"primaryImageOfPage":{"@id":"https:\/\/metropolitanonews.mx\/?p=1056#primaryimage"},"image":{"@id":"https:\/\/metropolitanonews.mx\/?p=1056#primaryimage"},"thumbnailUrl":"https:\/\/metropolitanonews.mx\/wp-content\/uploads\/2026\/04\/Esteban-Morena.jpg","datePublished":"2026-04-27T15:10:30+00:00","dateModified":"2026-04-27T15:10:31+00:00","author":{"@id":"https:\/\/metropolitanonews.mx\/#\/schema\/person\/5e143d068737b9206cdcb60ea7761ffa"},"description":"Roc\u00edo frustr\u00f3 la alianza con el PT en 2025, seg\u00fan amplio reportaje de El Pa\u00eds","breadcrumb":{"@id":"https:\/\/metropolitanonews.mx\/?p=1056#breadcrumb"},"inLanguage":"es","potentialAction":[{"@type":"ReadAction","target":["https:\/\/metropolitanonews.mx\/?p=1056"]}]},{"@type":"ImageObject","inLanguage":"es","@id":"https:\/\/metropolitanonews.mx\/?p=1056#primaryimage","url":"https:\/\/metropolitanonews.mx\/wp-content\/uploads\/2026\/04\/Esteban-Morena.jpg","contentUrl":"https:\/\/metropolitanonews.mx\/wp-content\/uploads\/2026\/04\/Esteban-Morena.jpg","width":619,"height":571},{"@type":"BreadcrumbList","@id":"https:\/\/metropolitanonews.mx\/?p=1056#breadcrumb","itemListElement":[{"@type":"ListItem","position":1,"name":"Portada","item":"https:\/\/metropolitanonews.mx\/"},{"@type":"ListItem","position":2,"name":"Roc\u00edo frustr\u00f3 la alianza con el PT en 2025, seg\u00fan amplio reportaje de El Pa\u00eds"}]},{"@type":"WebSite","@id":"https:\/\/metropolitanonews.mx\/#website","url":"https:\/\/metropolitanonews.mx\/","name":"Metropolitano News","description":"","potentialAction":[{"@type":"SearchAction","target":{"@type":"EntryPoint","urlTemplate":"https:\/\/metropolitanonews.mx\/?s={search_term_string}"},"query-input":{"@type":"PropertyValueSpecification","valueRequired":true,"valueName":"search_term_string"}}],"inLanguage":"es"},{"@type":"Person","@id":"https:\/\/metropolitanonews.mx\/#\/schema\/person\/5e143d068737b9206cdcb60ea7761ffa","name":"Redaccion","image":{"@type":"ImageObject","inLanguage":"es","@id":"https:\/\/secure.gravatar.com\/avatar\/a121e7ba078b27046b6a11dd9ec39512b64e27b6dca4ff1e7d54167208093ba8?s=96&d=mm&r=ga2145a6ac8df3cd2db9e7e95baa980ec","url":"https:\/\/secure.gravatar.com\/avatar\/a121e7ba078b27046b6a11dd9ec39512b64e27b6dca4ff1e7d54167208093ba8?s=96&d=mm&r=g","contentUrl":"https:\/\/secure.gravatar.com\/avatar\/a121e7ba078b27046b6a11dd9ec39512b64e27b6dca4ff1e7d54167208093ba8?s=96&d=mm&r=g","caption":"Redaccion"},"sameAs":["http:\/\/metrpolinatonews.mx"],"url":"https:\/\/metropolitanonews.mx\/?author=12"}]}},"jetpack_featured_media_url":"","jetpack_sharing_enabled":true,"authors":[{"term_id":72,"user_id":12,"is_guest":0,"slug":"redaccion","display_name":"Redaccion","avatar_url":"https:\/\/secure.gravatar.com\/avatar\/a121e7ba078b27046b6a11dd9ec39512b64e27b6dca4ff1e7d54167208093ba8?s=96&d=mm&r=g","0":null,"1":"","2":"","3":"","4":"","5":"","6":"","7":"","8":""}],"_links":{"self":[{"href":"https:\/\/metropolitanonews.mx\/index.php?rest_route=\/wp\/v2\/posts\/1056","targetHints":{"allow":["GET"]}}],"collection":[{"href":"https:\/\/metropolitanonews.mx\/index.php?rest_route=\/wp\/v2\/posts"}],"about":[{"href":"https:\/\/metropolitanonews.mx\/index.php?rest_route=\/wp\/v2\/types\/post"}],"author":[{"embeddable":true,"href":"https:\/\/metropolitanonews.mx\/index.php?rest_route=\/wp\/v2\/users\/12"}],"replies":[{"embeddable":true,"href":"https:\/\/metropolitanonews.mx\/index.php?rest_route=%2Fwp%2Fv2%2Fcomments&post=1056"}],"version-history":[{"count":1,"href":"https:\/\/metropolitanonews.mx\/index.php?rest_route=\/wp\/v2\/posts\/1056\/revisions"}],"predecessor-version":[{"id":1058,"href":"https:\/\/metropolitanonews.mx\/index.php?rest_route=\/wp\/v2\/posts\/1056\/revisions\/1058"}],"wp:attachment":[{"href":"https:\/\/metropolitanonews.mx\/index.php?rest_route=%2Fwp%2Fv2%2Fmedia&parent=1056"}],"wp:term":[{"taxonomy":"category","embeddable":true,"href":"https:\/\/metropolitanonews.mx\/index.php?rest_route=%2Fwp%2Fv2%2Fcategories&post=1056"},{"taxonomy":"post_tag","embeddable":true,"href":"https:\/\/metropolitanonews.mx\/index.php?rest_route=%2Fwp%2Fv2%2Ftags&post=1056"},{"taxonomy":"author","embeddable":true,"href":"https:\/\/metropolitanonews.mx\/index.php?rest_route=%2Fwp%2Fv2%2Fppma_author&post=1056"}],"curies":[{"name":"wp","href":"https:\/\/api.w.org\/{rel}","templated":true}]}}